{"id":12254,"date":"2018-07-26T21:51:17","date_gmt":"2018-07-26T21:51:17","guid":{"rendered":"http:\/\/10.100.150.221\/?p=12254"},"modified":"2018-11-27T13:17:23","modified_gmt":"2018-11-27T13:17:23","slug":"sma-formula-cargos-a-gnl-quintero","status":"publish","type":"post","link":"https:\/\/portal.sma.gob.cl\/index.php\/sma-formula-cargos-a-gnl-quintero\/","title":{"rendered":"SMA formula cargos a GNL Quintero"},"content":{"rendered":"<p>La Estaci\u00f3n de Monitoreo de Calidad del Aire \u201cCentro Quintero\u201d present\u00f3 fallas operacionales entre los d\u00edas 1 al 22 de agosto, fechas previas a la alerta ambiental ocurrida en la zona. Cabe recordar, que dicha estaci\u00f3n de calidad del aire es la \u00fanica que, ubic\u00e1ndose en un sector urbano-residencial, mide metano, hidrocarburos no met\u00e1nicos e hidrocarburos totales.<\/p>\n<p>Santiago, 10 de octubre de 2018.- En el contexto de la crisis ambiental de la zona de Quintero y Puchuncav\u00ed, la Superintendencia del Medio Ambiente (SMA) ha formulado cargos a la empresa GNL Quintero S.A. debido al incumplimiento de condiciones, normas y medidas establecidas en la Resoluci\u00f3n de Calificaci\u00f3n Ambiental (RCA) N\u00b0323\/2005.<\/p>\n<p>Seis inspecciones ambientales se realizaron al interior de las instalaciones de GNL Quintero, en el marco de las decenas de fiscalizaciones realizadas por la SMA en la zona, desde el 21 de agosto al 30 de septiembre. En el caso GNL Quintero, se efectuaron fiscalizaciones con fechas 27 y 28 de agosto, y los d\u00edas 04, 11, 15 y 20 de septiembre del presente a\u00f1o.<\/p>\n<p>Entre las m\u00faltiples inspecciones realizadas a la empresa, los fiscalizadores de la SMA revisaron los instrumentos que se encontraban monitoreando la calidad del aire en la Estaci\u00f3n de Monitoreo \u201cCentro Quintero\u201d, constatando problemas, espec\u00edficamente, en el equipo que med\u00eda hidrocarburos totales.<\/p>\n<p>En efecto, fue posible determinar que desde el d\u00eda 1 de agosto en adelante el equipo Thermo Modelo 55C, encargado de la medici\u00f3n de hidrocarburos totales e hidrocarburos met\u00e1nicos y no met\u00e1nicos, comenz\u00f3 a presentar fallas que se tradujeron en el registro de datos no confiables para estos gases. Frente a esto, la empresa no tom\u00f3 las acciones correctivas inmediatas que hubiesen permitido un registro confiable de las concentraciones de hidrocarburos en el aire.<\/p>\n<p>La incertidumbre con respecto a la confiabilidad de los datos se mantiene hasta el 16 de agosto, pues a partir del 17 y hasta el 22 de agosto, simplemente no hay datos dado que todos ellos fueron invalidados por no ser representativos. El d\u00eda 21 de agosto el equipo fue retirado de la estaci\u00f3n y reemplazado por uno nuevo que empez\u00f3 a operar a partir del 22 de agosto alrededor de las 20 horas.<\/p>\n<p>Adicionalmente, se detectaron diferencias entre los datos registrados por el equipo de medici\u00f3n propiamente tal y su datalogger (software de procesamiento) que en algunos casos resultaron significativos para elementos como hidrocarburos no met\u00e1nicos, SO2 y O3.<\/p>\n<p>Como consecuencia de lo anterior, la SMA formul\u00f3 cargos a la empresa por el mal funcionamiento, funcionamiento discontinuo y no funcionamiento del equipo de medici\u00f3n de hidrocarburos de la estaci\u00f3n Centro Quintero. Esta infracci\u00f3n fue calificada como grav\u00edsima.<\/p>\n<p>Por \u00faltimo, se formularon dos cargos tambi\u00e9n a GNL Quintero por no reportar sus monitoreos de descarga de residuos industriales l\u00edquidos (riles) para los par\u00e1metros pH, sulfuros, zinc y ars\u00e9nico durante ciertos per\u00edodos de los a\u00f1os 2017 y 2018. Estos cargos fueron calificados como leves.<\/p>\n<p>Tras la notificaci\u00f3n de esta formulaci\u00f3n de cargos, GNL Quintero S.A. tendr\u00e1 un plazo de 10 d\u00edas h\u00e1biles para presentar un Programa de Cumplimiento y de 15 d\u00edas h\u00e1biles para formular sus descargos.<\/p>\n<p>Para mayor detalle, acceder a la formulaci\u00f3n de cargos en el Sistema Nacional de Informaci\u00f3n de Fiscalizaci\u00f3n Ambiental (SNIFA):<\/p>\n<p><a href=\"http:\/\/snifa.sma.gob.cl\/v2\/Sancionatorio\/Ficha\/1795\" target=\"_blank\" rel=\"noopener\">http:\/\/snifa.sma.gob.cl\/v2\/Sancionatorio\/Ficha\/1795<\/a><\/p>\n","protected":false},"excerpt":{"rendered":"<p>La Estaci\u00f3n de Monitoreo de Calidad del Aire \u201cCentro Quintero\u201d present\u00f3 fallas operacionales entre los d\u00edas 1 al 22 de agosto, fechas previas a la alerta ambiental ocurrida en la zona. Cabe recordar, que dicha estaci\u00f3n de calidad del aire es la \u00fanica que, ubic\u00e1ndose en un sector urbano-residencial, mide metano, hidrocarburos no met\u00e1nicos e hidrocarburos <a href=\"https:\/\/portal.sma.gob.cl\/index.php\/sma-formula-cargos-a-gnl-quintero\/\">Leer m\u00e1s<\/a><\/p>\n","protected":false},"author":2,"featured_media":13528,"comment_status":"open","ping_status":"open","sticky":false,"template":"","format":"standard","meta":{"footnotes":""},"categories":[1],"tags":[11],"class_list":["post-12254","post","type-post","status-publish","format-standard","has-post-thumbnail","hentry","category-sin-categoria","tag-video"],"_links":{"self":[{"href":"https:\/\/portal.sma.gob.cl\/index.php\/wp-json\/wp\/v2\/posts\/12254","targetHints":{"allow":["GET"]}}],"collection":[{"href":"https:\/\/portal.sma.gob.cl\/index.php\/wp-json\/wp\/v2\/posts"}],"about":[{"href":"https:\/\/portal.sma.gob.cl\/index.php\/wp-json\/wp\/v2\/types\/post"}],"author":[{"embeddable":true,"href":"https:\/\/portal.sma.gob.cl\/index.php\/wp-json\/wp\/v2\/users\/2"}],"replies":[{"embeddable":true,"href":"https:\/\/portal.sma.gob.cl\/index.php\/wp-json\/wp\/v2\/comments?post=12254"}],"version-history":[{"count":3,"href":"https:\/\/portal.sma.gob.cl\/index.php\/wp-json\/wp\/v2\/posts\/12254\/revisions"}],"predecessor-version":[{"id":14812,"href":"https:\/\/portal.sma.gob.cl\/index.php\/wp-json\/wp\/v2\/posts\/12254\/revisions\/14812"}],"wp:featuredmedia":[{"embeddable":true,"href":"https:\/\/portal.sma.gob.cl\/index.php\/wp-json\/wp\/v2\/media\/13528"}],"wp:attachment":[{"href":"https:\/\/portal.sma.gob.cl\/index.php\/wp-json\/wp\/v2\/media?parent=12254"}],"wp:term":[{"taxonomy":"category","embeddable":true,"href":"https:\/\/portal.sma.gob.cl\/index.php\/wp-json\/wp\/v2\/categories?post=12254"},{"taxonomy":"post_tag","embeddable":true,"href":"https:\/\/portal.sma.gob.cl\/index.php\/wp-json\/wp\/v2\/tags?post=12254"}],"curies":[{"name":"wp","href":"https:\/\/api.w.org\/{rel}","templated":true}]}}