{"id":15464,"date":"2012-06-01T15:56:09","date_gmt":"2012-06-01T15:56:09","guid":{"rendered":"https:\/\/portal.sma.gob.cl\/index.php\/2012\/06\/01\/juan-carlos-monckeberg-asume-como-superintendente-del-medio-ambiente\/"},"modified":"2012-06-01T15:56:09","modified_gmt":"2012-06-01T15:56:09","slug":"juan-carlos-monckeberg-asume-como-superintendente-del-medio-ambiente","status":"publish","type":"post","link":"https:\/\/portal.sma.gob.cl\/index.php\/juan-carlos-monckeberg-asume-como-superintendente-del-medio-ambiente\/","title":{"rendered":"Juan Carlos Monckeberg asume como Superintendente del Medio Ambiente"},"content":{"rendered":"<p><img decoding=\"async\" class=\"size-auto size-full wp-image-15463\" style=\"margin: 10px auto; display: block;\" src=\"https:\/\/portal.sma.gob.cl\/wp-content\/uploads\/2012\/06\/jcm-asume.jpg\" alt=\"jcm asume\" width=\"680\" height=\"300\" srcset=\"https:\/\/portal.sma.gob.cl\/wp-content\/uploads\/2012\/06\/jcm-asume-200x88.jpg 200w, https:\/\/portal.sma.gob.cl\/wp-content\/uploads\/2012\/06\/jcm-asume-300x132.jpg 300w, https:\/\/portal.sma.gob.cl\/wp-content\/uploads\/2012\/06\/jcm-asume-400x176.jpg 400w, https:\/\/portal.sma.gob.cl\/wp-content\/uploads\/2012\/06\/jcm-asume-600x265.jpg 600w, https:\/\/portal.sma.gob.cl\/wp-content\/uploads\/2012\/06\/jcm-asume.jpg 680w\" sizes=\"(max-width: 680px) 100vw, 680px\" \/><\/p>\n<p style=\"text-align: center;\"><strong>&nbsp;Es ge\u00f3grafo de la Universidad Cat\u00f3lica de Chile y egresado de Magister en Derecho Ambiental<\/strong><\/p>\n<p>  <!--more-->  <\/p>\n<p style=\"text-align: justify;\">&nbsp;<\/p>\n<p style=\"text-align: justify;\"><span style=\"font-family: Verdana, sans-serif;\"><strong>Santiago, 01 de junio de 2012.-<\/strong> Hoy asumi\u00f3 como Superintendente del Medio Ambiente (S), Juan Carlos Monckeberg Fern\u00e1ndez, en reemplazo de Jaime Lira Correa. Monckeberg es ge\u00f3grafo de la Universidad Cat\u00f3lica de Chile y egresado de Magister en Derecho Ambiental, Universidad de Chile. <\/p>\n<p>Antes de asumir como Superintendente (S), se desempe\u00f1\u00f3 como Jefe de Evaluaci\u00f3n Ambiental y Participaci\u00f3n Ciudadana del Servicio de Evaluaci\u00f3n Ambiental (SEA) en la Direcci\u00f3n Ejecutiva. Anteriormente trabaj\u00f3 en Pacific Hydro como analista senior de Medio Ambiente y en Jaime Illanes y Asociados Consultores S.A. Adem\u00e1s, particip\u00f3 en el Programa Servicio Pa\u00eds de la Fundaci\u00f3n Superaci\u00f3n de la Pobreza. <\/p>\n<p>Actualmente es docente del Mag\u00edster en Medio Ambiente: Gesti\u00f3n, Evaluaci\u00f3n y Derecho Ambiental de la Universidad Finis Terrae. Dentro de sus funciones como Superintendente del Medio Ambiente est\u00e1n planificar, organizar, dirigir, coordinar y controlar el funcionamiento de la instituci\u00f3n.<\/p>\n<p>Asimismo, debe dictar instrucciones y aplicar las sanciones que correspondan ante incumplimientos de Resoluciones de Calificaci\u00f3n Ambiental, entre otras. El nombramiento definitivo del Superintendente deber\u00e1 ser sometido al Sistema de Alta Direcci\u00f3n P\u00fablica.<\/span><\/p>\n<p>&nbsp;<\/p>\n","protected":false},"excerpt":{"rendered":"<p>&nbsp;Es ge\u00f3grafo de la Universidad Cat\u00f3lica de Chile y egresado de Magister en Derecho Ambiental<\/p>\n","protected":false},"author":3,"featured_media":15463,"comment_status":"open","ping_status":"open","sticky":false,"template":"","format":"standard","meta":{"footnotes":""},"categories":[90],"tags":[],"class_list":["post-15464","post","type-post","status-publish","format-standard","has-post-thumbnail","hentry","category-comunicados-noticias"],"_links":{"self":[{"href":"https:\/\/portal.sma.gob.cl\/index.php\/wp-json\/wp\/v2\/posts\/15464","targetHints":{"allow":["GET"]}}],"collection":[{"href":"https:\/\/portal.sma.gob.cl\/index.php\/wp-json\/wp\/v2\/posts"}],"about":[{"href":"https:\/\/portal.sma.gob.cl\/index.php\/wp-json\/wp\/v2\/types\/post"}],"author":[{"embeddable":true,"href":"https:\/\/portal.sma.gob.cl\/index.php\/wp-json\/wp\/v2\/users\/3"}],"replies":[{"embeddable":true,"href":"https:\/\/portal.sma.gob.cl\/index.php\/wp-json\/wp\/v2\/comments?post=15464"}],"version-history":[{"count":0,"href":"https:\/\/portal.sma.gob.cl\/index.php\/wp-json\/wp\/v2\/posts\/15464\/revisions"}],"wp:featuredmedia":[{"embeddable":true,"href":"https:\/\/portal.sma.gob.cl\/index.php\/wp-json\/wp\/v2\/media\/15463"}],"wp:attachment":[{"href":"https:\/\/portal.sma.gob.cl\/index.php\/wp-json\/wp\/v2\/media?parent=15464"}],"wp:term":[{"taxonomy":"category","embeddable":true,"href":"https:\/\/portal.sma.gob.cl\/index.php\/wp-json\/wp\/v2\/categories?post=15464"},{"taxonomy":"post_tag","embeddable":true,"href":"https:\/\/portal.sma.gob.cl\/index.php\/wp-json\/wp\/v2\/tags?post=15464"}],"curies":[{"name":"wp","href":"https:\/\/api.w.org\/{rel}","templated":true}]}}