{"id":15481,"date":"2012-07-17T20:43:32","date_gmt":"2012-07-17T20:43:32","guid":{"rendered":"https:\/\/portal.sma.gob.cl\/index.php\/2012\/07\/17\/actas-del-consejo-de-la-sociedad-civil\/"},"modified":"2012-07-17T20:43:32","modified_gmt":"2012-07-17T20:43:32","slug":"actas-del-consejo-de-la-sociedad-civil","status":"publish","type":"post","link":"https:\/\/portal.sma.gob.cl\/index.php\/actas-del-consejo-de-la-sociedad-civil\/","title":{"rendered":"Consejo de la Sociedad Civil"},"content":{"rendered":"<p style=\"text-align: justify;\">En el marco de la Ley 20.500, Sobre Asociaciones y Participaci\u00f3n Ciudadana en la Gesti\u00f3n P\u00fablica, la Superintendencia del Medio Ambiente (SMA) constituy\u00f3 en marzo de 2014 el Segundo Consejo de la Sociedad Civil de la Instituci\u00f3n para el per\u00edodo 2014-2016.<\/p>\n<p style=\"text-align: justify;\">Dicho Consejo &nbsp;tiene un car\u00e1cter consultivo, representativo, plural y diverso. Tambi\u00e9n participa en los procesos de consulta de los planes, programas o pol\u00edticas en materia de seguimiento y fiscalizaci\u00f3n ambiental que la instituci\u00f3n estime pertinente.<\/p>\n<p style=\"text-align: justify;\">El Reglamento que regula el funcionamiento del Consejo de la Sociedad Civil y sus miembros, se encuentra disponible en los siguientes documentos:&nbsp;<\/p>\n<p style=\"text-align: justify;\"><a class=\"doclink\" style=\"font-size: 12.16px; line-height: 1.3em;\" href=\"index.php?option=com_docman&amp;task=doc_download&amp;gid=223&amp;Itemid=280\"><img decoding=\"async\" class=\" size-full wp-image-15480\" src=\"https:\/\/portal.sma.gob.cl\/wp-content\/uploads\/2012\/07\/pdf.png\" alt=\"icon\" border=\"0\" width=\"16\" height=\"16\" \/>&nbsp;RESOLUCI\u00d3N N\u00b0 1360 REGLAMENTO CONSEJO SOCIEDAD CIVIL<\/a><\/p>\n<p style=\"text-align: justify;\">Las resoluciones que designan a los consejeros, cada vez que debe renovarse el grupo, se encuentran disponibles en los siguientes documentos:<\/p>\n<p style=\"text-align: justify;\"><a class=\"doclink\" href=\"index.php?option=com_docman&amp;task=doc_download&amp;gid=441&amp;Itemid=280\"><img decoding=\"async\" class=\" size-full wp-image-15480\" src=\"https:\/\/portal.sma.gob.cl\/wp-content\/uploads\/2012\/07\/pdf.png\" alt=\"icon\" border=\"0\" width=\"16\" height=\"16\" \/>&nbsp;R.E. 460 SMA<\/a><\/p>\n<p style=\"text-align: justify;\"><a class=\"doclink\" href=\"index.php?option=com_docman&amp;task=doc_download&amp;gid=442&amp;Itemid=280\"><img decoding=\"async\" class=\" size-full wp-image-15480\" src=\"https:\/\/portal.sma.gob.cl\/wp-content\/uploads\/2012\/07\/pdf.png\" alt=\"icon\" border=\"0\" width=\"16\" height=\"16\" \/>&nbsp;R.E. 259 SMA<\/a>&nbsp;<\/p>\n<hr \/>\n<p style=\"text-align: justify;\">El Consejo lo integran 10 representantes de diversos \u00e1mbitos, quienes sesionan, al menos, dos veces al a\u00f1o.<\/p>\n<p style=\"text-align: justify;\">El Consejo est\u00e1 compuesto por:<\/p>\n<p style=\"text-align: justify;\"><strong>Superintendencia del Medio Ambiente<\/strong><\/p>\n<ul>\n<li style=\"text-align: justify;\">Cristi\u00e1n Franz Thorud, Superintendente del Medio Ambiente.<\/li>\n<li style=\"text-align: justify;\">Mirella Mar\u00edn, Jefa de la Unidad de Atenci\u00f3n Ciudadana y Transparencia<\/li>\n<\/ul>\n<p style=\"text-align: justify; margin-left: 30px;\">&nbsp;<\/p>\n<p style=\"text-align: justify;\"><strong>Organizaciones no gubernamentales que tengan entre sus fines la protecci\u00f3n del medio ambiente<\/strong><\/p>\n<ul style=\"list-style-type: disc;\">\n<li>Mar\u00eda Francisca Bardi, Fundaci\u00f3n Kennedy, Titular. (Suplente: Peter Kennedy).<\/li>\n<li>Ezio Costa, Fiscal\u00eda del Medio Ambiente. Titular (Suplente: Diego Lillo).<\/li>\n<\/ul>\n<p style=\"text-align: justify;\"><strong>Asociaciones gremiales<\/strong><\/p>\n<ul>\n<li>Jaime Esp\u00ednola, Generadoras de Chile. Titular. (Suplente: Jorge G\u00f3mez).<\/li>\n<li>Keyla Majluf, Industriales Pesqueros y Cultivos Marinos. (Suplente: Fernando Uribe)<\/li>\n<\/ul>\n<p><strong>Representantes de facultades o escuelas de Derecho de instituciones de educaci\u00f3n superior, que estudien o se ocupen de materias de Derecho Ambiental y\/o Derecho Administrativo<\/strong><\/p>\n<ul>\n<li>Sergio Montenegro, Centro de Derecho Ambiental de la Universidad de Chile. Titular. (Suplente: Pilar Moraga)<\/li>\n<li>Camila Boettiger, Universidad del Desarrollo. Titular. (Suplente: Felipe Leiva).&nbsp;<\/li>\n<\/ul>\n<p><strong>Representantes de Colegios Profesionales, cuyas profesiones tengan relaci\u00f3n con la protecci\u00f3n del medio ambiente<\/strong><\/p>\n<ul>\n<li>Alejandra \u00c1vila, Colegio de Ge\u00f3logos de Chile A.G., titular. (Suplente: Joseline Tapia).<\/li>\n<li>Julio Monreal, Colegio de Ingenieros de Chile A.G., titular. (Suplente: Marta Salazar).<\/li>\n<\/ul>\n<p>&nbsp;<\/p>\n<p style=\"text-align: justify;\"><strong>Representantes de los trabajadores\/as nombrados por una organizaci\u00f3n sindical del pa\u00eds:<\/strong><\/p>\n<ul>\n<li style=\"text-align: justify;\">Ana Mar\u00eda Mu\u00f1oz, Central Unitaria de Trabajadores (CUT). Titular. (Suplente: Alex Sol\u00eds)<\/li>\n<li style=\"text-align: justify;\">Laura San Mart\u00edn,&nbsp;Central Unitaria de Trabajadores (CUT), Titular. (Suplente: Valent\u00edn Vega).&nbsp;<\/li>\n<\/ul>\n<p style=\"text-align: justify;\">&nbsp;<\/p>\n<p style=\"text-align: justify;\"><strong>Centros acad\u00e9micos que se ocupen de materias vinculadas a la protecci\u00f3n del medio ambiente<\/strong><\/p>\n<ul>\n<li style=\"text-align: justify;\">Andr\u00e9s Hernando, Centro de Estudios P\u00fablicos. (Suplente: Javier Gallegos).<\/li>\n<li style=\"text-align: justify;\">Vacante.<\/li>\n<\/ul>\n<p style=\"text-align: justify;\">&nbsp;<\/p>\n<p style=\"text-align: justify;\">&nbsp;<strong style=\"line-height: 1.3em;\">ACTAS DE LAS SESIONES REALIZADAS DEL CONSEJO DE LA SOCIEDAD CIVIL<\/strong><\/p>\n<ul>\n<li style=\"text-align: justify;\">Informaci\u00f3n disponible en la <a href=\"transparencia\/actasconsejoscivil.html\">web de Transparencia<\/a><\/li>\n<\/ul>\n","protected":false},"excerpt":{"rendered":"<p>En el marco de la Ley 20.500, Sobre Asociaciones y Participaci\u00f3n Ciudadana en la Gesti\u00f3n P\u00fablica, la Superintendencia del Medio Ambiente (SMA) constituy\u00f3 en marzo de 2014 el Segundo Consejo de la Sociedad Civil de la Instituci\u00f3n para el per\u00edodo 2014-2016. Dicho Consejo &nbsp;tiene un car\u00e1cter consultivo, representativo, plural y diverso. Tambi\u00e9n participa en los procesos <a href=\"https:\/\/portal.sma.gob.cl\/index.php\/actas-del-consejo-de-la-sociedad-civil\/\">Leer m\u00e1s<\/a><\/p>\n","protected":false},"author":3,"featured_media":15480,"comment_status":"open","ping_status":"open","sticky":false,"template":"","format":"standard","meta":{"footnotes":""},"categories":[1],"tags":[],"class_list":["post-15481","post","type-post","status-publish","format-standard","has-post-thumbnail","hentry","category-sin-categoria"],"_links":{"self":[{"href":"https:\/\/portal.sma.gob.cl\/index.php\/wp-json\/wp\/v2\/posts\/15481","targetHints":{"allow":["GET"]}}],"collection":[{"href":"https:\/\/portal.sma.gob.cl\/index.php\/wp-json\/wp\/v2\/posts"}],"about":[{"href":"https:\/\/portal.sma.gob.cl\/index.php\/wp-json\/wp\/v2\/types\/post"}],"author":[{"embeddable":true,"href":"https:\/\/portal.sma.gob.cl\/index.php\/wp-json\/wp\/v2\/users\/3"}],"replies":[{"embeddable":true,"href":"https:\/\/portal.sma.gob.cl\/index.php\/wp-json\/wp\/v2\/comments?post=15481"}],"version-history":[{"count":0,"href":"https:\/\/portal.sma.gob.cl\/index.php\/wp-json\/wp\/v2\/posts\/15481\/revisions"}],"wp:featuredmedia":[{"embeddable":true,"href":"https:\/\/portal.sma.gob.cl\/index.php\/wp-json\/wp\/v2\/media\/15480"}],"wp:attachment":[{"href":"https:\/\/portal.sma.gob.cl\/index.php\/wp-json\/wp\/v2\/media?parent=15481"}],"wp:term":[{"taxonomy":"category","embeddable":true,"href":"https:\/\/portal.sma.gob.cl\/index.php\/wp-json\/wp\/v2\/categories?post=15481"},{"taxonomy":"post_tag","embeddable":true,"href":"https:\/\/portal.sma.gob.cl\/index.php\/wp-json\/wp\/v2\/tags?post=15481"}],"curies":[{"name":"wp","href":"https:\/\/api.w.org\/{rel}","templated":true}]}}