{"id":15596,"date":"2013-04-16T19:54:27","date_gmt":"2013-04-16T19:54:27","guid":{"rendered":"https:\/\/portal.sma.gob.cl\/index.php\/2013\/04\/16\/sma-convoca-al-consejo-de-la-sociedad-civil\/"},"modified":"2013-04-16T19:54:27","modified_gmt":"2013-04-16T19:54:27","slug":"sma-convoca-al-consejo-de-la-sociedad-civil","status":"publish","type":"post","link":"https:\/\/portal.sma.gob.cl\/index.php\/sma-convoca-al-consejo-de-la-sociedad-civil\/","title":{"rendered":"SMA convoca al Consejo de la Sociedad Civil"},"content":{"rendered":"<p><img decoding=\"async\" class=\"size-auto size-full wp-image-15595\" style=\"line-height: 1.3em; display: block; margin-left: auto; margin-right: auto;\" src=\"https:\/\/portal.sma.gob.cl\/wp-content\/uploads\/2013\/04\/Super_en_el_consejo.jpg\" alt=\"\" width=\"680\" height=\"300\" srcset=\"https:\/\/portal.sma.gob.cl\/wp-content\/uploads\/2013\/04\/Super_en_el_consejo-200x88.jpg 200w, https:\/\/portal.sma.gob.cl\/wp-content\/uploads\/2013\/04\/Super_en_el_consejo-300x132.jpg 300w, https:\/\/portal.sma.gob.cl\/wp-content\/uploads\/2013\/04\/Super_en_el_consejo-400x176.jpg 400w, https:\/\/portal.sma.gob.cl\/wp-content\/uploads\/2013\/04\/Super_en_el_consejo-600x265.jpg 600w, https:\/\/portal.sma.gob.cl\/wp-content\/uploads\/2013\/04\/Super_en_el_consejo.jpg 680w\" sizes=\"(max-width: 680px) 100vw, 680px\" \/><\/p>\n<p style=\"text-align: justify;\"><strong>La instancia forma parte de los mecanismos de Participaci\u00f3n Ciudadana de la Superintendencia.<\/strong><\/p>\n<p>  <!--more-->  <\/p>\n<p style=\"text-align: justify;\"><strong>Santiago, 16 de abril de 2013.-<\/strong> La Superintendencia del Medio ambiente&nbsp; (SMA) realizar\u00e1 la reuni\u00f3n del Consejo de la Sociedad Civil correspondiente al mes de abril. La sesi\u00f3n se efectuar\u00e1 el 26 de abril a las 11.00 horas en las oficinas de la Superintendencia, ubicadas en Miraflores 178 piso 7.<\/p>\n<p>En la oportunidad expondr\u00e1 el jefe de la Unidad de Gesti\u00f3n de la Divisi\u00f3n de Fiscalizaci\u00f3n, Iv\u00e1n Honorato, sobre \u201cla fiscalizaci\u00f3n durante los primeros meses de la entrada en funcionamiento de la SMA\u201d.<\/p>\n<p>El Consejo est\u00e1&nbsp; presidido por Dominique Herv\u00e9, directora del Programa de Derecho y Pol\u00edtica Ambiental de la Universidad Diego Portales. El Superintendente (S) del Medio Ambiente, Juan Carlos Monckeberg, tiene el rol de Secretario Ejecutivo de la instancia.<\/p>\n","protected":false},"excerpt":{"rendered":"<p>La instancia forma parte de los mecanismos de Participaci\u00f3n Ciudadana de la Superintendencia.<\/p>\n","protected":false},"author":3,"featured_media":15595,"comment_status":"open","ping_status":"open","sticky":false,"template":"","format":"standard","meta":{"footnotes":""},"categories":[94],"tags":[],"class_list":["post-15596","post","type-post","status-publish","format-standard","has-post-thumbnail","hentry","category-notas-noticias"],"_links":{"self":[{"href":"https:\/\/portal.sma.gob.cl\/index.php\/wp-json\/wp\/v2\/posts\/15596","targetHints":{"allow":["GET"]}}],"collection":[{"href":"https:\/\/portal.sma.gob.cl\/index.php\/wp-json\/wp\/v2\/posts"}],"about":[{"href":"https:\/\/portal.sma.gob.cl\/index.php\/wp-json\/wp\/v2\/types\/post"}],"author":[{"embeddable":true,"href":"https:\/\/portal.sma.gob.cl\/index.php\/wp-json\/wp\/v2\/users\/3"}],"replies":[{"embeddable":true,"href":"https:\/\/portal.sma.gob.cl\/index.php\/wp-json\/wp\/v2\/comments?post=15596"}],"version-history":[{"count":0,"href":"https:\/\/portal.sma.gob.cl\/index.php\/wp-json\/wp\/v2\/posts\/15596\/revisions"}],"wp:featuredmedia":[{"embeddable":true,"href":"https:\/\/portal.sma.gob.cl\/index.php\/wp-json\/wp\/v2\/media\/15595"}],"wp:attachment":[{"href":"https:\/\/portal.sma.gob.cl\/index.php\/wp-json\/wp\/v2\/media?parent=15596"}],"wp:term":[{"taxonomy":"category","embeddable":true,"href":"https:\/\/portal.sma.gob.cl\/index.php\/wp-json\/wp\/v2\/categories?post=15596"},{"taxonomy":"post_tag","embeddable":true,"href":"https:\/\/portal.sma.gob.cl\/index.php\/wp-json\/wp\/v2\/tags?post=15596"}],"curies":[{"name":"wp","href":"https:\/\/api.w.org\/{rel}","templated":true}]}}