{"id":15605,"date":"2013-05-02T19:57:12","date_gmt":"2013-05-02T19:57:12","guid":{"rendered":"https:\/\/portal.sma.gob.cl\/index.php\/2013\/05\/02\/sma-entrega-resultados-de-cuenta-publica-participativa\/"},"modified":"2013-05-02T19:57:12","modified_gmt":"2013-05-02T19:57:12","slug":"sma-entrega-resultados-de-cuenta-publica-participativa","status":"publish","type":"post","link":"https:\/\/portal.sma.gob.cl\/index.php\/sma-entrega-resultados-de-cuenta-publica-participativa\/","title":{"rendered":"SMA entrega resultados de Cuenta P\u00fablica Participativa"},"content":{"rendered":"<p style=\"text-align: justify;\"><strong><img decoding=\"async\" class=\"size-auto size-full wp-image-15604\" src=\"https:\/\/portal.sma.gob.cl\/wp-content\/uploads\/2013\/05\/resultados_cuentapublica.jpg\" alt=\"\" width=\"760\" height=\"300\" srcset=\"https:\/\/portal.sma.gob.cl\/wp-content\/uploads\/2013\/05\/resultados_cuentapublica-200x79.jpg 200w, https:\/\/portal.sma.gob.cl\/wp-content\/uploads\/2013\/05\/resultados_cuentapublica-300x118.jpg 300w, https:\/\/portal.sma.gob.cl\/wp-content\/uploads\/2013\/05\/resultados_cuentapublica-400x158.jpg 400w, https:\/\/portal.sma.gob.cl\/wp-content\/uploads\/2013\/05\/resultados_cuentapublica-600x237.jpg 600w, https:\/\/portal.sma.gob.cl\/wp-content\/uploads\/2013\/05\/resultados_cuentapublica.jpg 760w\" sizes=\"(max-width: 760px) 100vw, 760px\" \/><\/strong><\/p>\n<p style=\"text-align: justify;\"><strong>El objetivo de la encuesta p\u00fablica fue contar con un espacio de di\u00e1logo ciudadano en torno a la evaluaci\u00f3n de la gesti\u00f3n de la Superintendencia.<\/strong><\/p>\n<p>  <!--more-->  <\/p>\n<p style=\"text-align: justify;\"><strong>Santiago, 02 de mayo de 2013.-<\/strong> En el marco de su pol\u00edtica de participaci\u00f3n ciudadana, la Superintendencia del Medio Ambiente (SMA) present\u00f3 a la comunidad los resultados de Cuenta P\u00fablica Participativa, instancia de di\u00e1logo en l\u00ednea abierta a la ciudadan\u00eda sobre la gesti\u00f3n de la instituci\u00f3n durante el 2012.<\/p>\n<p>Conforme a lo dispuesto en la Ley 20.500 sobre Asociaciones y Participaci\u00f3n Ciudadana en la Gesti\u00f3n P\u00fablica, la SMA entreg\u00f3 su Cuenta Anual bajo la modalidad no presencial. En ella, la instituci\u00f3n dio cuenta de las labores realizadas durante el 2012. A la par, se dispuso de una encuesta online para que la comunidad contara con un espacio para hacer llegar sus comentarios, planteamientos y sugerencias.<\/p>\n<p>En la cuenta, se inform\u00f3 que los focos estrat\u00e9gicos de la instituci\u00f3n durante el per\u00edodo se centraron en la fiscalizaci\u00f3n estrat\u00e9gica, la promoci\u00f3n del cumplimiento y el apoyo tecnol\u00f3gico. Asimismo, se dio cuenta de las actividades realizadas y los principales hitos del per\u00edodo.<\/p>\n<p><strong>RESULTADOS Y EVALUACI\u00d3N DE ENCUESTA<\/strong><\/p>\n<p>La encuesta estuvo abierta online por 30 d\u00edas, siendo finalizada el lunes 1 de abril de 2013. Respecto al a\u00f1o anterior la participaci\u00f3n ciudadana aument\u00f3 de 5 a 22 respuestas obtenidas. De aquellos, el 45% de los participantes declar\u00f3 vivir en la Regi\u00f3n Metropolitana, mientras que el 18% no indic\u00f3 su zona de residencia. <\/p>\n<p>Respecto a la evaluaci\u00f3n de la cuenta presentada en el sitio web de la SMA, un 37% respondi\u00f3 que el contenido le pareci\u00f3 muy bueno\/bueno, seguido por un 14% al cual le pareci\u00f3 regular. Ante la consulta sobre el contenido de la Cuenta P\u00fablica, un 41% contest\u00f3 que les parec\u00eda excelente. <\/p>\n<p>La sugerencia que se present\u00f3 con mayor frecuencia fue la inclusi\u00f3n de informaci\u00f3n m\u00e1s espec\u00edfica y mayor espacio para realizar comentarios. Ante esto se consult\u00f3 sobre el formato de presentaci\u00f3n de la Cuenta P\u00fablica de la SMA y el 14% de los encuestados respondi\u00f3 que les pareci\u00f3 excelente, mientras que un 41% no respondi\u00f3 esta consulta. <\/p>\n<p>Entre las conclusiones m\u00e1s relevantes se puede destacar que un 45% de los encuestados consider\u00f3 que el cap\u00edtulo que entrega mayor informaci\u00f3n relevante es Fiscalizaci\u00f3n Ambiental, una de las \u00e1reas claves de la SMA.<\/p>\n<p style=\"text-align: justify;\">Tambi\u00e9n, cabe destacar, que m\u00e1s de la mitad de los encuestados han asignado como respuesta las categor\u00edas excelente a bueno. Para el pr\u00f3ximo a\u00f1o se trabajar\u00e1 en dar mayor difusi\u00f3n a la encuesta para ir aumentando el n\u00famero de personas que participan en ella.&nbsp;<\/p>\n<p style=\"text-align: justify;\"><a class=\"doclink\" href=\"index.php?option=com_docman&amp;task=doc_download&amp;gid=69&amp;Itemid=175\"><img decoding=\"async\" class=\" size-full wp-image-15480\" src=\"https:\/\/portal.sma.gob.cl\/wp-content\/uploads\/2012\/07\/pdf.png\" alt=\"icon\" border=\"0\" width=\"16\" height=\"16\" \/> Ver Cuenta P\u00fablica Participativa<\/a><\/p>\n","protected":false},"excerpt":{"rendered":"<p>El objetivo de la encuesta p\u00fablica fue contar con un espacio de di\u00e1logo ciudadano en torno a la evaluaci\u00f3n de la gesti\u00f3n de la Superintendencia.<\/p>\n","protected":false},"author":3,"featured_media":15604,"comment_status":"open","ping_status":"open","sticky":false,"template":"","format":"standard","meta":{"footnotes":""},"categories":[90],"tags":[],"class_list":["post-15605","post","type-post","status-publish","format-standard","has-post-thumbnail","hentry","category-comunicados-noticias"],"_links":{"self":[{"href":"https:\/\/portal.sma.gob.cl\/index.php\/wp-json\/wp\/v2\/posts\/15605","targetHints":{"allow":["GET"]}}],"collection":[{"href":"https:\/\/portal.sma.gob.cl\/index.php\/wp-json\/wp\/v2\/posts"}],"about":[{"href":"https:\/\/portal.sma.gob.cl\/index.php\/wp-json\/wp\/v2\/types\/post"}],"author":[{"embeddable":true,"href":"https:\/\/portal.sma.gob.cl\/index.php\/wp-json\/wp\/v2\/users\/3"}],"replies":[{"embeddable":true,"href":"https:\/\/portal.sma.gob.cl\/index.php\/wp-json\/wp\/v2\/comments?post=15605"}],"version-history":[{"count":0,"href":"https:\/\/portal.sma.gob.cl\/index.php\/wp-json\/wp\/v2\/posts\/15605\/revisions"}],"wp:featuredmedia":[{"embeddable":true,"href":"https:\/\/portal.sma.gob.cl\/index.php\/wp-json\/wp\/v2\/media\/15604"}],"wp:attachment":[{"href":"https:\/\/portal.sma.gob.cl\/index.php\/wp-json\/wp\/v2\/media?parent=15605"}],"wp:term":[{"taxonomy":"category","embeddable":true,"href":"https:\/\/portal.sma.gob.cl\/index.php\/wp-json\/wp\/v2\/categories?post=15605"},{"taxonomy":"post_tag","embeddable":true,"href":"https:\/\/portal.sma.gob.cl\/index.php\/wp-json\/wp\/v2\/tags?post=15605"}],"curies":[{"name":"wp","href":"https:\/\/api.w.org\/{rel}","templated":true}]}}