{"id":15634,"date":"2013-05-27T20:24:04","date_gmt":"2013-05-27T20:24:04","guid":{"rendered":"https:\/\/portal.sma.gob.cl\/index.php\/2013\/05\/27\/epa-sma\/"},"modified":"2013-05-27T20:24:04","modified_gmt":"2013-05-27T20:24:04","slug":"epa-sma","status":"publish","type":"post","link":"https:\/\/portal.sma.gob.cl\/index.php\/epa-sma\/","title":{"rendered":"SMA asiste a jornada de cooperaci\u00f3n con EPA en Washington"},"content":{"rendered":"<p style=\"text-align: justify;\"><strong><img decoding=\"async\" class=\"size-auto size-full wp-image-15633\" src=\"https:\/\/portal.sma.gob.cl\/wp-content\/uploads\/2013\/05\/epa-washington.jpg\" alt=\"\" width=\"760\" height=\"350\" srcset=\"https:\/\/portal.sma.gob.cl\/wp-content\/uploads\/2013\/05\/epa-washington-200x92.jpg 200w, https:\/\/portal.sma.gob.cl\/wp-content\/uploads\/2013\/05\/epa-washington-300x138.jpg 300w, https:\/\/portal.sma.gob.cl\/wp-content\/uploads\/2013\/05\/epa-washington-400x184.jpg 400w, https:\/\/portal.sma.gob.cl\/wp-content\/uploads\/2013\/05\/epa-washington-600x276.jpg 600w, https:\/\/portal.sma.gob.cl\/wp-content\/uploads\/2013\/05\/epa-washington.jpg 760w\" sizes=\"(max-width: 760px) 100vw, 760px\" \/><\/strong><\/p>\n<p style=\"text-align: justify;\"><strong>Dos funcionarios de la Superintendencia participaron en jornadas de reuniones con la Agencia de Protecci\u00f3n Ambiental (EPA) de Estados Unidos, debatiendo los procesos de validaci\u00f3n de emisiones para termoel\u00e9ctricas.<\/strong><\/p>\n<p>  <!--more-->  <\/p>\n<p style=\"text-align: justify;\"><strong>Santiago, 27 de mayo.<\/strong> La semana pasada dos funcionarios de la Superintendencia del Medio Ambiente (SMA) viajaron hasta las dependencias del Departamento de Cambio Clim\u00e1tico de la Agencia de Protecci\u00f3n Ambiental (EPA) ubicadas en Washington DC, Estados Unidos. Las dos jornadas de reuniones estuvieron marcados por un fruct\u00edfero intercambio de ideas y aproximaciones respecto de los procedimientos de validaci\u00f3n de los Sistemas de Monitoreo Continuo de Emisiones (CEMS), en especial para termoel\u00e9ctricas, as\u00ed como de los procedimientos de reportes asociados.<\/p>\n<p style=\"text-align: justify;\">Francisco Alegre, de la Divisi\u00f3n de Fiscalizaci\u00f3n, junto a Jose Hern\u00e1ndez, de Fiscal\u00eda, representaron a la SMA en la cita que se di\u00f3 en el marco del convenio de cooperaci\u00f3n entre la Superintendencia y la EPA. Los funcionarios dieron a conocer el estado actual de la implementaci\u00f3n del Protocolo CEMS en Chile y su anexo sobre monitoreos alternativos, asociados al Decreto Supremo 13\/2011. Entre otras materias, discutieron los aspectos t\u00e9cnicos de los procesos de validaci\u00f3n, as\u00ed como los ajustes necesarios que se deben realizar a futuro para los protocolos asociados al aseguramiento y el control de calidad de los datos asociados a mediciones y reportes de CEMS, as\u00ed como tambi\u00e9n, se abordaron temas sobre la incidencia de los procesos de validaci\u00f3n de CEMS en la elaboraci\u00f3n de futuras normas que requerir\u00e1n la implementaci\u00f3n de dichos sistemas de monitoreo en diferentes rubros industriales.<\/p>\n<p style=\"text-align: justify;\">Los funcionarios de la Superintendencia compartieron con cinco expertos de EPA en materia de CEMS, entre ellos con Robert Vollaro, autor de la Parte 75 del volumen 40 del C\u00f3digo de Regulaciones federales (CFR). En la cita, los profesionales de la Agencia de Protecci\u00f3n Ambiental norteamericana realizaron presentaciones sobre metodolog\u00edas y lineamientos utilizados en los procesos de validaci\u00f3n de CEMS en Estados Unidos, se intercambiaron ideas acerca de los procedimientos t\u00e9cnicos para adaptar ciertos criterios seguidos por la regulaci\u00f3n norteamericana que son distintos a los &nbsp;de la regulaci\u00f3n chilena y se cre\u00f3 una red de contactos como equipo de apoyo t\u00e9cnico para poder orientar y proporcionar lineamientos en las diferentes materias relativas a los Sistemas de Monitoreo Continuos.<\/p>\n<p style=\"text-align: justify;\">Al t\u00e9rmino de las jornadas, Jane Nishida, Directora de la Oficina de Asuntos Regionales y Bilaterales de EPA, reafirm\u00f3 la disposici\u00f3n de la instituci\u00f3n que representa para cooperar activamente con sus contrapartes chilenas, y aprovech\u00f3 para destacar la participaci\u00f3n de la SMA en esta instancia espec\u00edfica.<\/p>\n","protected":false},"excerpt":{"rendered":"<p>Dos funcionarios de la Superintendencia participaron en jornadas de reuniones con la Agencia de Protecci\u00f3n Ambiental (EPA) de Estados Unidos, debatiendo los procesos de validaci\u00f3n de emisiones para termoel\u00e9ctricas.<\/p>\n","protected":false},"author":3,"featured_media":15633,"comment_status":"open","ping_status":"open","sticky":false,"template":"","format":"standard","meta":{"footnotes":""},"categories":[94],"tags":[],"class_list":["post-15634","post","type-post","status-publish","format-standard","has-post-thumbnail","hentry","category-notas-noticias"],"_links":{"self":[{"href":"https:\/\/portal.sma.gob.cl\/index.php\/wp-json\/wp\/v2\/posts\/15634","targetHints":{"allow":["GET"]}}],"collection":[{"href":"https:\/\/portal.sma.gob.cl\/index.php\/wp-json\/wp\/v2\/posts"}],"about":[{"href":"https:\/\/portal.sma.gob.cl\/index.php\/wp-json\/wp\/v2\/types\/post"}],"author":[{"embeddable":true,"href":"https:\/\/portal.sma.gob.cl\/index.php\/wp-json\/wp\/v2\/users\/3"}],"replies":[{"embeddable":true,"href":"https:\/\/portal.sma.gob.cl\/index.php\/wp-json\/wp\/v2\/comments?post=15634"}],"version-history":[{"count":0,"href":"https:\/\/portal.sma.gob.cl\/index.php\/wp-json\/wp\/v2\/posts\/15634\/revisions"}],"wp:featuredmedia":[{"embeddable":true,"href":"https:\/\/portal.sma.gob.cl\/index.php\/wp-json\/wp\/v2\/media\/15633"}],"wp:attachment":[{"href":"https:\/\/portal.sma.gob.cl\/index.php\/wp-json\/wp\/v2\/media?parent=15634"}],"wp:term":[{"taxonomy":"category","embeddable":true,"href":"https:\/\/portal.sma.gob.cl\/index.php\/wp-json\/wp\/v2\/categories?post=15634"},{"taxonomy":"post_tag","embeddable":true,"href":"https:\/\/portal.sma.gob.cl\/index.php\/wp-json\/wp\/v2\/tags?post=15634"}],"curies":[{"name":"wp","href":"https:\/\/api.w.org\/{rel}","templated":true}]}}