{"id":15642,"date":"2013-06-05T21:25:00","date_gmt":"2013-06-05T21:25:00","guid":{"rendered":"https:\/\/portal.sma.gob.cl\/index.php\/2013\/06\/05\/sma-celebra-el-dia-mundial-del-medio-ambiente\/"},"modified":"2013-06-05T21:25:00","modified_gmt":"2013-06-05T21:25:00","slug":"sma-celebra-el-dia-mundial-del-medio-ambiente","status":"publish","type":"post","link":"https:\/\/portal.sma.gob.cl\/index.php\/sma-celebra-el-dia-mundial-del-medio-ambiente\/","title":{"rendered":"SMA celebra el D\u00eda Mundial del Medio Ambiente"},"content":{"rendered":"<p style=\"text-align: justify;\"><strong><img decoding=\"async\" class=\"size-auto size-full wp-image-15641\" src=\"https:\/\/portal.sma.gob.cl\/wp-content\/uploads\/2013\/06\/DMA.jpg\" alt=\"\" width=\"760\" height=\"300\" srcset=\"https:\/\/portal.sma.gob.cl\/wp-content\/uploads\/2013\/06\/DMA-200x79.jpg 200w, https:\/\/portal.sma.gob.cl\/wp-content\/uploads\/2013\/06\/DMA-300x118.jpg 300w, https:\/\/portal.sma.gob.cl\/wp-content\/uploads\/2013\/06\/DMA-400x158.jpg 400w, https:\/\/portal.sma.gob.cl\/wp-content\/uploads\/2013\/06\/DMA-600x237.jpg 600w, https:\/\/portal.sma.gob.cl\/wp-content\/uploads\/2013\/06\/DMA.jpg 760w\" sizes=\"(max-width: 760px) 100vw, 760px\" \/><\/strong><\/p>\n<p style=\"text-align: justify;\"><strong>La entrada en funcionamiento de la Superintendencia del Medio Ambiente trajo consigo grandes transformaciones en la forma de afrontar la fiscalizaci\u00f3n ambiental, la cual hoy cuenta con protocolos y se transparenta a trav\u00e9s del Sistema Nacional de Fiscalizaci\u00f3n Ambiental (SNIFA).<\/strong><\/p>\n<p>  <!--more-->  <\/p>\n<p style=\"text-align: justify;\"><strong>Santiago, 05 de junio de 2013.-<\/strong> Hace seis meses que la Superintendencia del Medio Ambiente (SMA) debut\u00f3 con sus facultades de fiscalizaci\u00f3n y sanci\u00f3n, tras la instalaci\u00f3n de los Tribunales Ambientales. Desde ese entonces, la SMA es el organismo responsable de velar por el cumplimiento de la normativa ambiental en Chile, con el objeto de proteger el medio ambiente de los chilenos y chilenas. <\/p>\n<p>En el D\u00eda Mundial del Medio Ambiente queremos destacar nuestra labor, focalizada en la fiscalizaci\u00f3n ambiental la cual hemos ejecutado en conjunto con los organismos subprogramados. Para cumplir con este objetivo, la SMA ha trabajado en el establecimiento de protocolos que aseguren un alto est\u00e1ndar de fiscalizaci\u00f3n, as\u00ed como procedimientos sancionatorios justos y racionales.<\/p>\n<p>La entrada en funcionamiento de la Superintendencia del Medio Ambiente trajo consigo grandes transformaciones en la forma de afrontar la fiscalizaci\u00f3n. Es por eso que hoy en el D\u00eda Mundial del Medio Ambiente destacamos la labor realizada en los primeros meses de operaci\u00f3n de la SMA. (Ver presentaci\u00f3n).<\/p>\n<p style=\"text-align: justify;\">&nbsp;<\/p>\n<p style=\"text-align: justify;\">&nbsp;<\/p>\n<p>  <iframe src=\"http:\/\/prezi.com\/embed\/14b9e58074c87ccb4cf0e85be4b6fbab9c238009\/?bgcolor=ffffff&amp;lock_to_path=0&amp;autoplay=0&amp;autohide_ctrls=0&amp;features=undefined&amp;disabled_features=undefined\" width=\"680\" height=\"550\" frameBorder=\"0\"><\/iframe><\/p>\n","protected":false},"excerpt":{"rendered":"<p>La entrada en funcionamiento de la Superintendencia del Medio Ambiente trajo consigo grandes transformaciones en la forma de afrontar la fiscalizaci\u00f3n ambiental, la cual hoy cuenta con protocolos y se transparenta a trav\u00e9s del Sistema Nacional de Fiscalizaci\u00f3n Ambiental (SNIFA).<\/p>\n","protected":false},"author":3,"featured_media":15641,"comment_status":"open","ping_status":"open","sticky":false,"template":"","format":"standard","meta":{"footnotes":""},"categories":[94],"tags":[],"class_list":["post-15642","post","type-post","status-publish","format-standard","has-post-thumbnail","hentry","category-notas-noticias"],"_links":{"self":[{"href":"https:\/\/portal.sma.gob.cl\/index.php\/wp-json\/wp\/v2\/posts\/15642","targetHints":{"allow":["GET"]}}],"collection":[{"href":"https:\/\/portal.sma.gob.cl\/index.php\/wp-json\/wp\/v2\/posts"}],"about":[{"href":"https:\/\/portal.sma.gob.cl\/index.php\/wp-json\/wp\/v2\/types\/post"}],"author":[{"embeddable":true,"href":"https:\/\/portal.sma.gob.cl\/index.php\/wp-json\/wp\/v2\/users\/3"}],"replies":[{"embeddable":true,"href":"https:\/\/portal.sma.gob.cl\/index.php\/wp-json\/wp\/v2\/comments?post=15642"}],"version-history":[{"count":0,"href":"https:\/\/portal.sma.gob.cl\/index.php\/wp-json\/wp\/v2\/posts\/15642\/revisions"}],"wp:featuredmedia":[{"embeddable":true,"href":"https:\/\/portal.sma.gob.cl\/index.php\/wp-json\/wp\/v2\/media\/15641"}],"wp:attachment":[{"href":"https:\/\/portal.sma.gob.cl\/index.php\/wp-json\/wp\/v2\/media?parent=15642"}],"wp:term":[{"taxonomy":"category","embeddable":true,"href":"https:\/\/portal.sma.gob.cl\/index.php\/wp-json\/wp\/v2\/categories?post=15642"},{"taxonomy":"post_tag","embeddable":true,"href":"https:\/\/portal.sma.gob.cl\/index.php\/wp-json\/wp\/v2\/tags?post=15642"}],"curies":[{"name":"wp","href":"https:\/\/api.w.org\/{rel}","templated":true}]}}