{"id":15648,"date":"2013-06-14T16:38:22","date_gmt":"2013-06-14T16:38:22","guid":{"rendered":"https:\/\/portal.sma.gob.cl\/index.php\/2013\/06\/14\/sma-participa-en-seminario-ambiental-en-concepcion\/"},"modified":"2013-06-14T16:38:22","modified_gmt":"2013-06-14T16:38:22","slug":"sma-participa-en-seminario-ambiental-en-concepcion","status":"publish","type":"post","link":"https:\/\/portal.sma.gob.cl\/index.php\/sma-participa-en-seminario-ambiental-en-concepcion\/","title":{"rendered":"SMA participa en seminario ambiental en Concepci\u00f3n"},"content":{"rendered":"<p style=\"text-align: justify;\">&nbsp;<img decoding=\"async\" class=\"size-auto size-full wp-image-15647\" src=\"https:\/\/portal.sma.gob.cl\/wp-content\/uploads\/2013\/06\/ambiente_en_conce.jpg\" alt=\"ambiente en conce\" width=\"760\" height=\"300\" \/><\/p>\n<p style=\"text-align: justify;\"><strong>El jefe de la Macro Zona Sur, Eduardo Rodr\u00edguez, expuso el modelo de fiscalizaci\u00f3n que lleva a cabo la Superintendencia del Medio Ambiente (SMA).<\/strong><\/p>\n<p>  <!--more-->  <\/p>\n<p style=\"text-align: justify;\"><strong style=\"line-height: 1.3em;\">Concepci\u00f3n, 11 de junio de 2013-.<\/strong> El jefe de la Macro Zona Sur de la Superintendencia del Medio Ambiente (SMA), Eduardo Rodr\u00edguez, particip\u00f3 en el Seminario \u201cNueva Institucionalidad Ambiental: su relaci\u00f3n con los municipios\u201d, organizado por la Direcci\u00f3n de Medio Ambiente de la Municipalidad de Concepci\u00f3n.<\/p>\n<p>En la actividad tambi\u00e9n expusieron el Director Regional del Servicio de Evaluaci\u00f3n Ambiental de la VIII Regi\u00f3n, Bol\u00edvar Ruiz; y el abogado Rodrigo Guzm\u00e1n, &nbsp;ex Fiscal de la Comisi\u00f3n Nacional de Medio Ambiente.<\/p>\n<p>Eduardo Rodr\u00edguez hizo una completa exposici\u00f3n sobre el modelo de fiscalizaci\u00f3n y sanci\u00f3n que ha implementado la SMA en sus primeros seis meses de funcionamiento con plenas facultades. A la vez, explica que \u201cse abord\u00f3 el importante rol que juegan las municipalidades en materia de denuncias, como tambi\u00e9n en su calidad de \u00f3rganos del Estado susceptibles de encomend\u00e1rseles actividades de fiscalizaci\u00f3n, en especial de aquellas denuncias que son m\u00e1s recurrentes en las relaciones de vecindad tales como ruidos molestos\u201d, explic\u00f3.<\/p>\n<p>En tanto, la alcaldesa subrogrante de Concepci\u00f3n, Paula Concha, expres\u00f3 que \u201ccomo municipalidad de siempre estaremos siempre dispuestos a organizar espacios de discusi\u00f3n que tengan como objetivo final optimizar la gesti\u00f3n ambiental\u201d, coment\u00f3.<\/p>\n","protected":false},"excerpt":{"rendered":"<p>&nbsp; El jefe de la Macro Zona Sur, Eduardo Rodr\u00edguez, expuso el modelo de fiscalizaci\u00f3n que lleva a cabo la Superintendencia del Medio Ambiente (SMA).<\/p>\n","protected":false},"author":3,"featured_media":15647,"comment_status":"open","ping_status":"open","sticky":false,"template":"","format":"standard","meta":{"footnotes":""},"categories":[94],"tags":[],"class_list":["post-15648","post","type-post","status-publish","format-standard","has-post-thumbnail","hentry","category-notas-noticias"],"_links":{"self":[{"href":"https:\/\/portal.sma.gob.cl\/index.php\/wp-json\/wp\/v2\/posts\/15648","targetHints":{"allow":["GET"]}}],"collection":[{"href":"https:\/\/portal.sma.gob.cl\/index.php\/wp-json\/wp\/v2\/posts"}],"about":[{"href":"https:\/\/portal.sma.gob.cl\/index.php\/wp-json\/wp\/v2\/types\/post"}],"author":[{"embeddable":true,"href":"https:\/\/portal.sma.gob.cl\/index.php\/wp-json\/wp\/v2\/users\/3"}],"replies":[{"embeddable":true,"href":"https:\/\/portal.sma.gob.cl\/index.php\/wp-json\/wp\/v2\/comments?post=15648"}],"version-history":[{"count":0,"href":"https:\/\/portal.sma.gob.cl\/index.php\/wp-json\/wp\/v2\/posts\/15648\/revisions"}],"wp:featuredmedia":[{"embeddable":true,"href":"https:\/\/portal.sma.gob.cl\/index.php\/wp-json\/wp\/v2\/media\/15647"}],"wp:attachment":[{"href":"https:\/\/portal.sma.gob.cl\/index.php\/wp-json\/wp\/v2\/media?parent=15648"}],"wp:term":[{"taxonomy":"category","embeddable":true,"href":"https:\/\/portal.sma.gob.cl\/index.php\/wp-json\/wp\/v2\/categories?post=15648"},{"taxonomy":"post_tag","embeddable":true,"href":"https:\/\/portal.sma.gob.cl\/index.php\/wp-json\/wp\/v2\/tags?post=15648"}],"curies":[{"name":"wp","href":"https:\/\/api.w.org\/{rel}","templated":true}]}}