{"id":15652,"date":"2013-06-17T21:19:23","date_gmt":"2013-06-17T21:19:23","guid":{"rendered":"https:\/\/portal.sma.gob.cl\/index.php\/2013\/06\/17\/plan-de-descontaminacion-atmosferica-de-temuco-y-padre-las-casas\/"},"modified":"2013-06-17T21:19:23","modified_gmt":"2013-06-17T21:19:23","slug":"plan-de-descontaminacion-atmosferica-de-temuco-y-padre-las-casas","status":"publish","type":"post","link":"https:\/\/portal.sma.gob.cl\/index.php\/plan-de-descontaminacion-atmosferica-de-temuco-y-padre-las-casas\/","title":{"rendered":"Plan de Descontaminaci\u00f3n Atmosf\u00e9rica de Temuco y Padre Las Casas"},"content":{"rendered":"<p style=\"text-align: justify;\"><img decoding=\"async\" class=\"size-auto size-full wp-image-15612\" src=\"https:\/\/portal.sma.gob.cl\/wp-content\/uploads\/2013\/05\/temuco.jpg\" alt=\"temuco\" width=\"760\" height=\"300\" \/><\/p>\n<p style=\"text-align: justify;\">Temuco y Padre Las Casas son comunas que actualmente est\u00e1n declaradas como zonas saturadas por Material Particulado (MP 10), a trav\u00e9s del Decreto Supremo N\u00ba35\/2005 del Minsegpres. Debido a esta declaratoria, se elabor\u00f3 un Plan de Descontaminaci\u00f3n Atmosf\u00e9rica (PDA), establecido a trav\u00e9s del Decreto Supremo N\u00ba 78, que se encuentra vigente y en aplicaci\u00f3n desde el 03 de junio de 2010.&nbsp;<\/p>\n<p style=\"text-align: justify;\">La principal causa de la contaminaci\u00f3n por material particulado, tanto grueso como fino, en estas comunas, es la utilizaci\u00f3n de le\u00f1a como combustible en cocinas y calefactores dom\u00e9sticos. Las emisiones de estas fuentes aportan casi un 90%<span><span>&nbsp;<\/span><\/span> del total de las emisiones de material particulado en los meses fr\u00edos.<\/p>\n<p style=\"text-align: justify;\">A partir de 2013, la Superintendencia del Medio Ambiente est\u00e1 a cargo de la coordinaci\u00f3n de la fiscalizaci\u00f3n de las medidas del PDA de Temuco y Padre Las Casas. Para ello, dict\u00f3 la <a href=\"http:\/\/portalsnifa.sma.gob.cl\/documentos\/programas\/RESOL_SMA_2012_0878.pdf\">Resoluci\u00f3n Exenta N\u00b0 878<\/a>&nbsp;y tambi\u00e9n celebr\u00f3 convenios de colaboraci\u00f3n para la fiscalizaci\u00f3n ambiental con los municipios de Temuco y Padre Las Casas.<\/p>\n<hr \/>\n<h1>RESOLUCIONES\/ OFICIOS<\/h1>\n<p style=\"text-align: justify;\"><a class=\"doclink\" href=\"index.php?option=com_docman&amp;task=doc_download&amp;gid=114&amp;Itemid=175\"><img decoding=\"async\" class=\" size-full wp-image-15480\" src=\"https:\/\/portal.sma.gob.cl\/wp-content\/uploads\/2012\/07\/pdf.png\" alt=\"icon\" border=\"0\" width=\"16\" height=\"16\" \/>&nbsp;Resoluci\u00f3n Exenta N\u00b0 204 \/Convenio SMA-Municipalidad de Temuco<\/a><\/p>\n<p style=\"text-align: justify;\"><a class=\"doclink\" href=\"index.php?option=com_docman&amp;task=doc_download&amp;gid=115&amp;Itemid=175\"><img decoding=\"async\" class=\" size-full wp-image-15480\" src=\"https:\/\/portal.sma.gob.cl\/wp-content\/uploads\/2012\/07\/pdf.png\" alt=\"icon\" border=\"0\" width=\"16\" height=\"16\" \/>&nbsp;Resoluci\u00f3n Exenta N\u00b0 205\/ Convenio SMA-Municipalidad de Padre Las Casas<\/a><\/p>\n<p style=\"text-align: justify;\"><a class=\"doclink\" href=\"index.php?option=com_docman&amp;task=doc_download&amp;gid=116&amp;Itemid=175\"><img decoding=\"async\" class=\" size-full wp-image-15480\" src=\"https:\/\/portal.sma.gob.cl\/wp-content\/uploads\/2012\/07\/pdf.png\" alt=\"icon\" border=\"0\" width=\"16\" height=\"16\" \/>&nbsp;Resoluci\u00f3n Exenta N\u00b0 214\/ Requerimiento a Seremi MMA<\/a><\/p>\n<p style=\"text-align: justify;\"><a class=\"doclink\" href=\"index.php?option=com_docman&amp;task=doc_download&amp;gid=117&amp;Itemid=175\"><img decoding=\"async\" class=\" size-full wp-image-15480\" src=\"https:\/\/portal.sma.gob.cl\/wp-content\/uploads\/2012\/07\/pdf.png\" alt=\"icon\" border=\"0\" width=\"16\" height=\"16\" \/>&nbsp;Resoluci\u00f3n Exenta N\u00b0 215\/ Requerimiento a Seremi de Salud<\/a><\/p>\n<p style=\"text-align: justify;\"><a class=\"doclink\" href=\"index.php?option=com_docman&amp;task=doc_download&amp;gid=107&amp;Itemid=175\"><img decoding=\"async\" class=\" size-full wp-image-15480\" src=\"https:\/\/portal.sma.gob.cl\/wp-content\/uploads\/2012\/07\/pdf.png\" alt=\"icon\" border=\"0\" width=\"16\" height=\"16\" \/>&nbsp;1. Primera reuni\u00f3n abril PDA Temuco-PLC<\/a><\/p>\n<p style=\"text-align: justify;\"><a class=\"doclink\" href=\"index.php?option=com_docman&amp;task=doc_download&amp;gid=108&amp;Itemid=175\"><img decoding=\"async\" class=\" size-full wp-image-15480\" src=\"https:\/\/portal.sma.gob.cl\/wp-content\/uploads\/2012\/07\/pdf.png\" alt=\"icon\" border=\"0\" width=\"16\" height=\"16\" \/>&nbsp;2. Invitaci\u00f3n Seminario Fuentes Fijas<\/a><\/p>\n<p style=\"text-align: justify;\"><a class=\"doclink\" href=\"index.php?option=com_docman&amp;task=doc_download&amp;gid=109&amp;Itemid=175\"><img decoding=\"async\" class=\" size-full wp-image-15480\" src=\"https:\/\/portal.sma.gob.cl\/wp-content\/uploads\/2012\/07\/pdf.png\" alt=\"icon\" border=\"0\" width=\"16\" height=\"16\" \/>&nbsp;3. ORD. N\u00b0 668 a Municipio de Temuco<\/a><\/p>\n<p style=\"text-align: justify;\"><a class=\"doclink\" href=\"index.php?option=com_docman&amp;task=doc_download&amp;gid=110&amp;Itemid=175\"><img decoding=\"async\" class=\" size-full wp-image-15480\" src=\"https:\/\/portal.sma.gob.cl\/wp-content\/uploads\/2012\/07\/pdf.png\" alt=\"icon\" border=\"0\" width=\"16\" height=\"16\" \/>&nbsp;4. ORD. 671 SMA a Municipio de Padre Las Casas<\/a><\/p>\n<p style=\"text-align: justify;\"><a class=\"doclink\" href=\"index.php?option=com_docman&amp;task=doc_download&amp;gid=103&amp;Itemid=175\"><img decoding=\"async\" class=\" size-full wp-image-15480\" src=\"https:\/\/portal.sma.gob.cl\/wp-content\/uploads\/2012\/07\/pdf.png\" alt=\"icon\" border=\"0\" width=\"16\" height=\"16\" \/>&nbsp;5. Programa Taller Temuco-PLC 08-04-2013<\/a><\/p>\n<p style=\"text-align: justify;\"><a class=\"doclink\" href=\"index.php?option=com_docman&amp;task=doc_download&amp;gid=112&amp;Itemid=175\"><img decoding=\"async\" class=\" size-full wp-image-15480\" src=\"https:\/\/portal.sma.gob.cl\/wp-content\/uploads\/2012\/07\/pdf.png\" alt=\"icon\" border=\"0\" width=\"16\" height=\"16\" \/>&nbsp;6. ORD N\u00b0 1.233<\/a><\/p>\n<h4 style=\"text-align: justify;\">Formatos para remitir actividades de inspecci\u00f3n ambiental a la SMA<\/h4>\n<p><a class=\"doclink\" href=\"index.php?option=com_docman&amp;task=doc_download&amp;gid=170&amp;Itemid=280\"><img decoding=\"async\" class=\" size-full wp-image-15480\" src=\"https:\/\/portal.sma.gob.cl\/wp-content\/uploads\/2012\/07\/pdf.png\" alt=\"icon\" border=\"0\" width=\"16\" height=\"16\" \/>&nbsp;Resoluci\u00f3n SMA N\u00b0 896\/2013<\/a><\/p>\n<p><a class=\"doclink\" href=\"index.php?option=com_docman&amp;task=doc_download&amp;gid=168&amp;Itemid=280\"><img decoding=\"async\" class=\" size-full wp-image-15650\" src=\"https:\/\/portal.sma.gob.cl\/wp-content\/uploads\/2013\/06\/xls.png\" alt=\"icon\" border=\"0\" width=\"16\" height=\"16\" \/>&nbsp;PDA_DS78_1 <\/a><\/p>\n<p><a class=\"doclink\" href=\"index.php?option=com_docman&amp;task=doc_download&amp;gid=169&amp;Itemid=280\"><img decoding=\"async\" class=\" size-full wp-image-15650\" src=\"https:\/\/portal.sma.gob.cl\/wp-content\/uploads\/2013\/06\/xls.png\" alt=\"icon\" border=\"0\" width=\"16\" height=\"16\" \/>&nbsp;PDA_DS78_2<\/a><\/p>\n<p>&nbsp;<\/p>\n<hr \/>\n<h1 style=\"text-align: justify;\">&nbsp;DOCUMENTOS\/PRESENTACIONES<\/h1>\n<p style=\"text-align: justify;\"><a class=\"doclink\" href=\"index.php?option=com_docman&amp;task=doc_download&amp;gid=99&amp;Itemid=175\"><img decoding=\"async\" class=\" size-full wp-image-15480\" src=\"https:\/\/portal.sma.gob.cl\/wp-content\/uploads\/2012\/07\/pdf.png\" alt=\"icon\" border=\"0\" width=\"16\" height=\"16\" \/>&nbsp;1. Presentaci\u00f3n PDA Temuco y PLC 01-04-2013<\/a><\/p>\n<p style=\"text-align: justify;\"><a class=\"doclink\" href=\"index.php?option=com_docman&amp;task=doc_download&amp;gid=100&amp;Itemid=175\"><img decoding=\"async\" class=\" size-full wp-image-15480\" src=\"https:\/\/portal.sma.gob.cl\/wp-content\/uploads\/2012\/07\/pdf.png\" alt=\"icon\" border=\"0\" width=\"16\" height=\"16\" \/>&nbsp;2. Presentaci\u00f3n Fiscal\u00eda PDA Temuco-PLC 01-04-2013<\/a><\/p>\n<p style=\"text-align: justify;\"><a class=\"doclink\" href=\"index.php?option=com_docman&amp;task=doc_download&amp;gid=101&amp;Itemid=175\"><img decoding=\"async\" class=\" size-full wp-image-15480\" src=\"https:\/\/portal.sma.gob.cl\/wp-content\/uploads\/2012\/07\/pdf.png\" alt=\"icon\" border=\"0\" width=\"16\" height=\"16\" \/>&nbsp;3. Lista asistencia 01-04-2013<\/a><\/p>\n<p style=\"text-align: justify;\"><a class=\"doclink\" href=\"index.php?option=com_docman&amp;task=doc_download&amp;gid=102&amp;Itemid=175\"><img decoding=\"async\" class=\" size-full wp-image-15480\" src=\"https:\/\/portal.sma.gob.cl\/wp-content\/uploads\/2012\/07\/pdf.png\" alt=\"icon\" border=\"0\" width=\"16\" height=\"16\" \/>&nbsp;4. Presentaci\u00f3n PDA Temuco-PLC 04-04-2013<\/a><\/p>\n<p style=\"text-align: justify;\"><a class=\"doclink\" href=\"index.php?option=com_docman&amp;task=doc_download&amp;gid=103&amp;Itemid=175\"><img decoding=\"async\" class=\" size-full wp-image-15480\" src=\"https:\/\/portal.sma.gob.cl\/wp-content\/uploads\/2012\/07\/pdf.png\" alt=\"icon\" border=\"0\" width=\"16\" height=\"16\" \/>&nbsp;5. Programa Taller Temuco-PLC 08-04-2013<\/a><\/p>\n<p style=\"text-align: justify;\"><a class=\"doclink\" style=\"text-align: justify;\" href=\"index.php?option=com_docman&amp;task=doc_download&amp;gid=104&amp;Itemid=175\"><img decoding=\"async\" class=\" size-full wp-image-15480\" src=\"https:\/\/portal.sma.gob.cl\/wp-content\/uploads\/2012\/07\/pdf.png\" alt=\"icon\" border=\"0\" width=\"16\" height=\"16\" \/>&nbsp;6. Procedimiento de Fiscalizaci\u00f3n 8-05-2013<\/a><\/p>\n<p style=\"text-align: justify;\"><a class=\"doclink\" href=\"index.php?option=com_docman&amp;task=doc_download&amp;gid=105&amp;Itemid=175\"><img decoding=\"async\" class=\" size-full wp-image-15480\" src=\"https:\/\/portal.sma.gob.cl\/wp-content\/uploads\/2012\/07\/pdf.png\" alt=\"icon\" border=\"0\" width=\"16\" height=\"16\" \/>&nbsp;7. Programa de cumplimiento Temuco-PLC 8-05-2013<\/a><\/p>\n<p style=\"text-align: justify;\">8. <a href=\"index.php\/noticias\/notas\/265-sma-participa-en-operativo-de-fiscalizacion-de-uso-de-lena-en-temuco\">SMA participa en operativo de Fiscalizaci\u00f3n de Uso de Le\u00f1a en Temuco<\/a> (4-07-2013)<\/p>\n<p style=\"text-align: justify;\">9.&nbsp;<a class=\"doclink\" href=\"index.php?option=com_docman&amp;task=doc_download&amp;gid=185&amp;Itemid=280\"><img decoding=\"async\" class=\" size-full wp-image-15480\" src=\"https:\/\/portal.sma.gob.cl\/wp-content\/uploads\/2012\/07\/pdf.png\" alt=\"icon\" border=\"0\" width=\"16\" height=\"16\" \/>&nbsp;Informe de Gesti\u00f3n de Fiscalizaci\u00f3n del Plan de Descontaminaci\u00f3n de Temuco y Padre Las Casas<\/a><\/p>\n<p style=\"text-align: justify;\">10.&nbsp;<a class=\"doclink\" href=\"index.php?option=com_docman&amp;task=doc_download&amp;gid=625&amp;Itemid=280\"><img decoding=\"async\" class=\" size-full wp-image-15651\" src=\"https:\/\/portal.sma.gob.cl\/wp-content\/uploads\/2013\/06\/generic.png\" alt=\"icon\" border=\"0\" width=\"16\" height=\"16\" \/>&nbsp;Formulario GE D.S.N-8<\/a><\/p>\n","protected":false},"excerpt":{"rendered":"<p>Temuco y Padre Las Casas son comunas que actualmente est\u00e1n declaradas como zonas saturadas por Material Particulado (MP 10), a trav\u00e9s del Decreto Supremo N\u00ba35\/2005 del Minsegpres. Debido a esta declaratoria, se elabor\u00f3 un Plan de Descontaminaci\u00f3n Atmosf\u00e9rica (PDA), establecido a trav\u00e9s del Decreto Supremo N\u00ba 78, que se encuentra vigente y en aplicaci\u00f3n desde el <a href=\"https:\/\/portal.sma.gob.cl\/index.php\/plan-de-descontaminacion-atmosferica-de-temuco-y-padre-las-casas\/\">Leer m\u00e1s<\/a><\/p>\n","protected":false},"author":3,"featured_media":15612,"comment_status":"open","ping_status":"open","sticky":false,"template":"","format":"standard","meta":{"footnotes":""},"categories":[1],"tags":[],"class_list":["post-15652","post","type-post","status-publish","format-standard","has-post-thumbnail","hentry","category-sin-categoria"],"_links":{"self":[{"href":"https:\/\/portal.sma.gob.cl\/index.php\/wp-json\/wp\/v2\/posts\/15652","targetHints":{"allow":["GET"]}}],"collection":[{"href":"https:\/\/portal.sma.gob.cl\/index.php\/wp-json\/wp\/v2\/posts"}],"about":[{"href":"https:\/\/portal.sma.gob.cl\/index.php\/wp-json\/wp\/v2\/types\/post"}],"author":[{"embeddable":true,"href":"https:\/\/portal.sma.gob.cl\/index.php\/wp-json\/wp\/v2\/users\/3"}],"replies":[{"embeddable":true,"href":"https:\/\/portal.sma.gob.cl\/index.php\/wp-json\/wp\/v2\/comments?post=15652"}],"version-history":[{"count":0,"href":"https:\/\/portal.sma.gob.cl\/index.php\/wp-json\/wp\/v2\/posts\/15652\/revisions"}],"wp:featuredmedia":[{"embeddable":true,"href":"https:\/\/portal.sma.gob.cl\/index.php\/wp-json\/wp\/v2\/media\/15612"}],"wp:attachment":[{"href":"https:\/\/portal.sma.gob.cl\/index.php\/wp-json\/wp\/v2\/media?parent=15652"}],"wp:term":[{"taxonomy":"category","embeddable":true,"href":"https:\/\/portal.sma.gob.cl\/index.php\/wp-json\/wp\/v2\/categories?post=15652"},{"taxonomy":"post_tag","embeddable":true,"href":"https:\/\/portal.sma.gob.cl\/index.php\/wp-json\/wp\/v2\/tags?post=15652"}],"curies":[{"name":"wp","href":"https:\/\/api.w.org\/{rel}","templated":true}]}}