{"id":15658,"date":"2013-06-19T21:36:46","date_gmt":"2013-06-19T21:36:46","guid":{"rendered":"https:\/\/portal.sma.gob.cl\/index.php\/2013\/06\/19\/plan-de-prevencion-y-descontaminacion-atmosferica-de-la-region-metropolitana\/"},"modified":"2013-06-19T21:36:46","modified_gmt":"2013-06-19T21:36:46","slug":"plan-de-prevencion-y-descontaminacion-atmosferica-de-la-region-metropolitana","status":"publish","type":"post","link":"https:\/\/portal.sma.gob.cl\/index.php\/plan-de-prevencion-y-descontaminacion-atmosferica-de-la-region-metropolitana\/","title":{"rendered":"Plan de Prevenci\u00f3n y Descontaminaci\u00f3n Atmosf\u00e9rica de la Regi\u00f3n Metropolitana"},"content":{"rendered":"<p style=\"text-align: justify;\">&nbsp;<img decoding=\"async\" class=\"size-auto size-full wp-image-15656\" src=\"https:\/\/portal.sma.gob.cl\/wp-content\/uploads\/2013\/06\/santiago_1.jpg\" alt=\"santiago 1\" width=\"760\" height=\"300\" srcset=\"https:\/\/portal.sma.gob.cl\/wp-content\/uploads\/2013\/06\/santiago_1-200x79.jpg 200w, https:\/\/portal.sma.gob.cl\/wp-content\/uploads\/2013\/06\/santiago_1-300x118.jpg 300w, https:\/\/portal.sma.gob.cl\/wp-content\/uploads\/2013\/06\/santiago_1-400x158.jpg 400w, https:\/\/portal.sma.gob.cl\/wp-content\/uploads\/2013\/06\/santiago_1-600x237.jpg 600w, https:\/\/portal.sma.gob.cl\/wp-content\/uploads\/2013\/06\/santiago_1.jpg 760w\" sizes=\"(max-width: 760px) 100vw, 760px\" \/><\/p>\n<p style=\"text-align: justify;\">El Plan de Prevenci\u00f3n y Descontaminaci\u00f3n Atmosf\u00e9rica (PPDA) de la Regi\u00f3n Metropolitana fue reformulado y actualizado por el <a href=\"http:\/\/www.leychile.cl\/Consulta\/Exportar?radioExportar=Normas&amp;exportar_formato=pdf&amp;nombrearchivo=DTO-66_16-ABR-2010&amp;exportar_con_notas_bcn=True&amp;exportar_con_notas_originales=True&amp;exportar_con_notas_al_pie=True&amp;hddResultadoExportar=1012499.2010-04-16.0.0%23\">Decreto Supremo N\u00b0 66\/ 2009.&nbsp;<\/a><\/p>\n<p style=\"text-align: justify;\">Este establece que la Regi\u00f3n Metropolitana, zona saturada por ozono, material particulado respirable, part\u00edculas totales en suspensi\u00f3n y mon\u00f3nixo de carbono, y adem\u00e1s zona latente por di\u00f3xido de nitr\u00f3geno, requiere de un plan de control de las emisiones directas de material particulado.<\/p>\n<p style=\"text-align: justify;\">Adem\u00e1s, dicho PPDA estableci\u00f3 un per\u00edodo para la Gesti\u00f3n de Episodios Cr\u00edticos (GEC), el cual se extiende entre el 1 de abril y el 31 de agosto.<\/p>\n<p style=\"text-align: justify;\">Debido a los cambios que se introdujeron en 2010 en la Institucionalidad Ambiental, la Superintendencia del Medio Ambiente (SMA) qued\u00f3 a cargo del <a href=\"index.php\/noticias\/comunicados\/221-autoridades-informan-gestion-de-episodios-criticos-para-2013\">Programa Integrado de Fiscalizaci\u00f3n<\/a>&nbsp;del Plan de Prevenci\u00f3n y Descontaminaci\u00f3n de la RM.&nbsp;En este se fijan las prioridades y focos de fiscalizaci\u00f3n anualmente, como tambi\u00e9n los Presupuestos que los organismos p\u00fablicos encargados de la fiscalizaci\u00f3n y sanci\u00f3n, como lo son la Seremi de Transportes (fiscalizaci\u00f3n de fuentes m\u00f3viles); Seremi de Salud (fiscalizaci\u00f3n de fuentes fijas) y Conaf (fiscalizaci\u00f3n de quemas agr\u00edcolas).<\/p>\n<p>&nbsp;<\/p>\n<hr \/>\n<p style=\"text-align: center;\">&nbsp;&nbsp;<\/p>\n<table style=\"height: 175px; width: 657px; border: 1px solid #d4d4d4; background-color: #c3e9f9;\">\n<tbody>\n<tr>\n<td>\n<p style=\"font-size: 12.16px; line-height: 15.808px; text-align: center;\"><strong>SMA INFORMA<\/strong><br \/>&nbsp;<br \/>Respecto del&nbsp;<strong>\u201cInforme Consolidado de Ejecuci\u00f3n GEC-2015\u201d<\/strong>&nbsp;la SMA desea aclarar lo siguiente:<br \/>El modelo de fiscalizaci\u00f3n de la SEREMI de Transporte y Telecomunicaciones en materias del PPDA RM, considera dos \u00e1mbitos de acci\u00f3n principales: una fiscalizaci\u00f3n basada en un sistema de detecci\u00f3n por c\u00e1maras y tambi\u00e9n actividades de fiscalizaci\u00f3n en terreno. El informe en cuesti\u00f3n s\u00f3lo da cuenta del producto de las fiscalizaciones asociadas a infracciones detectadas y no corresponde al n\u00famero total de actividades de fiscalizaci\u00f3n llevadas a cabo por dicha repartici\u00f3n.&nbsp;<\/p>\n<\/td>\n<\/tr>\n<\/tbody>\n<\/table>\n<p style=\"text-align: center;\">&nbsp;&nbsp;<\/p>\n<hr \/>\n<h1 style=\"text-align: justify;\">INFORMES ANUALES<\/h1>\n<p><a class=\"doclink\" href=\"index.php?option=com_docman&amp;task=doc_download&amp;gid=393&amp;Itemid=280\"><img decoding=\"async\" class=\" size-full wp-image-15480\" src=\"https:\/\/portal.sma.gob.cl\/wp-content\/uploads\/2012\/07\/pdf.png\" alt=\"icon\" border=\"0\" width=\"16\" height=\"16\" \/>&nbsp;Informe Consolidado de Ejecuci\u00f3n -GEC 2015<\/a><\/p>\n<p><a class=\"doclink\" href=\"index.php?option=com_docman&amp;task=doc_download&amp;gid=322&amp;Itemid=280\"><img decoding=\"async\" class=\" size-full wp-image-15480\" src=\"https:\/\/portal.sma.gob.cl\/wp-content\/uploads\/2012\/07\/pdf.png\" alt=\"icon\" border=\"0\" width=\"16\" height=\"16\" \/>&nbsp;Informe Consolidado de Ejecuci\u00f3n -GEC 2014<\/a><\/p>\n<p><a class=\"doclink\" href=\"index.php?option=com_docman&amp;task=doc_download&amp;gid=176&amp;Itemid=280\"><img decoding=\"async\" class=\" size-full wp-image-15480\" src=\"https:\/\/portal.sma.gob.cl\/wp-content\/uploads\/2012\/07\/pdf.png\" alt=\"icon\" border=\"0\" width=\"16\" height=\"16\" \/>&nbsp;Informe Consolidado de Ejecuci\u00f3n- GEC 2013<\/a><\/p>\n<hr \/>\n<p>&nbsp;<\/p>\n<h1 style=\"text-align: justify;\">&nbsp;REPORTES MENSUALES 2014<\/h1>\n<p style=\"text-align: justify;\"><a class=\"doclink\" href=\"index.php?option=com_docman&amp;task=doc_download&amp;gid=266&amp;Itemid=280\"><img decoding=\"async\" class=\" size-full wp-image-15480\" src=\"https:\/\/portal.sma.gob.cl\/wp-content\/uploads\/2012\/07\/pdf.png\" alt=\"icon\" border=\"0\" width=\"16\" height=\"16\" \/>&nbsp;ABRIL_Reporte Per\u00edodo GEC<\/a><\/p>\n<p style=\"text-align: justify;\"><a class=\"doclink\" href=\"index.php?option=com_docman&amp;task=doc_download&amp;gid=268&amp;Itemid=280\"><img decoding=\"async\" class=\" size-full wp-image-15480\" src=\"https:\/\/portal.sma.gob.cl\/wp-content\/uploads\/2012\/07\/pdf.png\" alt=\"icon\" border=\"0\" width=\"16\" height=\"16\" \/>&nbsp;MAYO_Reporte per\u00edodo GEC **Actualizado**<\/a><\/p>\n<p style=\"text-align: justify;\"><a class=\"doclink\" href=\"index.php?option=com_docman&amp;task=doc_download&amp;gid=269&amp;Itemid=280\"><img decoding=\"async\" class=\" size-full wp-image-15480\" src=\"https:\/\/portal.sma.gob.cl\/wp-content\/uploads\/2012\/07\/pdf.png\" alt=\"icon\" border=\"0\" width=\"16\" height=\"16\" \/>&nbsp;JUNIO_Reporte Per\u00edodo GEC<\/a><\/p>\n<p style=\"text-align: justify;\"><a class=\"doclink\" href=\"index.php?option=com_docman&amp;task=doc_download&amp;gid=274&amp;Itemid=280\"><img decoding=\"async\" class=\" size-full wp-image-15480\" src=\"https:\/\/portal.sma.gob.cl\/wp-content\/uploads\/2012\/07\/pdf.png\" alt=\"icon\" border=\"0\" width=\"16\" height=\"16\" \/>&nbsp;JULIO_Reporte per\u00edodo GEC<\/a><\/p>\n<hr \/>\n<h1 style=\"text-align: justify;\">DOCUMENTOS\/RESOLUCIONES<\/h1>\n<p style=\"text-align: justify;\"><a class=\"doclink\" href=\"index.php?option=com_docman&amp;task=doc_download&amp;gid=121&amp;Itemid=175\"><img decoding=\"async\" class=\" size-full wp-image-15480\" src=\"https:\/\/portal.sma.gob.cl\/wp-content\/uploads\/2012\/07\/pdf.png\" alt=\"icon\" border=\"0\" width=\"16\" height=\"16\" \/>&nbsp;Resoluci\u00f3n Exenta N\u00b0 272 Programa Integrado de Fiscalizaci\u00f3n<\/a>&nbsp;2013<\/p>\n<p style=\"text-align: justify;\"><a class=\"doclink\" href=\"index.php?option=com_docman&amp;task=doc_download&amp;gid=324&amp;Itemid=280\"><img decoding=\"async\" class=\" size-full wp-image-15657\" src=\"https:\/\/portal.sma.gob.cl\/wp-content\/uploads\/2013\/06\/generic.png\" alt=\"icon\" border=\"0\" width=\"16\" height=\"16\" \/>&nbsp;Programa Integrado de Fiscalizaci\u00f3n 2014<\/a><\/p>\n<p style=\"text-align: justify;\">&nbsp;<\/p>\n<p style=\"text-align: justify;\"><a class=\"doclink\" href=\"index.php?option=com_docman&amp;task=doc_download&amp;gid=118&amp;Itemid=175\"><img decoding=\"async\" class=\" size-full wp-image-15480\" src=\"https:\/\/portal.sma.gob.cl\/wp-content\/uploads\/2012\/07\/pdf.png\" alt=\"icon\" border=\"0\" width=\"16\" height=\"16\" \/>&nbsp;Acta Reuni\u00f3n GEC (01-04-2013)<\/a>&nbsp;<\/p>\n<p style=\"text-align: justify;\"><a class=\"doclink\" href=\"index.php?option=com_docman&amp;task=doc_download&amp;gid=119&amp;Itemid=175\"><img decoding=\"async\" class=\" size-full wp-image-15480\" src=\"https:\/\/portal.sma.gob.cl\/wp-content\/uploads\/2012\/07\/pdf.png\" alt=\"icon\" border=\"0\" width=\"16\" height=\"16\" \/>&nbsp;Acta Reuni\u00f3n GEC (10-06-2013)<\/a><\/p>\n<p style=\"text-align: justify;\"><a class=\"doclink\" href=\"index.php?option=com_docman&amp;task=doc_download&amp;gid=120&amp;Itemid=175\"><img decoding=\"async\" class=\" size-full wp-image-15480\" src=\"https:\/\/portal.sma.gob.cl\/wp-content\/uploads\/2012\/07\/pdf.png\" alt=\"icon\" border=\"0\" width=\"16\" height=\"16\" \/>&nbsp;Resoluci\u00f3n Exenta N\u00b0 233\/2013 Sobre Remisi\u00f3n de Informaci\u00f3n<\/a><\/p>\n<p style=\"text-align: justify;\">&nbsp;<\/p>\n","protected":false},"excerpt":{"rendered":"<p>&nbsp; El Plan de Prevenci\u00f3n y Descontaminaci\u00f3n Atmosf\u00e9rica (PPDA) de la Regi\u00f3n Metropolitana fue reformulado y actualizado por el Decreto Supremo N\u00b0 66\/ 2009.&nbsp; Este establece que la Regi\u00f3n Metropolitana, zona saturada por ozono, material particulado respirable, part\u00edculas totales en suspensi\u00f3n y mon\u00f3nixo de carbono, y adem\u00e1s zona latente por di\u00f3xido de nitr\u00f3geno, requiere de un <a href=\"https:\/\/portal.sma.gob.cl\/index.php\/plan-de-prevencion-y-descontaminacion-atmosferica-de-la-region-metropolitana\/\">Leer m\u00e1s<\/a><\/p>\n","protected":false},"author":3,"featured_media":15656,"comment_status":"open","ping_status":"open","sticky":false,"template":"","format":"standard","meta":{"footnotes":""},"categories":[1],"tags":[],"class_list":["post-15658","post","type-post","status-publish","format-standard","has-post-thumbnail","hentry","category-sin-categoria"],"_links":{"self":[{"href":"https:\/\/portal.sma.gob.cl\/index.php\/wp-json\/wp\/v2\/posts\/15658","targetHints":{"allow":["GET"]}}],"collection":[{"href":"https:\/\/portal.sma.gob.cl\/index.php\/wp-json\/wp\/v2\/posts"}],"about":[{"href":"https:\/\/portal.sma.gob.cl\/index.php\/wp-json\/wp\/v2\/types\/post"}],"author":[{"embeddable":true,"href":"https:\/\/portal.sma.gob.cl\/index.php\/wp-json\/wp\/v2\/users\/3"}],"replies":[{"embeddable":true,"href":"https:\/\/portal.sma.gob.cl\/index.php\/wp-json\/wp\/v2\/comments?post=15658"}],"version-history":[{"count":0,"href":"https:\/\/portal.sma.gob.cl\/index.php\/wp-json\/wp\/v2\/posts\/15658\/revisions"}],"wp:featuredmedia":[{"embeddable":true,"href":"https:\/\/portal.sma.gob.cl\/index.php\/wp-json\/wp\/v2\/media\/15656"}],"wp:attachment":[{"href":"https:\/\/portal.sma.gob.cl\/index.php\/wp-json\/wp\/v2\/media?parent=15658"}],"wp:term":[{"taxonomy":"category","embeddable":true,"href":"https:\/\/portal.sma.gob.cl\/index.php\/wp-json\/wp\/v2\/categories?post=15658"},{"taxonomy":"post_tag","embeddable":true,"href":"https:\/\/portal.sma.gob.cl\/index.php\/wp-json\/wp\/v2\/tags?post=15658"}],"curies":[{"name":"wp","href":"https:\/\/api.w.org\/{rel}","templated":true}]}}