{"id":15662,"date":"2013-06-25T21:33:25","date_gmt":"2013-06-25T21:33:25","guid":{"rendered":"https:\/\/portal.sma.gob.cl\/index.php\/2013\/06\/25\/tribunal-ambiental-acoge-medida-cautelar-solicitada-por-la-sma\/"},"modified":"2013-06-25T21:33:25","modified_gmt":"2013-06-25T21:33:25","slug":"tribunal-ambiental-acoge-medida-cautelar-solicitada-por-la-sma","status":"publish","type":"post","link":"https:\/\/portal.sma.gob.cl\/index.php\/tribunal-ambiental-acoge-medida-cautelar-solicitada-por-la-sma\/","title":{"rendered":"Tribunal Ambiental acoge medida cautelar solicitada por la SMA"},"content":{"rendered":"<p style=\"text-align: justify;\"><strong><img decoding=\"async\" class=\"size-auto size-full wp-image-15661\" src=\"https:\/\/portal.sma.gob.cl\/wp-content\/uploads\/2013\/06\/SMA.jpg\" alt=\"SMA\" width=\"760\" height=\"375\" srcset=\"https:\/\/portal.sma.gob.cl\/wp-content\/uploads\/2013\/06\/SMA-200x99.jpg 200w, https:\/\/portal.sma.gob.cl\/wp-content\/uploads\/2013\/06\/SMA-300x148.jpg 300w, https:\/\/portal.sma.gob.cl\/wp-content\/uploads\/2013\/06\/SMA-400x197.jpg 400w, https:\/\/portal.sma.gob.cl\/wp-content\/uploads\/2013\/06\/SMA-600x296.jpg 600w, https:\/\/portal.sma.gob.cl\/wp-content\/uploads\/2013\/06\/SMA.jpg 760w\" sizes=\"(max-width: 760px) 100vw, 760px\" \/><\/strong><\/p>\n<p style=\"text-align: justify;\">&nbsp;<\/p>\n<p style=\"text-align: justify;\"><strong>La Superintendencia del Medio Ambiente (SMA) solicit\u00f3 autorizaci\u00f3n judicial para adoptar medidas provisionales en el caso de la construcci\u00f3n de una central hidroel\u00e9ctrica de pasada en las inmediaciones de la reserva natural privada Huilo Huilo (Regi\u00f3n de los R\u00edos), las que no cuentan con permiso ambiental.<\/strong><\/p>\n<p>  <!--more-->  <\/p>\n<p style=\"text-align: justify;\"><strong>Santiago, 25 de junio de 2013.-<\/strong> El Segundo Tribunal Ambiental autoriz\u00f3 a la Superintendencia del Medio Ambiente (SMA) para adoptar medidas provisionales, con fines exclusivamente cautelares, en el caso de la denuncia recibida respecto de la construcci\u00f3n de una central hidroel\u00e9ctrica de pasada en las inmediaciones de la reserva natural privada Huilo Huilo (Regi\u00f3n de los R\u00edos), las que no cuentan con permiso ambiental.<\/p>\n<p>La medida cautelar consiste en la clausura total y temporal de las instalaciones asociadas al proyecto Central Huilo Huilo, de Forestal Neltume Carranco S.A, mientras no obtenga su Resoluci\u00f3n de Calificaci\u00f3n Ambiental (RCA) favorable.<\/p>\n<p>La medida se adopta en raz\u00f3n que la Central Huilo Huilo puede generar hasta 6 MW, y letra c) del art\u00edculo 10 de la Ley N\u00b0 19.300, sobre Bases Generales del Medio Ambiente, establece que todo proyecto de generaci\u00f3n el\u00e9ctrica de m\u00e1s de 3 MW debe someterse Sistema de Evaluaci\u00f3n de Impacto Ambiental (SEIA).<\/p>\n<p>La ley establece que la SMA debe consultar la adopci\u00f3n de medidas cautelares ante los Tribunales Ambientales en forma previa a su adopci\u00f3n.<\/p>\n","protected":false},"excerpt":{"rendered":"<p>&nbsp; La Superintendencia del Medio Ambiente (SMA) solicit\u00f3 autorizaci\u00f3n judicial para adoptar medidas provisionales en el caso de la construcci\u00f3n de una central hidroel\u00e9ctrica de pasada en las inmediaciones de la reserva natural privada Huilo Huilo (Regi\u00f3n de los R\u00edos), las que no cuentan con permiso ambiental.<\/p>\n","protected":false},"author":3,"featured_media":15661,"comment_status":"open","ping_status":"open","sticky":false,"template":"","format":"standard","meta":{"footnotes":""},"categories":[90],"tags":[],"class_list":["post-15662","post","type-post","status-publish","format-standard","has-post-thumbnail","hentry","category-comunicados-noticias"],"_links":{"self":[{"href":"https:\/\/portal.sma.gob.cl\/index.php\/wp-json\/wp\/v2\/posts\/15662","targetHints":{"allow":["GET"]}}],"collection":[{"href":"https:\/\/portal.sma.gob.cl\/index.php\/wp-json\/wp\/v2\/posts"}],"about":[{"href":"https:\/\/portal.sma.gob.cl\/index.php\/wp-json\/wp\/v2\/types\/post"}],"author":[{"embeddable":true,"href":"https:\/\/portal.sma.gob.cl\/index.php\/wp-json\/wp\/v2\/users\/3"}],"replies":[{"embeddable":true,"href":"https:\/\/portal.sma.gob.cl\/index.php\/wp-json\/wp\/v2\/comments?post=15662"}],"version-history":[{"count":0,"href":"https:\/\/portal.sma.gob.cl\/index.php\/wp-json\/wp\/v2\/posts\/15662\/revisions"}],"wp:featuredmedia":[{"embeddable":true,"href":"https:\/\/portal.sma.gob.cl\/index.php\/wp-json\/wp\/v2\/media\/15661"}],"wp:attachment":[{"href":"https:\/\/portal.sma.gob.cl\/index.php\/wp-json\/wp\/v2\/media?parent=15662"}],"wp:term":[{"taxonomy":"category","embeddable":true,"href":"https:\/\/portal.sma.gob.cl\/index.php\/wp-json\/wp\/v2\/categories?post=15662"},{"taxonomy":"post_tag","embeddable":true,"href":"https:\/\/portal.sma.gob.cl\/index.php\/wp-json\/wp\/v2\/tags?post=15662"}],"curies":[{"name":"wp","href":"https:\/\/api.w.org\/{rel}","templated":true}]}}