{"id":15670,"date":"2013-07-02T20:57:14","date_gmt":"2013-07-02T20:57:14","guid":{"rendered":"https:\/\/portal.sma.gob.cl\/index.php\/2013\/07\/02\/sma-participa-en-comite-operativo-de-plan-de-descontaminacion\/"},"modified":"2013-07-02T20:57:14","modified_gmt":"2013-07-02T20:57:14","slug":"sma-participa-en-comite-operativo-de-plan-de-descontaminacion","status":"publish","type":"post","link":"https:\/\/portal.sma.gob.cl\/index.php\/sma-participa-en-comite-operativo-de-plan-de-descontaminacion\/","title":{"rendered":"SMA participa en Comit\u00e9 Operativo de Plan de Descontaminaci\u00f3n"},"content":{"rendered":"<p style=\"text-align: justify;\"><strong><img decoding=\"async\" class=\"size-auto size-full wp-image-15669\" src=\"https:\/\/portal.sma.gob.cl\/wp-content\/uploads\/2013\/07\/2-julio02.jpg\" alt=\"2-julio02\" width=\"680\" height=\"375\" srcset=\"https:\/\/portal.sma.gob.cl\/wp-content\/uploads\/2013\/07\/2-julio02-200x110.jpg 200w, https:\/\/portal.sma.gob.cl\/wp-content\/uploads\/2013\/07\/2-julio02-300x165.jpg 300w, https:\/\/portal.sma.gob.cl\/wp-content\/uploads\/2013\/07\/2-julio02-400x221.jpg 400w, https:\/\/portal.sma.gob.cl\/wp-content\/uploads\/2013\/07\/2-julio02-600x331.jpg 600w, https:\/\/portal.sma.gob.cl\/wp-content\/uploads\/2013\/07\/2-julio02.jpg 680w\" sizes=\"(max-width: 680px) 100vw, 680px\" \/><\/strong><\/p>\n<p style=\"text-align: justify;\"><strong>Los organismos con competencia ambiental dieron cuenta de los avances en la fiscalizaci\u00f3n del Plan de Descontaminaci\u00f3n (PDA) de Temuco y Padre Las Casas.<\/strong><\/p>\n<p>  <!--more-->  <\/p>\n<p style=\"text-align: justify;\"><strong>Temuco, 2 de julio de 2013.-<\/strong> La Superintendencia del Medio Ambiente (SMA) particip\u00f3 ayer en la Segunda Reuni\u00f3n del Comit\u00e9 Operativo del Plan de Descontaminaci\u00f3n (PDA) de Temuco y Padre Las Casas, instancia convocada en conjunto por la SMA y la Seremi de Medio Ambiente de la Regi\u00f3n de la Araucan\u00eda, con el fin de evaluar las medidas de fiscalizaci\u00f3n de dicho plan, as\u00ed como tambi\u00e9n las otras medidas de gesti\u00f3n de dicho plan, como el recambio de estufas que est\u00e1 implementando la Seremi de Medio Ambiente y el aislamiento t\u00e9rmico de viviendas llevado a cabo por Serviu.<\/p>\n<p style=\"text-align: justify;\">Por parte de la Superintendencia del Medio Ambiente particip\u00f3 el jefe de la Macro Zona Sur, Eduardo Rodr\u00edguez; Mar\u00eda de los \u00c1ngeles Hanne, de la Divisi\u00f3n de Fiscalizaci\u00f3n; y Jos\u00e9 Ignacio Vial, de Fiscal\u00eda. En la reuni\u00f3n tambi\u00e9n participaron los encargados de la coordinaci\u00f3n del PDA de Temuco y Padre Las Casas, de la Seremi de Medio Ambiente, Seremi de Salud, CONAF, Seremi de Vivienda, SERVIU y la Superintendencia de Electricidad y Combustible (SEC).&nbsp;<\/p>\n<p>En el encuentro se hizo un repaso sobre las actividades desarrolladas el primer semestre, enfocadas en el \u00e1rea de educaci\u00f3n y difusi\u00f3n a la poblaci\u00f3n de las medidas del PDA, as\u00ed como tambi\u00e9n de las fiscalizaciones realizadas por salud, los municipios de Temuco y Padre Las Casas y la Superintendencia del Medio Ambiente.&nbsp;<\/p>\n<p style=\"text-align: justify;\">&nbsp;<\/p>\n<p style=\"text-align: justify;\">&nbsp;<\/p>\n","protected":false},"excerpt":{"rendered":"<p>Los organismos con competencia ambiental dieron cuenta de los avances en la fiscalizaci\u00f3n del Plan de Descontaminaci\u00f3n (PDA) de Temuco y Padre Las Casas.<\/p>\n","protected":false},"author":3,"featured_media":15669,"comment_status":"open","ping_status":"open","sticky":false,"template":"","format":"standard","meta":{"footnotes":""},"categories":[90],"tags":[],"class_list":["post-15670","post","type-post","status-publish","format-standard","has-post-thumbnail","hentry","category-comunicados-noticias"],"_links":{"self":[{"href":"https:\/\/portal.sma.gob.cl\/index.php\/wp-json\/wp\/v2\/posts\/15670","targetHints":{"allow":["GET"]}}],"collection":[{"href":"https:\/\/portal.sma.gob.cl\/index.php\/wp-json\/wp\/v2\/posts"}],"about":[{"href":"https:\/\/portal.sma.gob.cl\/index.php\/wp-json\/wp\/v2\/types\/post"}],"author":[{"embeddable":true,"href":"https:\/\/portal.sma.gob.cl\/index.php\/wp-json\/wp\/v2\/users\/3"}],"replies":[{"embeddable":true,"href":"https:\/\/portal.sma.gob.cl\/index.php\/wp-json\/wp\/v2\/comments?post=15670"}],"version-history":[{"count":0,"href":"https:\/\/portal.sma.gob.cl\/index.php\/wp-json\/wp\/v2\/posts\/15670\/revisions"}],"wp:featuredmedia":[{"embeddable":true,"href":"https:\/\/portal.sma.gob.cl\/index.php\/wp-json\/wp\/v2\/media\/15669"}],"wp:attachment":[{"href":"https:\/\/portal.sma.gob.cl\/index.php\/wp-json\/wp\/v2\/media?parent=15670"}],"wp:term":[{"taxonomy":"category","embeddable":true,"href":"https:\/\/portal.sma.gob.cl\/index.php\/wp-json\/wp\/v2\/categories?post=15670"},{"taxonomy":"post_tag","embeddable":true,"href":"https:\/\/portal.sma.gob.cl\/index.php\/wp-json\/wp\/v2\/tags?post=15670"}],"curies":[{"name":"wp","href":"https:\/\/api.w.org\/{rel}","templated":true}]}}