{"id":15676,"date":"2013-07-08T15:09:39","date_gmt":"2013-07-08T15:09:39","guid":{"rendered":"https:\/\/portal.sma.gob.cl\/index.php\/2013\/07\/08\/sma-realiza-taller-de-fiscalizacion-ambiental-en-iquique-y-antofagasta\/"},"modified":"2013-07-08T15:09:39","modified_gmt":"2013-07-08T15:09:39","slug":"sma-realiza-taller-de-fiscalizacion-ambiental-en-iquique-y-antofagasta","status":"publish","type":"post","link":"https:\/\/portal.sma.gob.cl\/index.php\/sma-realiza-taller-de-fiscalizacion-ambiental-en-iquique-y-antofagasta\/","title":{"rendered":"SMA realiza taller de Fiscalizaci\u00f3n Ambiental en Iquique y Antofagasta"},"content":{"rendered":"<p style=\"text-align: justify;\"><a href=\"index.php\/noticias\/notas\/267-sma-realiza-taller-de-fiscalizacion-ambiental-en-iquique-y-antofagasta\"><strong><img decoding=\"async\" class=\"size-auto size-full wp-image-15675\" src=\"https:\/\/portal.sma.gob.cl\/wp-content\/uploads\/2013\/07\/taller.jpg\" alt=\" taller\" width=\"760\" height=\"375\" srcset=\"https:\/\/portal.sma.gob.cl\/wp-content\/uploads\/2013\/07\/taller-200x99.jpg 200w, https:\/\/portal.sma.gob.cl\/wp-content\/uploads\/2013\/07\/taller-300x148.jpg 300w, https:\/\/portal.sma.gob.cl\/wp-content\/uploads\/2013\/07\/taller-400x197.jpg 400w, https:\/\/portal.sma.gob.cl\/wp-content\/uploads\/2013\/07\/taller-600x296.jpg 600w, https:\/\/portal.sma.gob.cl\/wp-content\/uploads\/2013\/07\/taller.jpg 760w\" sizes=\"(max-width: 760px) 100vw, 760px\" \/><\/strong><\/a><\/p>\n<p style=\"text-align: justify;\"><strong>La iniciativa permiti\u00f3 a la nueva jefa Macro Zonal Norte, Mar\u00eda Isabel Reinoso, dar conocer los procedimientos de fiscalizaci\u00f3n y sanci\u00f3n que lleva a cabo la Superintendencia del Medio Ambiente (SMA).<\/strong><\/p>\n<p>  <!--more-->  <\/p>\n<p style=\"text-align: justify;\"><strong>Antofagasta, 04 de julio de 2013.<\/strong> Funcionarios de la Superintendencia del Medio Ambiente (SMA) junto a Mar\u00eda Isabel Reinoso, jefa Macro Zonal Norte, realizaron dos talleres en conjunto con servicios p\u00fablicos con competencia ambiental para dar a conocer los procedimientos de fiscalizaci\u00f3n que hoy lleva a cabo la SMA. El primero fue el 2 de julio en Antofagasta y el segundo taller el 3 de julio en Iquique.<\/p>\n<p style=\"text-align: justify;\">En la actividad se abord\u00f3 el estado de avance de los Programas y Subprogramas que organiza la SMA de la Macro Zona Norte \u2013que comprende entre las regiones de Arica y Parinacota hasta la Regi\u00f3n de Atacama-, profundizando temas atingentes a la labor de fiscalizaci\u00f3n efectuada por los organismos subprogramados (Osp) con competencia ambiental. Tambi\u00e9n se repasaron los principios que rigen el procedimiento de fiscalizaci\u00f3n y se dieron a conocer los protocolos de acci\u00f3n en conjunto con Carabineros de Chile, quienes apoyar\u00e1n la labor de la SMA, sobre todo cuando haya negativa a una inspecci\u00f3n ambiental.<\/p>\n<p style=\"text-align: justify;\">El encuentro fue organizado en una iniciativa conjunta con Hugo Thenoux Ciudad, Secretario Regional Ministerial de Antofagasta y Cristi\u00e1n Gutierrez Villalobos, Director Regional de Antofagasta del Servicio de Evaluaci\u00f3n Ambiental (s), quienes expusieron acerca de las funciones de sus respectivos organismos. Por su parte, en la Regi\u00f3n de Iquique, las actividades fueron organizadas en conjunto con el SEREMI de Medio Ambiente, Alfredo Guzm\u00e1n.<\/p>\n<p style=\"text-align: justify;\">\u201cEsta fue una instancia para establecer y aclarar directrices que faciliten el trabajo con los servicios p\u00fablicos que colaboran con esta importante labor de fiscalizaci\u00f3n\u201d, dijo Mar\u00eda Isabel Reinoso, nueva jefa Macro Zonal Norte.<\/p>\n","protected":false},"excerpt":{"rendered":"<p>La iniciativa permiti\u00f3 a la nueva jefa Macro Zonal Norte, Mar\u00eda Isabel Reinoso, dar conocer los procedimientos de fiscalizaci\u00f3n y sanci\u00f3n que lleva a cabo la Superintendencia del Medio Ambiente (SMA).<\/p>\n","protected":false},"author":3,"featured_media":15675,"comment_status":"open","ping_status":"open","sticky":false,"template":"","format":"standard","meta":{"footnotes":""},"categories":[94],"tags":[],"class_list":["post-15676","post","type-post","status-publish","format-standard","has-post-thumbnail","hentry","category-notas-noticias"],"_links":{"self":[{"href":"https:\/\/portal.sma.gob.cl\/index.php\/wp-json\/wp\/v2\/posts\/15676","targetHints":{"allow":["GET"]}}],"collection":[{"href":"https:\/\/portal.sma.gob.cl\/index.php\/wp-json\/wp\/v2\/posts"}],"about":[{"href":"https:\/\/portal.sma.gob.cl\/index.php\/wp-json\/wp\/v2\/types\/post"}],"author":[{"embeddable":true,"href":"https:\/\/portal.sma.gob.cl\/index.php\/wp-json\/wp\/v2\/users\/3"}],"replies":[{"embeddable":true,"href":"https:\/\/portal.sma.gob.cl\/index.php\/wp-json\/wp\/v2\/comments?post=15676"}],"version-history":[{"count":0,"href":"https:\/\/portal.sma.gob.cl\/index.php\/wp-json\/wp\/v2\/posts\/15676\/revisions"}],"wp:featuredmedia":[{"embeddable":true,"href":"https:\/\/portal.sma.gob.cl\/index.php\/wp-json\/wp\/v2\/media\/15675"}],"wp:attachment":[{"href":"https:\/\/portal.sma.gob.cl\/index.php\/wp-json\/wp\/v2\/media?parent=15676"}],"wp:term":[{"taxonomy":"category","embeddable":true,"href":"https:\/\/portal.sma.gob.cl\/index.php\/wp-json\/wp\/v2\/categories?post=15676"},{"taxonomy":"post_tag","embeddable":true,"href":"https:\/\/portal.sma.gob.cl\/index.php\/wp-json\/wp\/v2\/tags?post=15676"}],"curies":[{"name":"wp","href":"https:\/\/api.w.org\/{rel}","templated":true}]}}