{"id":15678,"date":"2013-07-11T19:19:19","date_gmt":"2013-07-11T19:19:19","guid":{"rendered":"https:\/\/portal.sma.gob.cl\/index.php\/2013\/07\/11\/sma-realiza-seminario-de-fiscalizacion-y-seguimiento-ambiental\/"},"modified":"2013-07-11T19:19:19","modified_gmt":"2013-07-11T19:19:19","slug":"sma-realiza-seminario-de-fiscalizacion-y-seguimiento-ambiental","status":"publish","type":"post","link":"https:\/\/portal.sma.gob.cl\/index.php\/sma-realiza-seminario-de-fiscalizacion-y-seguimiento-ambiental\/","title":{"rendered":"SMA realiza seminario de fiscalizaci\u00f3n y seguimiento ambiental"},"content":{"rendered":"<p style=\"text-align: justify;\"><strong><img decoding=\"async\" class=\"size-auto size-full wp-image-15677\" src=\"https:\/\/portal.sma.gob.cl\/wp-content\/uploads\/2013\/07\/SIMA.jpg\" alt=\"SIMA\" width=\"760\" height=\"300\" srcset=\"https:\/\/portal.sma.gob.cl\/wp-content\/uploads\/2013\/07\/SIMA-200x79.jpg 200w, https:\/\/portal.sma.gob.cl\/wp-content\/uploads\/2013\/07\/SIMA-300x118.jpg 300w, https:\/\/portal.sma.gob.cl\/wp-content\/uploads\/2013\/07\/SIMA-400x158.jpg 400w, https:\/\/portal.sma.gob.cl\/wp-content\/uploads\/2013\/07\/SIMA-600x237.jpg 600w, https:\/\/portal.sma.gob.cl\/wp-content\/uploads\/2013\/07\/SIMA.jpg 760w\" sizes=\"(max-width: 760px) 100vw, 760px\" \/><\/strong><\/p>\n<p style=\"text-align: justify;\"><strong>La actividad, dirigida a titulares de Resoluciones de Calificaci\u00f3n Ambiental cont\u00f3 con m\u00e1s de 100 participantes.&nbsp;<\/p>\n<p><\/strong><\/p>\n<p>  <!--more-->  <\/p>\n<p style=\"text-align: justify;\"><strong style=\"line-height: 1.3em;\">Santiago, 11 de julio de 2013.<\/strong> La Superintendencia del Medio Ambiente (SMA) llev\u00f3 a cabo ayer el seminario \u201cFiscalizaci\u00f3n y Seguimiento Ambiental\u201d, organizado por la Divisi\u00f3n de Fiscalizaci\u00f3n. Esta actividad, dirigida a titulares de Resoluciones de Calificaci\u00f3n Ambiental (RCA), tuvo como objetivo dar a conocer los procedimientos de fiscalizaci\u00f3n ambiental implementados por la SMA desde que comenz\u00f3 a operar con plenas facultades, el 28 de diciembre de 2012.&nbsp;<\/p>\n<p>M\u00e1s de 100 encargados ambientales de compa\u00f1\u00edas con proyectos con RCA participaron en la iniciativa, realizada en el Hotel Plaza San Francisco. Pr\u00f3ximamente, la SMA realizar\u00e1 seminarios en la Macro Zona Norte \u2013con sede en Antofagasta- y la Macro Zona Sur \u2013con asiento en Valdivia-, para as\u00ed dar cumplimiento al rol de asistencia al regulado, crucial entre las labores de la SMA.<\/p>\n<p style=\"text-align: justify;\">El Superintendente (S), Juan Carlos Monckeberg, dio inicio a la jornada con un discurso, donde explic\u00f3 que con la reforma a la institucionalidad ambiental \u2013que se comenz\u00f3 a implementar en 2010-, \u201cno s\u00f3lo cambi\u00f3 la forma de operar y trabajar de los organismos del Estado. Tambi\u00e9n cambi\u00f3 la forma en que los titulares de proyectos, fuentes o actividades deber\u00e1n afrontar la evaluaci\u00f3n ambiental de proyectos en el SEIA, pero quiz\u00e1 m\u00e1s profundamente, cambi\u00f3 la forma en que los titulares deber\u00e1n administrar y dar cumplimiento a las obligaciones que emanan de sus instrumentos de gesti\u00f3n ambiental\u201d. A\u00f1adi\u00f3 que el seguimiento ambiental es uno de los campos m\u00e1s relevantes que sufri\u00f3 cambios con la entrada en vigencia de la SMA y para ello se dictaron 2 resoluciones fundacionales: las <a href=\"http:\/\/snifa.sma.gob.cl\/RegistroPublico\/Norma\/IndexInstruccionesDirectrices\" target=\"_blank\">Resoluciones Exentas N\u00b0 574 y 844<\/a>, de fecha 2 de octubre y 12 de diciembre de 2012, respectivamente.<\/p>\n<p>La Resoluci\u00f3n Exenta N\u00b0 574, explic\u00f3 Monckeberg, permiti\u00f3 crear el Registro P\u00fablico de Resoluciones de Calificaci\u00f3n Ambiental, a trav\u00e9s de un requerimiento de informaci\u00f3n a los regulados, para poder contar con informaci\u00f3n actualizada, ver\u00eddica, y comprobable respecto del n\u00famero de Resoluciones de Calificaci\u00f3n Ambiental que exist\u00edan, sobre qui\u00e9nes son sus titulares, los representantes legales y domicilio de \u00e9stos; y el n\u00famero e individualizaci\u00f3n de las pertinencias de ingreso al SEIA.<\/p>\n<p>En tanto, la Resoluci\u00f3n Exenta N\u00b0 844, est\u00e1 relacionada con el seguimiento ambiental de variables establecidas en las RCA. \u201cNos ha sorprendido el n\u00famero de informes que hemos recibido en tan s\u00f3lo 6 meses de funcionamiento, que llegan a los 4.000. Nunca en la historia del pa\u00eds se hab\u00eda logrado determinar el n\u00famero de informes de seguimiento que los titulares deb\u00edan realizar, y que deb\u00eda recibir y fiscalizar la autoridad ambiental. El s\u00f3lo levantamiento de esta informaci\u00f3n constituye un paso inmenso en t\u00e9rminos estad\u00edsticos\u201d, asegur\u00f3 Monckeberg.<\/p>\n<p><strong>El procedimiento de fiscalizaci\u00f3n<\/strong><\/p>\n<p>Posteriormente, el jefe de la Divisi\u00f3n de Fiscalizaci\u00f3n de la SMA, Kay Bergamini, realiz\u00f3 una detallada explicaci\u00f3n sobre el proceso de fiscalizaci\u00f3n ambiental, detallando sus ejes estrat\u00e9gicos.<\/p>\n<p>Bergamini indic\u00f3 que la fiscalizaci\u00f3n de proyectos se consideran dos variables: los aspectos ambientales relativos a la tipolog\u00eda de los mismos (por ejemplo, si son mineros, energ\u00e9ticos, salmoneros, etc), y tambi\u00e9n los aspectos ambientales relativos al emplazamiento, donde se toman en cuenta la afectaci\u00f3n de cursos de agua, aire, flora y vegetaci\u00f3n, fauna y grupos humanos aleda\u00f1os. <\/p>\n<p>El jefe de la Divisi\u00f3n de Fiscalizaci\u00f3n tambi\u00e9n respondi\u00f3 consultas de la audiencia, explicando, por ejemplo, que el procedimiento de fiscalizaci\u00f3n finaliza con la elaboraci\u00f3n de un Informe de Fiscalizaci\u00f3n Ambiental, el cual cuenta con un resumen de las actividades realizadas y una breve descripci\u00f3n de los principales hallazgos, el motivo de la actividad y la identificaci\u00f3n de todos aquellos hechos que constituyen no conformidades del proyecto o actividad fiscalizada. Si se encuentran no conformidades, estas se derivan a la Unidad de Instrucci\u00f3n de Procedimientos Sancionatorios (UIPS), mientras que si no se detectan estos casos, el informe se sube al Sistema Nacional de Informaci\u00f3n de Fiscalizaci\u00f3n Ambiental <a href=\"http:\/\/snifa.sma.gob.cl\/registropublico\/snifahome\" target=\"_blank\">(SNIFA)<\/a>.<\/p>\n<p>Ante consultas de los asistentes, Bergamini hizo hincapi\u00e9 en que la Superintendencia es el \u00fanico organismo facultado por ley para realizar fiscalizaciones de Resoluciones de Calificaci\u00f3n Ambiental (RCA). No obstante, el modelo de fiscalizaci\u00f3n de la SMA considera la encomendaci\u00f3n de actividades a Organismos Subprogramados \u2013que tienen una basta experiencia sectorial-, quienes s\u00f3lo pueden actuar en el marco de convenios con la SMA.<\/p>\n<p style=\"text-align: justify;\"><a class=\"doclink\" href=\"index.php?option=com_docman&amp;task=doc_download&amp;gid=128&amp;Itemid=175\"><img decoding=\"async\" class=\" size-full wp-image-15480\" src=\"https:\/\/portal.sma.gob.cl\/wp-content\/uploads\/2012\/07\/pdf.png\" alt=\"icon\" border=\"0\" width=\"16\" height=\"16\" \/>&nbsp;01 Taller Seguimiento Kay Bergamini<\/a><\/p>\n<p style=\"text-align: justify;\"><a class=\"doclink\" href=\"index.php?option=com_docman&amp;task=doc_download&amp;gid=125&amp;Itemid=175\"><img decoding=\"async\" class=\" size-full wp-image-15480\" src=\"https:\/\/portal.sma.gob.cl\/wp-content\/uploads\/2012\/07\/pdf.png\" alt=\"icon\" border=\"0\" width=\"16\" height=\"16\" \/>&nbsp;02_Seguimiento Ambiental Taller Final_CP_IH<\/a><\/p>\n<p style=\"text-align: justify;\"><a class=\"doclink\" href=\"index.php?option=com_docman&amp;task=doc_download&amp;gid=126&amp;Itemid=175\"><img decoding=\"async\" class=\" size-full wp-image-15480\" src=\"https:\/\/portal.sma.gob.cl\/wp-content\/uploads\/2012\/07\/pdf.png\" alt=\"icon\" border=\"0\" width=\"16\" height=\"16\" \/>&nbsp;03_Seguimiento Ambiental Taller Final_SH_MI<\/a><\/p>\n<p style=\"text-align: justify;\"><a class=\"doclink\" href=\"index.php?option=com_docman&amp;task=doc_download&amp;gid=127&amp;Itemid=175\"><img decoding=\"async\" class=\" size-full wp-image-15480\" src=\"https:\/\/portal.sma.gob.cl\/wp-content\/uploads\/2012\/07\/pdf.png\" alt=\"icon\" border=\"0\" width=\"16\" height=\"16\" \/>&nbsp;04_Seguimiento Ambiental Normas y Planes<\/a><\/p>\n<p style=\"text-align: justify;\">&nbsp;<\/p>\n","protected":false},"excerpt":{"rendered":"<p>La actividad, dirigida a titulares de Resoluciones de Calificaci\u00f3n Ambiental cont\u00f3 con m\u00e1s de 100 participantes.&nbsp;<\/p>\n","protected":false},"author":3,"featured_media":15677,"comment_status":"open","ping_status":"open","sticky":false,"template":"","format":"standard","meta":{"footnotes":""},"categories":[94],"tags":[],"class_list":["post-15678","post","type-post","status-publish","format-standard","has-post-thumbnail","hentry","category-notas-noticias"],"_links":{"self":[{"href":"https:\/\/portal.sma.gob.cl\/index.php\/wp-json\/wp\/v2\/posts\/15678","targetHints":{"allow":["GET"]}}],"collection":[{"href":"https:\/\/portal.sma.gob.cl\/index.php\/wp-json\/wp\/v2\/posts"}],"about":[{"href":"https:\/\/portal.sma.gob.cl\/index.php\/wp-json\/wp\/v2\/types\/post"}],"author":[{"embeddable":true,"href":"https:\/\/portal.sma.gob.cl\/index.php\/wp-json\/wp\/v2\/users\/3"}],"replies":[{"embeddable":true,"href":"https:\/\/portal.sma.gob.cl\/index.php\/wp-json\/wp\/v2\/comments?post=15678"}],"version-history":[{"count":0,"href":"https:\/\/portal.sma.gob.cl\/index.php\/wp-json\/wp\/v2\/posts\/15678\/revisions"}],"wp:featuredmedia":[{"embeddable":true,"href":"https:\/\/portal.sma.gob.cl\/index.php\/wp-json\/wp\/v2\/media\/15677"}],"wp:attachment":[{"href":"https:\/\/portal.sma.gob.cl\/index.php\/wp-json\/wp\/v2\/media?parent=15678"}],"wp:term":[{"taxonomy":"category","embeddable":true,"href":"https:\/\/portal.sma.gob.cl\/index.php\/wp-json\/wp\/v2\/categories?post=15678"},{"taxonomy":"post_tag","embeddable":true,"href":"https:\/\/portal.sma.gob.cl\/index.php\/wp-json\/wp\/v2\/tags?post=15678"}],"curies":[{"name":"wp","href":"https:\/\/api.w.org\/{rel}","templated":true}]}}