{"id":15680,"date":"2013-07-12T14:54:59","date_gmt":"2013-07-12T14:54:59","guid":{"rendered":"https:\/\/portal.sma.gob.cl\/index.php\/2013\/07\/12\/sma-explica-los-pasos-del-seguimiento-ambiental-asociado-a-rca\/"},"modified":"2013-07-12T14:54:59","modified_gmt":"2013-07-12T14:54:59","slug":"sma-explica-los-pasos-del-seguimiento-ambiental-asociado-a-rca","status":"publish","type":"post","link":"https:\/\/portal.sma.gob.cl\/index.php\/sma-explica-los-pasos-del-seguimiento-ambiental-asociado-a-rca\/","title":{"rendered":"SMA explica los pasos del seguimiento ambiental asociado a RCA"},"content":{"rendered":"<p style=\"text-align: justify;\"><img decoding=\"async\" class=\"size-auto size-full wp-image-15679\" src=\"https:\/\/portal.sma.gob.cl\/wp-content\/uploads\/2013\/07\/nota1.jpg\" alt=\"nota1\" width=\"760\" height=\"300\" srcset=\"https:\/\/portal.sma.gob.cl\/wp-content\/uploads\/2013\/07\/nota1-200x79.jpg 200w, https:\/\/portal.sma.gob.cl\/wp-content\/uploads\/2013\/07\/nota1-300x118.jpg 300w, https:\/\/portal.sma.gob.cl\/wp-content\/uploads\/2013\/07\/nota1-400x158.jpg 400w, https:\/\/portal.sma.gob.cl\/wp-content\/uploads\/2013\/07\/nota1-600x237.jpg 600w, https:\/\/portal.sma.gob.cl\/wp-content\/uploads\/2013\/07\/nota1.jpg 760w\" sizes=\"(max-width: 760px) 100vw, 760px\" \/><\/p>\n<p style=\"text-align: justify;\"><strong>En el marco del seminario \u201cFiscalizaci\u00f3n y Seguimiento Ambiental\u201d, al que asistieron m\u00e1s de 100 invitados, se analizaron las variables del seguimiento ambiental asociado a Resoluciones de Calificaci\u00f3n Ambiental (RCA).<\/strong><\/p>\n<p>  <!--more-->  <\/p>\n<p style=\"text-align: justify;\"><strong>Santiago, 10 de julio de 2013.<\/strong> La Superintendencia del Medio Ambiente (SMA) llev\u00f3 a cabo el seminario \u201cFiscalizaci\u00f3n y Seguimiento Ambiental\u201d, organizado por la Divisi\u00f3n de Fiscalizaci\u00f3n. Esta actividad, dirigida a titulares de Resoluciones de Calificaci\u00f3n Ambiental (RCA), cont\u00f3 con la presencia de m\u00e1s de 100 encargados ambientales de compa\u00f1\u00edas con proyectos con RCA.<\/p>\n<p>El \u00e1rea de seguimiento ambiental asociado a RCA estuvo a cargo de Claudia Pastore e Iv\u00e1n Honorato, de la unidad de gesti\u00f3n que pertenece a la Divisi\u00f3n de Fiscalizaci\u00f3n de la SMA.<\/p>\n<p>Claudia Pastore explic\u00f3 que el <a href=\"http:\/\/formularios.sma.gob.cl\/01\/index.php\/cuenta\/login\" target=\"_blank\">Formulario 574<\/a>, que la Superintendencia puso a disposici\u00f3n a partir de octubre de 2012, est\u00e1 destinado a titulares de RCA y busca obtener una actualizaci\u00f3n de la informaci\u00f3n del titular del proyecto; saber si han existido cambios en los mismos \u2013por ejemplo, a trav\u00e9s de pertinencias ingresadas al Sistema de Evaluaci\u00f3n de Impacto Ambiental-, y el estado de los proyectos (en construcci\u00f3n, operaci\u00f3n, abandono).<\/p>\n<p>En tanto, la <a href=\"http:\/\/snifa.sma.gob.cl\/SistemaSeguimientoAmbiental\/Account\/Login?ReturnUrl=%2fSistemaSeguimientoAmbiental\" target=\"_blank\">Resoluci\u00f3n Exenta N\u00b0 844<\/a>, que cre\u00f3 el Sistema de Seguimiento Ambiental asociado a RCA, \u201cbusca que los titulares env\u00eden las condiciones, compromisos, medidas, monitoreos, mediciones, an\u00e1lisis y auditor\u00edas que expresamente est\u00e1n pedidas en sus RCA\u201d, explic\u00f3 Pastore.<\/p>\n<p>Honorato dio ejemplos de las cifras obtenidas hasta ahora por el Sistema de Seguimiento de la SMA, el que durante los primeros seis meses de operaci\u00f3n los titulares han remitido m\u00e1s de 4.500 informes a la Superintendencia. La Regi\u00f3n de Antofagasta es la que presenta la mayor cantidad de este tipo de informes, mientras que las regiones de la Araucan\u00eda y Los R\u00edos son las zonas con menores cantidades de reportes.<\/p>\n<p style=\"text-align: justify;\">En cuanto a la entrega de estos informes por sectores econ\u00f3micos, Honorato explic\u00f3 la miner\u00eda lidera la entrega de informes, seguido por saneamiento ambiental y energ\u00eda.<\/p>\n<p>Durante la jornada tambi\u00e9n se entreg\u00f3 asistencia sobre c\u00f3mo realizar la carga de informes al Sistema de Seguimiento Ambiental (844) por parte de los titulares, donde se expuso paso a paso el funcionamiento de este Sistema, adem\u00e1s se explicaron los errores m\u00e1s frecuentes reportados por parte de los titulares y las pr\u00f3ximas modificaciones que se incluir\u00e1n en el Sistema de Seguimiento ambiental como &nbsp;por ejemplo el no tener que ingresar comprobante de remisi\u00f3n de antecedentes a trav\u00e9s de la Oficina de Partes. Esta labor estuvo a cargo de Sandra Hern\u00e1ndez y Mar\u00eda In\u00e9s Mu\u00f1oz, de la Divisi\u00f3n de Fiscalizaci\u00f3n.<\/p>\n<p><strong>VER PRESENTACIONES<\/strong><\/p>\n<p style=\"text-align: justify;\"><strong><a class=\"doclink\" href=\"index.php?option=com_docman&amp;task=doc_download&amp;gid=125&amp;Itemid=175\"><img decoding=\"async\" class=\" size-full wp-image-15480\" src=\"https:\/\/portal.sma.gob.cl\/wp-content\/uploads\/2012\/07\/pdf.png\" alt=\"icon\" border=\"0\" width=\"16\" height=\"16\" \/>&nbsp;02_Seguimiento Ambiental Taller Final_CP_IH<\/a><\/strong><\/p>\n<p style=\"text-align: justify;\"><strong><a class=\"doclink\" href=\"index.php?option=com_docman&amp;task=doc_download&amp;gid=126&amp;Itemid=175\"><img decoding=\"async\" class=\" size-full wp-image-15480\" src=\"https:\/\/portal.sma.gob.cl\/wp-content\/uploads\/2012\/07\/pdf.png\" alt=\"icon\" border=\"0\" width=\"16\" height=\"16\" \/>&nbsp;03_Seguimiento Ambiental Taller Final_SH_MI<\/a><\/strong><\/p>\n<p style=\"text-align: justify;\"><strong>M\u00c1S INFORMACI\u00d3N<\/strong><\/p>\n<p style=\"text-align: justify;\"><a href=\"index.php\/noticias\/notas\/268-sma-realiza-seminario-de-fiscalizacion-y-seguimiento-ambiental\" target=\"_blank\">SMA realiza seminario de fiscalizaci\u00f3n y seguimiento ambiental&nbsp;<\/a><\/p>\n","protected":false},"excerpt":{"rendered":"<p>En el marco del seminario \u201cFiscalizaci\u00f3n y Seguimiento Ambiental\u201d, al que asistieron m\u00e1s de 100 invitados, se analizaron las variables del seguimiento ambiental asociado a Resoluciones de Calificaci\u00f3n Ambiental (RCA).<\/p>\n","protected":false},"author":3,"featured_media":15679,"comment_status":"open","ping_status":"open","sticky":false,"template":"","format":"standard","meta":{"footnotes":""},"categories":[94],"tags":[],"class_list":["post-15680","post","type-post","status-publish","format-standard","has-post-thumbnail","hentry","category-notas-noticias"],"_links":{"self":[{"href":"https:\/\/portal.sma.gob.cl\/index.php\/wp-json\/wp\/v2\/posts\/15680","targetHints":{"allow":["GET"]}}],"collection":[{"href":"https:\/\/portal.sma.gob.cl\/index.php\/wp-json\/wp\/v2\/posts"}],"about":[{"href":"https:\/\/portal.sma.gob.cl\/index.php\/wp-json\/wp\/v2\/types\/post"}],"author":[{"embeddable":true,"href":"https:\/\/portal.sma.gob.cl\/index.php\/wp-json\/wp\/v2\/users\/3"}],"replies":[{"embeddable":true,"href":"https:\/\/portal.sma.gob.cl\/index.php\/wp-json\/wp\/v2\/comments?post=15680"}],"version-history":[{"count":0,"href":"https:\/\/portal.sma.gob.cl\/index.php\/wp-json\/wp\/v2\/posts\/15680\/revisions"}],"wp:featuredmedia":[{"embeddable":true,"href":"https:\/\/portal.sma.gob.cl\/index.php\/wp-json\/wp\/v2\/media\/15679"}],"wp:attachment":[{"href":"https:\/\/portal.sma.gob.cl\/index.php\/wp-json\/wp\/v2\/media?parent=15680"}],"wp:term":[{"taxonomy":"category","embeddable":true,"href":"https:\/\/portal.sma.gob.cl\/index.php\/wp-json\/wp\/v2\/categories?post=15680"},{"taxonomy":"post_tag","embeddable":true,"href":"https:\/\/portal.sma.gob.cl\/index.php\/wp-json\/wp\/v2\/tags?post=15680"}],"curies":[{"name":"wp","href":"https:\/\/api.w.org\/{rel}","templated":true}]}}