{"id":15682,"date":"2013-07-15T14:18:16","date_gmt":"2013-07-15T14:18:16","guid":{"rendered":"https:\/\/portal.sma.gob.cl\/index.php\/2013\/07\/15\/sma-explica-la-forma-de-remision-de-seguimientos-asociados-a-normas-de-emision-y-ppda\/"},"modified":"2013-07-15T14:18:16","modified_gmt":"2013-07-15T14:18:16","slug":"sma-explica-la-forma-de-remision-de-seguimientos-asociados-a-normas-de-emision-y-ppda","status":"publish","type":"post","link":"https:\/\/portal.sma.gob.cl\/index.php\/sma-explica-la-forma-de-remision-de-seguimientos-asociados-a-normas-de-emision-y-ppda\/","title":{"rendered":"SMA explica la forma de remisi\u00f3n de seguimientos asociados a Normas de Emisi\u00f3n y PPDA"},"content":{"rendered":"<p style=\"text-align: justify;\"><img decoding=\"async\" class=\"size-auto size-full wp-image-15681\" src=\"https:\/\/portal.sma.gob.cl\/wp-content\/uploads\/2013\/07\/Fiscalizaci%C3%B3n_y_Seguimiento_Ambiental.jpg\" alt=\"Fiscalizaci\u00f3n y Seguimiento Ambiental\" width=\"760\" height=\"300\" \/><\/p>\n<p style=\"text-align: justify;\"><strong>En el marco del seminario \u201cFiscalizaci\u00f3n y Seguimiento Ambiental\u201d se analizaron las instrucciones dictadas por la Superintendencia del Medio Ambiente (SMA) para el reporte de estos seguimientos que son cruciales para la labor de la fiscalizaci\u00f3n. <\/strong><\/p>\n<p>  <!--more-->  <\/p>\n<p style=\"text-align: justify;\"><strong>Santiago, 15 de julio de 2013.<\/strong> La Superintendencia del Medio Ambiente (SMA) llev\u00f3 a cabo la semana pasada el seminario \u201cFiscalizaci\u00f3n y Seguimiento Ambiental\u201d, organizado por la Divisi\u00f3n de Fiscalizaci\u00f3n. La actividad fue dirigida a titulares de Resoluciones de Calificaci\u00f3n Ambiental (RCA) y cont\u00f3 con la presencia de m\u00e1s de 100 encargados ambientales de compa\u00f1\u00edas con proyectos con RCA en el Hotel Plaza San Francisco.<\/p>\n<p>En la instancia se detall\u00f3 el seguimiento ambiental asociado a RCA como tambi\u00e9n aquellos requerimientos de las Normas de Emisi\u00f3n y Planes de Prevenci\u00f3n y\/o Descontaminaci\u00f3n (PPDA). <\/p>\n<p>Esta \u00faltima \u00e1rea fue expuesta por el jefe de la Unidad T\u00e9cnica de la Divisi\u00f3n de Fiscalizaci\u00f3n, Juan Eduardo Johnson, quien explic\u00f3 que la SMA ha publicado 3 resoluciones (<a href=\"http:\/\/snifa.sma.gob.cl\/RegistroPublico\/Norma\/IndexInstruccionesDirectrices\" target=\"_blank\">RES N\u00b0 117, 233 y 234<\/a>) que detallan la forma y el modo de remitir antecedentes de seguimiento ambiental que se asocian a estas materias.<\/p>\n<p>\u201cAquellos compromisos adquiridos en RCA y que guarden estricta relaci\u00f3n con el cumplimiento de alguna norma y\/o plan contenido en las resoluciones dictadas por la SMA, no deben ser ingresadas mediante el Sistema de Seguimiento Ambiental (<a href=\"http:\/\/snifa.sma.gob.cl\/SistemaSeguimientoAmbiental\/Account\/Login?ReturnUrl=%2fSistemaSeguimientoAmbiental\" target=\"_blank\">Resoluci\u00f3n 844<\/a>), sino que deben ser enviados directamente a los Organismos de la Administraci\u00f3n del Estado Subprogramados o a la SMA, seg\u00fan corresponda\u201d, aclar\u00f3 Johnson y agreg\u00f3 que todos los compromisos de seguimiento ambiental establecidos en una RCA que sean complementarios a las normas y\/o planes contenidos en las resoluciones dictadas por la SMA, deber\u00e1n remitirse a trav\u00e9s del Sistema de Seguimiento Ambiental.<\/p>\n<p style=\"text-align: justify;\"><strong>Ver presentaci\u00f3n<\/strong><\/p>\n<p style=\"text-align: justify;\"><a class=\"doclink\" href=\"index.php?option=com_docman&amp;task=doc_download&amp;gid=127&amp;Itemid=175\"><img decoding=\"async\" class=\" size-full wp-image-15480\" src=\"https:\/\/portal.sma.gob.cl\/wp-content\/uploads\/2012\/07\/pdf.png\" alt=\"icon\" border=\"0\" width=\"16\" height=\"16\" \/>&nbsp;04_Seguimiento Ambiental Normas y Planes<\/a><\/p>\n<p style=\"text-align: justify;\"><strong>M\u00e1s informaci\u00f3n del Seminario<\/strong><\/p>\n<p style=\"text-align: justify;\"><a href=\"index.php\/noticias\/notas\/268-sma-realiza-seminario-de-fiscalizacion-y-seguimiento-ambiental\">SMA realiza seminario de Fiscalizaci\u00f3n y Seguimiento Ambiental<\/a><\/p>\n<p>&nbsp;<\/p>\n","protected":false},"excerpt":{"rendered":"<p>En el marco del seminario \u201cFiscalizaci\u00f3n y Seguimiento Ambiental\u201d se analizaron las instrucciones dictadas por la Superintendencia del Medio Ambiente (SMA) para el reporte de estos seguimientos que son cruciales para la labor de la fiscalizaci\u00f3n.<\/p>\n","protected":false},"author":3,"featured_media":15681,"comment_status":"open","ping_status":"open","sticky":false,"template":"","format":"standard","meta":{"footnotes":""},"categories":[94],"tags":[],"class_list":["post-15682","post","type-post","status-publish","format-standard","has-post-thumbnail","hentry","category-notas-noticias"],"_links":{"self":[{"href":"https:\/\/portal.sma.gob.cl\/index.php\/wp-json\/wp\/v2\/posts\/15682","targetHints":{"allow":["GET"]}}],"collection":[{"href":"https:\/\/portal.sma.gob.cl\/index.php\/wp-json\/wp\/v2\/posts"}],"about":[{"href":"https:\/\/portal.sma.gob.cl\/index.php\/wp-json\/wp\/v2\/types\/post"}],"author":[{"embeddable":true,"href":"https:\/\/portal.sma.gob.cl\/index.php\/wp-json\/wp\/v2\/users\/3"}],"replies":[{"embeddable":true,"href":"https:\/\/portal.sma.gob.cl\/index.php\/wp-json\/wp\/v2\/comments?post=15682"}],"version-history":[{"count":0,"href":"https:\/\/portal.sma.gob.cl\/index.php\/wp-json\/wp\/v2\/posts\/15682\/revisions"}],"wp:featuredmedia":[{"embeddable":true,"href":"https:\/\/portal.sma.gob.cl\/index.php\/wp-json\/wp\/v2\/media\/15681"}],"wp:attachment":[{"href":"https:\/\/portal.sma.gob.cl\/index.php\/wp-json\/wp\/v2\/media?parent=15682"}],"wp:term":[{"taxonomy":"category","embeddable":true,"href":"https:\/\/portal.sma.gob.cl\/index.php\/wp-json\/wp\/v2\/categories?post=15682"},{"taxonomy":"post_tag","embeddable":true,"href":"https:\/\/portal.sma.gob.cl\/index.php\/wp-json\/wp\/v2\/tags?post=15682"}],"curies":[{"name":"wp","href":"https:\/\/api.w.org\/{rel}","templated":true}]}}