{"id":15684,"date":"2013-07-19T16:34:50","date_gmt":"2013-07-19T16:34:50","guid":{"rendered":"https:\/\/portal.sma.gob.cl\/index.php\/2013\/07\/19\/sofofa-sma\/"},"modified":"2013-07-19T16:34:50","modified_gmt":"2013-07-19T16:34:50","slug":"sofofa-sma","status":"publish","type":"post","link":"https:\/\/portal.sma.gob.cl\/index.php\/sofofa-sma\/","title":{"rendered":"SMA explica su rol fiscalizador en seminario de Sofofa"},"content":{"rendered":"<p style=\"text-align: justify;\">&nbsp;<\/p>\n<p style=\"text-align: justify;\"><strong><img decoding=\"async\" class=\"size-auto size-full wp-image-15683\" src=\"https:\/\/portal.sma.gob.cl\/wp-content\/uploads\/2013\/07\/j.c.jpg\" alt=\"j.c\" width=\"760\" height=\"300\" srcset=\"https:\/\/portal.sma.gob.cl\/wp-content\/uploads\/2013\/07\/j.c-200x79.jpg 200w, https:\/\/portal.sma.gob.cl\/wp-content\/uploads\/2013\/07\/j.c-300x118.jpg 300w, https:\/\/portal.sma.gob.cl\/wp-content\/uploads\/2013\/07\/j.c-400x158.jpg 400w, https:\/\/portal.sma.gob.cl\/wp-content\/uploads\/2013\/07\/j.c-600x237.jpg 600w, https:\/\/portal.sma.gob.cl\/wp-content\/uploads\/2013\/07\/j.c.jpg 760w\" sizes=\"(max-width: 760px) 100vw, 760px\" \/>El Superintendente (S) del Medio Ambiente, Juan Carlos Monckeberg, junto al jefe de la Divisi\u00f3n de Fiscalizaci\u00f3n, Kay Bergamini, y el jefe de la Unidad de Procedimientos Sancionatorios, Crist\u00f3bal Osorio, expusieron ante una audiencia cercana a las 300 personas.<\/strong><\/p>\n<p>  <!--more-->  <\/p>\n<p style=\"text-align: justify;\"><strong>Santiago, 18 de julio.<\/strong> Ante un auditorio repleto se desarroll\u00f3 ayer el seminario \u201cEl rol fiscalizador de la Superintendencia del Medio Ambiente: lo que tienen que saber las empresas\u201d, organizado por la Sociedad de Fomento Fabril (Sofofa).<\/p>\n<p style=\"text-align: justify;\">En la oportunidad, el gerente general de la entidad gremial, Crist\u00f3bal Phillipi, resalt\u00f3 la alta convocatoria, destacando que los cambios en la institucionalidad ambiental han despertado un alto inter\u00e9s en la comunidad regulada, debido a las nuevas instituciones que se crearon, como la Superintendencia del Medio Ambiente (SMA) y los Tribunales Ambientales.<\/p>\n<p style=\"text-align: justify;\">El Superintendente (S), Juan Carlos Monckeberg, realiz\u00f3 un resumen de las actuaciones de la SMA en sus primeros seis meses de operaci\u00f3n. Explic\u00f3 que hasta ahora se han realizado m\u00e1s de 250 fiscalizaciones y se han recibido m\u00e1s de 700 denuncias. Tambi\u00e9n destac\u00f3 el rol normativo de la SMA, que ha dictado 12 Resoluciones Exentas e Instrucciones a sus regulados, como la que rige para la instalaci\u00f3n de CEMS en termoel\u00e9ctricas.<\/p>\n<p style=\"text-align: justify;\">El jefe de la Divisi\u00f3n de Fiscalizaci\u00f3n, Kay Bergamini, expuso cifras de su repartici\u00f3n en estos seis meses: la Regi\u00f3n del Libertador Bernardo O\u2019Higgins lidera la cantidad de inspecciones ambientales, seguida por la de B\u00edo-B\u00edo y Magallanes. A la vez, destac\u00f3 que por sector econ\u00f3mico, saneamiento ambiental lidera las inspecciones (24%), seguidas por miner\u00eda (22%), pesca y acuicultura (14%) y energ\u00eda (13%).<\/p>\n<p style=\"text-align: justify;\">En tanto, el jefe de la Unidad de Instrucci\u00f3n de Procedimientos Sancionatorios (UIPS), Crist\u00f3bal Osorio, destac\u00f3 que en el primer trimestre se han cursado 25 procedimientos administrativos de sanci\u00f3n, de los cuales 14 a\u00fan se encuentran en tr\u00e1mite; 8 han presentado Programas de Cumplimiento; y 3 procesos ya tienen una resoluci\u00f3n final. Entre estos \u00faltimos se cuentan el caso de Pascua Lama (multa de 16.000 UTA y paralizaci\u00f3n del proyecto) y dos clausuras sometidas a consulta ante el Tribunal Ambiental, tal es el caso de Plataforma Almacenamiento (Al Hamd lmport Export Ltda) y Centro de Engorda de Salmones (Granja Marina Tornagaleones S.A.).<\/p>\n<h1 style=\"text-align: justify;\">Ver presentaciones<\/h1>\n<p style=\"text-align: justify;\"><a class=\"doclink\" href=\"index.php?option=com_docman&amp;task=doc_download&amp;gid=130&amp;Itemid=280\"><img decoding=\"async\" class=\" size-full wp-image-15480\" src=\"https:\/\/portal.sma.gob.cl\/wp-content\/uploads\/2012\/07\/pdf.png\" alt=\"icon\" border=\"0\" width=\"16\" height=\"16\" \/>&nbsp;18-07-2013 Presentaci\u00f3n Superintendente (Sofofa)<\/a><\/p>\n<p style=\"text-align: justify;\"><a class=\"doclink\" href=\"index.php?option=com_docman&amp;task=doc_download&amp;gid=132&amp;Itemid=280\"><img decoding=\"async\" class=\" size-full wp-image-15480\" src=\"https:\/\/portal.sma.gob.cl\/wp-content\/uploads\/2012\/07\/pdf.png\" alt=\"icon\" border=\"0\" width=\"16\" height=\"16\" \/>&nbsp;18-07-2013 Presentaci\u00f3n Div Fiscalizaci\u00f3n (Sofofa)<\/a><\/p>\n<p style=\"text-align: justify;\"><a class=\"doclink\" href=\"index.php?option=com_docman&amp;task=doc_download&amp;gid=133&amp;Itemid=280\"><img decoding=\"async\" class=\" size-full wp-image-15480\" src=\"https:\/\/portal.sma.gob.cl\/wp-content\/uploads\/2012\/07\/pdf.png\" alt=\"icon\" border=\"0\" width=\"16\" height=\"16\" \/>&nbsp;18-07-2013 Presentaci\u00f3n UIPS (Sofofa)<\/a><\/p>\n","protected":false},"excerpt":{"rendered":"<p>&nbsp; El Superintendente (S) del Medio Ambiente, Juan Carlos Monckeberg, junto al jefe de la Divisi\u00f3n de Fiscalizaci\u00f3n, Kay Bergamini, y el jefe de la Unidad de Procedimientos Sancionatorios, Crist\u00f3bal Osorio, expusieron ante una audiencia cercana a las 300 personas.<\/p>\n","protected":false},"author":3,"featured_media":15683,"comment_status":"open","ping_status":"open","sticky":false,"template":"","format":"standard","meta":{"footnotes":""},"categories":[94],"tags":[],"class_list":["post-15684","post","type-post","status-publish","format-standard","has-post-thumbnail","hentry","category-notas-noticias"],"_links":{"self":[{"href":"https:\/\/portal.sma.gob.cl\/index.php\/wp-json\/wp\/v2\/posts\/15684","targetHints":{"allow":["GET"]}}],"collection":[{"href":"https:\/\/portal.sma.gob.cl\/index.php\/wp-json\/wp\/v2\/posts"}],"about":[{"href":"https:\/\/portal.sma.gob.cl\/index.php\/wp-json\/wp\/v2\/types\/post"}],"author":[{"embeddable":true,"href":"https:\/\/portal.sma.gob.cl\/index.php\/wp-json\/wp\/v2\/users\/3"}],"replies":[{"embeddable":true,"href":"https:\/\/portal.sma.gob.cl\/index.php\/wp-json\/wp\/v2\/comments?post=15684"}],"version-history":[{"count":0,"href":"https:\/\/portal.sma.gob.cl\/index.php\/wp-json\/wp\/v2\/posts\/15684\/revisions"}],"wp:featuredmedia":[{"embeddable":true,"href":"https:\/\/portal.sma.gob.cl\/index.php\/wp-json\/wp\/v2\/media\/15683"}],"wp:attachment":[{"href":"https:\/\/portal.sma.gob.cl\/index.php\/wp-json\/wp\/v2\/media?parent=15684"}],"wp:term":[{"taxonomy":"category","embeddable":true,"href":"https:\/\/portal.sma.gob.cl\/index.php\/wp-json\/wp\/v2\/categories?post=15684"},{"taxonomy":"post_tag","embeddable":true,"href":"https:\/\/portal.sma.gob.cl\/index.php\/wp-json\/wp\/v2\/tags?post=15684"}],"curies":[{"name":"wp","href":"https:\/\/api.w.org\/{rel}","templated":true}]}}