{"id":15686,"date":"2013-07-19T20:33:02","date_gmt":"2013-07-19T20:33:02","guid":{"rendered":"https:\/\/portal.sma.gob.cl\/index.php\/2013\/07\/19\/sma-clausura-proyecto-de-aquaprotein-en-porvenir\/"},"modified":"2013-07-19T20:33:02","modified_gmt":"2013-07-19T20:33:02","slug":"sma-clausura-proyecto-de-aquaprotein-en-porvenir","status":"publish","type":"post","link":"https:\/\/portal.sma.gob.cl\/index.php\/sma-clausura-proyecto-de-aquaprotein-en-porvenir\/","title":{"rendered":"SMA clausura proyecto de Aquaprotein en Porvenir"},"content":{"rendered":"<p style=\"text-align: justify;\"><strong><img decoding=\"async\" class=\"size-auto size-full wp-image-15685\" src=\"https:\/\/portal.sma.gob.cl\/wp-content\/uploads\/2013\/07\/planta_A.jpg\" alt=\"planta A\" width=\"760\" height=\"300\" srcset=\"https:\/\/portal.sma.gob.cl\/wp-content\/uploads\/2013\/07\/planta_A-200x79.jpg 200w, https:\/\/portal.sma.gob.cl\/wp-content\/uploads\/2013\/07\/planta_A-300x118.jpg 300w, https:\/\/portal.sma.gob.cl\/wp-content\/uploads\/2013\/07\/planta_A-400x158.jpg 400w, https:\/\/portal.sma.gob.cl\/wp-content\/uploads\/2013\/07\/planta_A-600x237.jpg 600w, https:\/\/portal.sma.gob.cl\/wp-content\/uploads\/2013\/07\/planta_A.jpg 760w\" sizes=\"(max-width: 760px) 100vw, 760px\" \/><\/strong><\/p>\n<p style=\"text-align: justify;\"><strong>La Superintendencia del Medio Ambiente (SMA) solicit\u00f3 autorizaci\u00f3n al Tribunal Ambiental para adoptar medidas provisionales en el caso de la \u201cPlanta elaboradora de nutrientes y alimentos funcionales\u201d de la empresa Aquaprotein, ubicada en Porvenir. Las medidas se relacionan con la clausura total y temporal de sus instalaciones por 30 d\u00edas.<\/strong><\/p>\n<p>  <!--more-->  <\/p>\n<p style=\"text-align: justify;\"><strong>Santiago, 19 de julio de 2013.<\/strong> La Superintendencia del Medio Ambiente (SMA) aplic\u00f3 esta semana medidas cautelares en contra del proyecto \u201cPlanta elaboradora de nutrientes y alimentos funcionales\u201d, perteneciente a la empresa Aquaprotein. Estas medidas se relacionan con la clausura total y temporal por 30 d\u00edas de las instalaciones del proyecto ubicado en la comuna de Porvenir, Regi\u00f3n de Magallanes.<\/p>\n<p style=\"text-align: justify;\">Esta planta fue aprobada ambientalmente en abril de 2010 por la Comisi\u00f3n Regional del Medio Ambiente de la Regi\u00f3n de Magallanes. Su Resoluci\u00f3n de Calificaci\u00f3n Ambiental (RCA) le permite procesar Residuos Industriales S\u00f3lidos (RISes), productos y subproductos provenientes de la extracci\u00f3n pesquera y faenamiento de peces, crust\u00e1ceos, ovinos, bovinos, mit\u00edlidos, entre otros, para elaborar ingredientes nutricionales, tanto para el consumo humano, como animal y vegetal.<\/p>\n<p style=\"text-align: justify;\">De acuerdo a las actividades de inspecci\u00f3n y de examen de informaci\u00f3n realizadas por la SMA y la Seremi de Salud de Magallanes, se verific\u00f3 que el proyecto ha realizado modificaciones que no han ingresado al Sistema de Evaluaci\u00f3n de Impacto Ambiental (SEIA), las que se refieren al manejo de vahos y la generaci\u00f3n de Residuos Industriales L\u00edquidos (Riles). Por esta raz\u00f3n, la SMA adopt\u00f3 la clausura total y temporal de dicha planta como medida cautelar, la que por ley debe consultarse ante los Tribunales Ambientales en forma previa a su adopci\u00f3n.<\/p>\n<p style=\"text-align: justify;\">En este caso, el Segundo Tribunal Ambiental indic\u00f3 que acoge la medida debido a que \u201cse han construido modificaciones, seg\u00fan lo informado por el Director Ejecutivo del Servicio de Evaluaci\u00f3n ambiental, habr\u00edan debido ingresar al Sistema de Evaluaci\u00f3n de Impacto Ambiental (SEIA), lo cual no ha ocurrido. Esto impide determinar los impactos ambientales que puede estar provocando el proyecto y hace suponer a este Tribunal la existencia de un riesgo inminente de da\u00f1o al medio ambiente que es necesario prevenir\u201d.<\/p>\n<p style=\"text-align: justify;\">El jefe de la Macro Zona Sur de la Superintendencia, Eduardo Rodr\u00edguez, explic\u00f3 que \u201cel Superintendente de Medio Ambiente tiene la facultad de aplicar medidas cautelares. En este caso ha aplicado una de las m\u00e1s rigurosas, la que debiera mantenerse hasta que el proyecto regularice su situaci\u00f3n, y demuestre que puede implementar adecuadas medidas para el control de olores\u201d.<\/p>\n<p style=\"text-align: justify;\">Toda la informaci\u00f3n del expediente en el Tribunal Ambiental: <a href=\"http:\/\/segundotribunalambiental.cl\/2ta\/causas\/causa-rol-s-n-03-2013\/\">http:\/\/segundotribunalambiental.cl\/2ta\/causas\/causa-rol-s-n-03-2013\/<\/a><\/p>\n","protected":false},"excerpt":{"rendered":"<p>La Superintendencia del Medio Ambiente (SMA) solicit\u00f3 autorizaci\u00f3n al Tribunal Ambiental para adoptar medidas provisionales en el caso de la \u201cPlanta elaboradora de nutrientes y alimentos funcionales\u201d de la empresa Aquaprotein, ubicada en Porvenir. Las medidas se relacionan con la clausura total y temporal de sus instalaciones por 30 d\u00edas.<\/p>\n","protected":false},"author":3,"featured_media":15685,"comment_status":"open","ping_status":"open","sticky":false,"template":"","format":"standard","meta":{"footnotes":""},"categories":[90],"tags":[],"class_list":["post-15686","post","type-post","status-publish","format-standard","has-post-thumbnail","hentry","category-comunicados-noticias"],"_links":{"self":[{"href":"https:\/\/portal.sma.gob.cl\/index.php\/wp-json\/wp\/v2\/posts\/15686","targetHints":{"allow":["GET"]}}],"collection":[{"href":"https:\/\/portal.sma.gob.cl\/index.php\/wp-json\/wp\/v2\/posts"}],"about":[{"href":"https:\/\/portal.sma.gob.cl\/index.php\/wp-json\/wp\/v2\/types\/post"}],"author":[{"embeddable":true,"href":"https:\/\/portal.sma.gob.cl\/index.php\/wp-json\/wp\/v2\/users\/3"}],"replies":[{"embeddable":true,"href":"https:\/\/portal.sma.gob.cl\/index.php\/wp-json\/wp\/v2\/comments?post=15686"}],"version-history":[{"count":0,"href":"https:\/\/portal.sma.gob.cl\/index.php\/wp-json\/wp\/v2\/posts\/15686\/revisions"}],"wp:featuredmedia":[{"embeddable":true,"href":"https:\/\/portal.sma.gob.cl\/index.php\/wp-json\/wp\/v2\/media\/15685"}],"wp:attachment":[{"href":"https:\/\/portal.sma.gob.cl\/index.php\/wp-json\/wp\/v2\/media?parent=15686"}],"wp:term":[{"taxonomy":"category","embeddable":true,"href":"https:\/\/portal.sma.gob.cl\/index.php\/wp-json\/wp\/v2\/categories?post=15686"},{"taxonomy":"post_tag","embeddable":true,"href":"https:\/\/portal.sma.gob.cl\/index.php\/wp-json\/wp\/v2\/tags?post=15686"}],"curies":[{"name":"wp","href":"https:\/\/api.w.org\/{rel}","templated":true}]}}