{"id":15690,"date":"2013-07-29T15:56:50","date_gmt":"2013-07-29T15:56:50","guid":{"rendered":"https:\/\/portal.sma.gob.cl\/index.php\/2013\/07\/29\/consejo-de-la-sociedad-civil-de-la-sma-sesiona-en-julio\/"},"modified":"2013-07-29T15:56:50","modified_gmt":"2013-07-29T15:56:50","slug":"consejo-de-la-sociedad-civil-de-la-sma-sesiona-en-julio","status":"publish","type":"post","link":"https:\/\/portal.sma.gob.cl\/index.php\/consejo-de-la-sociedad-civil-de-la-sma-sesiona-en-julio\/","title":{"rendered":"Consejo de la Sociedad Civil de la SMA sesiona en julio"},"content":{"rendered":"<p style=\"text-align: justify;\"><img decoding=\"async\" class=\"size-auto size-full wp-image-15689\" src=\"https:\/\/portal.sma.gob.cl\/wp-content\/uploads\/2013\/07\/Sin_t%C3%ADtulo-1.jpg\" alt=\"Sin t\u00edtulo-1\" width=\"760\" height=\"300\" \/><\/p>\n<p style=\"text-align: justify;\"><strong>En el segundo encuentro de 2013 se discuti\u00f3 sobre los procesos de fiscalizaci\u00f3n y denuncias procesadas en el primer semestre.<\/strong><\/p>\n<p>  <!--more-->  <\/p>\n<p style=\"text-align: justify;\"><strong style=\"line-height: 1.3em;\">Santiago, 26 de julio de 2013.-<\/strong> En el marco de la Ley 20.500, Sobre Asociaciones y Participaci\u00f3n Ciudadana en la Gesti\u00f3n P\u00fablica, la Superintendencia del Medio Ambiente (SMA) cit\u00f3 a la segunda sesi\u00f3n del primer Consejo de la Sociedad Civil para el a\u00f1o 2013, el cual se reuni\u00f3 hoy en las dependencias de la Instituci\u00f3n.<\/p>\n<p>El jefe de la Unidad de Gesti\u00f3n de la Divisi\u00f3n de Fiscalizaci\u00f3n, Iv\u00e1n Honorato, ofreci\u00f3 una exposici\u00f3n sobre las cifras de fiscalizaciones realizadas por la SMA durante el primer semestre de funcionamiento. <\/p>\n<p>Honorato explic\u00f3 que la SMA tiene tres m\u00e9todos de fiscalizaci\u00f3n: directa, con funcionarios propios; con organismos subprogramados con competencia ambiental; y con terceros autorizados.&nbsp;<span style=\"text-align: justify;\">Adicionalmente, se &nbsp;inform\u00f3 que en el caso de la Resoluciones de Calificaci\u00f3n Ambiental, &nbsp;en el primer semestre se han fiscalizado 232 &nbsp;proyectos dentro del programa de fiscalizaci\u00f3n anual, siendo los sectores de Saneamiento Ambiental y Miner\u00eda los m\u00e1s fiscalizados en dicho periodo. Adicionalmente, el Superintendente (S) Juan Carlos Monckberg, inform\u00f3 que los detalles de &nbsp;la gesti\u00f3n de los primero seis meses se podr\u00edan revisar en el&nbsp;<\/span><a class=\"doclink\" style=\"text-align: justify;\" href=\"index.php?option=com_docman&amp;task=doc_download&amp;gid=134&amp;Itemid=280\">Informe de Gesti\u00f3n SMA- II Trimestre<\/a><span style=\"text-align: justify;\">.<\/span><\/p>\n<p style=\"text-align: justify;\">En tanto, Gerardo Ram\u00edrez, de la Unidad de Instrucci\u00f3n de Procedimientos Sancionatorios, explic\u00f3 que la SMA ha recibido 701 denuncias en el primer semestre. Un 45% de las denuncias recibidas son ciudadanas y de municipalidades. Respecto de los temas m\u00e1s denunciados, ruidos molestos, malos olores y contaminaci\u00f3n de aguas concentran un 68% de los casos. <br \/>Ram\u00edrez hizo hincapi\u00e9 en que la SMA cuenta con un plazo de 60 d\u00edas h\u00e1biles para dar respuesta a las denuncias de la ciudadan\u00eda, contados a partir de la recepci\u00f3n de los antecedentes.<\/p>\n<p>El Consejo, presidido por la acad\u00e9mica Dominique Herv\u00e9, en esta oportunidad estuvo integrado por Pablo Valenzuela, Ana Mar\u00eda Mu\u00f1oz, Javier Hurtado y Fabi\u00e1n Jacksic. Dicha instancia, tiene un car\u00e1cter consultivo, representativo, plural y diverso.<\/p>\n","protected":false},"excerpt":{"rendered":"<p>En el segundo encuentro de 2013 se discuti\u00f3 sobre los procesos de fiscalizaci\u00f3n y denuncias procesadas en el primer semestre.<\/p>\n","protected":false},"author":3,"featured_media":15689,"comment_status":"open","ping_status":"open","sticky":false,"template":"","format":"standard","meta":{"footnotes":""},"categories":[94],"tags":[],"class_list":["post-15690","post","type-post","status-publish","format-standard","has-post-thumbnail","hentry","category-notas-noticias"],"_links":{"self":[{"href":"https:\/\/portal.sma.gob.cl\/index.php\/wp-json\/wp\/v2\/posts\/15690","targetHints":{"allow":["GET"]}}],"collection":[{"href":"https:\/\/portal.sma.gob.cl\/index.php\/wp-json\/wp\/v2\/posts"}],"about":[{"href":"https:\/\/portal.sma.gob.cl\/index.php\/wp-json\/wp\/v2\/types\/post"}],"author":[{"embeddable":true,"href":"https:\/\/portal.sma.gob.cl\/index.php\/wp-json\/wp\/v2\/users\/3"}],"replies":[{"embeddable":true,"href":"https:\/\/portal.sma.gob.cl\/index.php\/wp-json\/wp\/v2\/comments?post=15690"}],"version-history":[{"count":0,"href":"https:\/\/portal.sma.gob.cl\/index.php\/wp-json\/wp\/v2\/posts\/15690\/revisions"}],"wp:featuredmedia":[{"embeddable":true,"href":"https:\/\/portal.sma.gob.cl\/index.php\/wp-json\/wp\/v2\/media\/15689"}],"wp:attachment":[{"href":"https:\/\/portal.sma.gob.cl\/index.php\/wp-json\/wp\/v2\/media?parent=15690"}],"wp:term":[{"taxonomy":"category","embeddable":true,"href":"https:\/\/portal.sma.gob.cl\/index.php\/wp-json\/wp\/v2\/categories?post=15690"},{"taxonomy":"post_tag","embeddable":true,"href":"https:\/\/portal.sma.gob.cl\/index.php\/wp-json\/wp\/v2\/tags?post=15690"}],"curies":[{"name":"wp","href":"https:\/\/api.w.org\/{rel}","templated":true}]}}