{"id":15692,"date":"2013-07-29T16:07:11","date_gmt":"2013-07-29T16:07:11","guid":{"rendered":"https:\/\/portal.sma.gob.cl\/index.php\/2013\/07\/29\/sma-participa-en-seminario-en-concepcion\/"},"modified":"2013-07-29T16:07:11","modified_gmt":"2013-07-29T16:07:11","slug":"sma-participa-en-seminario-en-concepcion","status":"publish","type":"post","link":"https:\/\/portal.sma.gob.cl\/index.php\/sma-participa-en-seminario-en-concepcion\/","title":{"rendered":"SMA participa en seminario en Concepci\u00f3n"},"content":{"rendered":"<p style=\"text-align: justify;\"><strong><img decoding=\"async\" class=\"size-auto size-full wp-image-15691\" src=\"https:\/\/portal.sma.gob.cl\/wp-content\/uploads\/2013\/07\/slide_2-29-6.jpg\" alt=\"slide 2-29-6\" width=\"760\" height=\"300\" srcset=\"https:\/\/portal.sma.gob.cl\/wp-content\/uploads\/2013\/07\/slide_2-29-6-200x79.jpg 200w, https:\/\/portal.sma.gob.cl\/wp-content\/uploads\/2013\/07\/slide_2-29-6-300x118.jpg 300w, https:\/\/portal.sma.gob.cl\/wp-content\/uploads\/2013\/07\/slide_2-29-6-400x158.jpg 400w, https:\/\/portal.sma.gob.cl\/wp-content\/uploads\/2013\/07\/slide_2-29-6-600x237.jpg 600w, https:\/\/portal.sma.gob.cl\/wp-content\/uploads\/2013\/07\/slide_2-29-6.jpg 760w\" sizes=\"(max-width: 760px) 100vw, 760px\" \/><\/strong><\/p>\n<p style=\"text-align: justify;\"><strong>Kay Bergamini, jefe de la Divisi\u00f3n de Fiscalizaci\u00f3n, expuso sobre el rol de la SMA en el Taller \u201cProgramas de Vigilancia Ambiental\u201d, organizado por el Comit\u00e9 Oceanogr\u00e1fico Nacional en conjunto con la Universidad de Concepci\u00f3n.<\/strong><\/p>\n<p>  <!--more-->  <\/p>\n<p style=\"text-align: justify;\"><strong style=\"line-height: 1.3em;\">Concepci\u00f3n, 26 de julio de 2013.<\/strong> La Superintendencia del Medio Ambiente (SMA) particip\u00f3 en el Taller \u201cProgramas de Vigilancia Ambiental (PVA) en el Medio Ambiente Marino: Oportunidades y Desaf\u00edos\u201d, organizado por el Grupo de Trabajo \u201cContaminaci\u00f3n\u201d del Comit\u00e9 Oceanogr\u00e1fico Nacional, CONA, en conjunto con la Universidad de Concepci\u00f3n.<\/p>\n<p>Kay Bergamini, jefe de la Divisi\u00f3n de Fiscalizaci\u00f3n, fue el encargado de exponer sobre el rol de la SMA en la fiscalizaci\u00f3n de Programas de Vigilancia Ambiental en el Medio Marino, acompa\u00f1ado tambi\u00e9n por Hugo Ram\u00edrez y Juan Pablo Granzow, fiscalizadores de la SMA. La actividad se desarroll\u00f3 en el Hotel Araucano de Concepci\u00f3n y participaron m\u00e1s de 100 personas.<\/p>\n<p>Bergamini, realiz\u00f3 una detallada explicaci\u00f3n sobre el proceso de fiscalizaci\u00f3n ambiental desarrollado por la SMA, detallando sus enfoques y aplicaciones en los PVA.<\/p>\n<p>Adem\u00e1s, expuso que en la fiscalizaci\u00f3n de proyectos se consideran dos variables: los aspectos ambientales relativos a la tipolog\u00eda de los mismos (por ejemplo, si son mineros, energ\u00e9ticos, salmoneros, etc), y tambi\u00e9n los aspectos ambientales relativos al emplazamiento, donde se toman en cuenta la afectaci\u00f3n de cursos de agua, flora y fauna, entre otros. <\/p>\n<p>El jefe de la Divisi\u00f3n de Fiscalizaci\u00f3n tambi\u00e9n explic\u00f3 las principales tecnolog\u00edas adquiridas por la SMA para fiscalizar en cuerpos de agua marino, relevando el uso de im\u00e1genes satelitales de radar, las sondas sumergibles y el sistema ROV, tecnolog\u00eda de punta que permite grabar im\u00e1genes submarinas con alta resoluci\u00f3n. A la par, los personeros de la SMA estuvieron disponibles para consultas de los asistentes.<\/p>\n<h1 style=\"text-align: justify;\">VER PRESENTACI\u00d3N<\/h1>\n<p style=\"text-align: justify;\"><a class=\"doclink\" href=\"index.php?option=com_docman&amp;task=doc_download&amp;gid=135&amp;Itemid=280\"><img decoding=\"async\" class=\" size-full wp-image-15480\" src=\"https:\/\/portal.sma.gob.cl\/wp-content\/uploads\/2012\/07\/pdf.png\" alt=\"icon\" border=\"0\" width=\"16\" height=\"16\" \/>&nbsp;26-07-2013 Presentaci\u00f3n Kay Bergamini-Taller Concepci\u00f3n<\/a><\/p>\n<p style=\"text-align: justify;\">&nbsp;<\/p>\n","protected":false},"excerpt":{"rendered":"<p>Kay Bergamini, jefe de la Divisi\u00f3n de Fiscalizaci\u00f3n, expuso sobre el rol de la SMA en el Taller \u201cProgramas de Vigilancia Ambiental\u201d, organizado por el Comit\u00e9 Oceanogr\u00e1fico Nacional en conjunto con la Universidad de Concepci\u00f3n.<\/p>\n","protected":false},"author":3,"featured_media":15691,"comment_status":"open","ping_status":"open","sticky":false,"template":"","format":"standard","meta":{"footnotes":""},"categories":[94],"tags":[],"class_list":["post-15692","post","type-post","status-publish","format-standard","has-post-thumbnail","hentry","category-notas-noticias"],"_links":{"self":[{"href":"https:\/\/portal.sma.gob.cl\/index.php\/wp-json\/wp\/v2\/posts\/15692","targetHints":{"allow":["GET"]}}],"collection":[{"href":"https:\/\/portal.sma.gob.cl\/index.php\/wp-json\/wp\/v2\/posts"}],"about":[{"href":"https:\/\/portal.sma.gob.cl\/index.php\/wp-json\/wp\/v2\/types\/post"}],"author":[{"embeddable":true,"href":"https:\/\/portal.sma.gob.cl\/index.php\/wp-json\/wp\/v2\/users\/3"}],"replies":[{"embeddable":true,"href":"https:\/\/portal.sma.gob.cl\/index.php\/wp-json\/wp\/v2\/comments?post=15692"}],"version-history":[{"count":0,"href":"https:\/\/portal.sma.gob.cl\/index.php\/wp-json\/wp\/v2\/posts\/15692\/revisions"}],"wp:featuredmedia":[{"embeddable":true,"href":"https:\/\/portal.sma.gob.cl\/index.php\/wp-json\/wp\/v2\/media\/15691"}],"wp:attachment":[{"href":"https:\/\/portal.sma.gob.cl\/index.php\/wp-json\/wp\/v2\/media?parent=15692"}],"wp:term":[{"taxonomy":"category","embeddable":true,"href":"https:\/\/portal.sma.gob.cl\/index.php\/wp-json\/wp\/v2\/categories?post=15692"},{"taxonomy":"post_tag","embeddable":true,"href":"https:\/\/portal.sma.gob.cl\/index.php\/wp-json\/wp\/v2\/tags?post=15692"}],"curies":[{"name":"wp","href":"https:\/\/api.w.org\/{rel}","templated":true}]}}