{"id":15694,"date":"2013-07-31T16:58:53","date_gmt":"2013-07-31T16:58:53","guid":{"rendered":"https:\/\/portal.sma.gob.cl\/index.php\/2013\/07\/31\/superintendente-participa-en-iii-cumbre-de-sustentabilidad\/"},"modified":"2013-07-31T16:58:53","modified_gmt":"2013-07-31T16:58:53","slug":"superintendente-participa-en-iii-cumbre-de-sustentabilidad","status":"publish","type":"post","link":"https:\/\/portal.sma.gob.cl\/index.php\/superintendente-participa-en-iii-cumbre-de-sustentabilidad\/","title":{"rendered":"Superintendente participa en III Cumbre de Sustentabilidad"},"content":{"rendered":"<p style=\"text-align: justify;\"><strong style=\"line-height: 1.3em;\"><img decoding=\"async\" class=\"size-auto size-full wp-image-15693\" src=\"https:\/\/portal.sma.gob.cl\/wp-content\/uploads\/2013\/07\/slide_31_.jpg\" alt=\"slide 31 \" width=\"760\" height=\"300\" srcset=\"https:\/\/portal.sma.gob.cl\/wp-content\/uploads\/2013\/07\/slide_31_-200x79.jpg 200w, https:\/\/portal.sma.gob.cl\/wp-content\/uploads\/2013\/07\/slide_31_-300x118.jpg 300w, https:\/\/portal.sma.gob.cl\/wp-content\/uploads\/2013\/07\/slide_31_-400x158.jpg 400w, https:\/\/portal.sma.gob.cl\/wp-content\/uploads\/2013\/07\/slide_31_-600x237.jpg 600w, https:\/\/portal.sma.gob.cl\/wp-content\/uploads\/2013\/07\/slide_31_.jpg 760w\" sizes=\"(max-width: 760px) 100vw, 760px\" \/><\/strong><\/p>\n<p style=\"text-align: justify;\"><strong style=\"line-height: 1.3em;\">En el evento organizado por ProChile y Revista Capital, el Superintendente Juan Carlos Monckeberg, expuso el rol de la SMA en el nuevo panorama institucional.<\/strong><\/p>\n<p>  <!--more-->  <\/p>\n<p style=\"text-align: justify;\"><strong style=\"line-height: 1.3em;\">Santiago, 31 de julio de 2013.<\/strong> El Superintendente del Medio Ambiente, Juan Carlos Monckeberg, particip\u00f3 esta ma\u00f1ana en la <a href=\"http:\/\/www.capital.cl\/mundo-capital\/eventos\/cumbre-de-sustentabilidad-iberoamerica-2013\/\" target=\"_blank\">III Cumbre de Sustentabilidad Iberoam\u00e9rica 2013<\/a>, organizado por ProChile y Revista Capital. El evento convoc\u00f3 a m\u00e1s de 400 asistentes en Casa Piedra.<\/p>\n<p>La cita busca orientar la visi\u00f3n de la eficiencia ligada a la sustentabilidad, en todos los procesos de la cadena de valor. El evento fue inaugurado por Roberto Sapag, director de Revista Capital, y Carlos Honorato, Director de ProChile. <\/p>\n<p>Posteriormente el ministro de Econom\u00eda, F\u00e9lix de Vicente, hizo hincapi\u00e9 en el esfuerzo que el Gobierno est\u00e1 haciendo para impulsar nuevas empresas que est\u00e9n preocupadas de la \u201csostenibilidad, que es un concepto m\u00e1s amplio que sustentabilidad, y se relaciona con el cuidado que tienen que tener las empresas con los recursos naturales y ambientales a futuro. Como pa\u00eds queremos un crecimiento integrado, inclusivo, y que sea capaz de conciliarse con respeto al Medio Ambiente\u201d.<\/p>\n<p>En su turno, el Superintendente Juan Carlos Monckeberg, realiz\u00f3 una descripci\u00f3n de las funciones y atribuciones de la Superintendencia del Medio Ambiente (SMA), poniendo \u00e9nfasis en algunas de las facultades que a\u00fan son desconocidas por las empresas: \u201cla Ley hace subsidiariamente responsables a los representantes legales o a quienes act\u00faan en su nombre en el pago de las multas que curse la SMA; o que tambi\u00e9n la SMA est\u00e1 facultada para citar a declarar a dichos representantes pudiendo requerir a la justicia ordinaria, la aplicaci\u00f3n del procedimiento de apremio\u201d.<\/p>\n<p>A la vez, agreg\u00f3 que la ley exige a la SMA un alto nivel de transparencia en sus actuaciones, por lo que todos los procedimientos de fiscalizaci\u00f3n y sanci\u00f3n se encuentran en el Sistema Nacional de Informaci\u00f3n de Fiscalizaci\u00f3n Ambiental (<a href=\"http:\/\/snifa.sma.gob.cl\/registropublico\/snifahome\" target=\"_blank\">SNIFA<\/a>). Monckeberg tambi\u00e9n hizo un llamado a las empresas a conocer la SMA y a acercarse a la instituci\u00f3n que tiene el deber de asistir a los regulados en el conocimiento de sus compromisos ambientales.<\/p>\n<h1 style=\"text-align: justify;\">VER PRESENTACI\u00d3N<\/h1>\n<p style=\"text-align: justify;\"><a class=\"doclink\" href=\"index.php?option=com_docman&amp;task=doc_download&amp;gid=137&amp;Itemid=280\"><img decoding=\"async\" class=\" size-full wp-image-15480\" src=\"https:\/\/portal.sma.gob.cl\/wp-content\/uploads\/2012\/07\/pdf.png\" alt=\"icon\" border=\"0\" width=\"16\" height=\"16\" \/>&nbsp;31-07-2013 Presentaci\u00f3n Superintendente en III Cumbre Sustentabilidad<\/a><\/p>\n","protected":false},"excerpt":{"rendered":"<p>En el evento organizado por ProChile y Revista Capital, el Superintendente Juan Carlos Monckeberg, expuso el rol de la SMA en el nuevo panorama institucional.<\/p>\n","protected":false},"author":3,"featured_media":15693,"comment_status":"open","ping_status":"open","sticky":false,"template":"","format":"standard","meta":{"footnotes":""},"categories":[94],"tags":[],"class_list":["post-15694","post","type-post","status-publish","format-standard","has-post-thumbnail","hentry","category-notas-noticias"],"_links":{"self":[{"href":"https:\/\/portal.sma.gob.cl\/index.php\/wp-json\/wp\/v2\/posts\/15694","targetHints":{"allow":["GET"]}}],"collection":[{"href":"https:\/\/portal.sma.gob.cl\/index.php\/wp-json\/wp\/v2\/posts"}],"about":[{"href":"https:\/\/portal.sma.gob.cl\/index.php\/wp-json\/wp\/v2\/types\/post"}],"author":[{"embeddable":true,"href":"https:\/\/portal.sma.gob.cl\/index.php\/wp-json\/wp\/v2\/users\/3"}],"replies":[{"embeddable":true,"href":"https:\/\/portal.sma.gob.cl\/index.php\/wp-json\/wp\/v2\/comments?post=15694"}],"version-history":[{"count":0,"href":"https:\/\/portal.sma.gob.cl\/index.php\/wp-json\/wp\/v2\/posts\/15694\/revisions"}],"wp:featuredmedia":[{"embeddable":true,"href":"https:\/\/portal.sma.gob.cl\/index.php\/wp-json\/wp\/v2\/media\/15693"}],"wp:attachment":[{"href":"https:\/\/portal.sma.gob.cl\/index.php\/wp-json\/wp\/v2\/media?parent=15694"}],"wp:term":[{"taxonomy":"category","embeddable":true,"href":"https:\/\/portal.sma.gob.cl\/index.php\/wp-json\/wp\/v2\/categories?post=15694"},{"taxonomy":"post_tag","embeddable":true,"href":"https:\/\/portal.sma.gob.cl\/index.php\/wp-json\/wp\/v2\/tags?post=15694"}],"curies":[{"name":"wp","href":"https:\/\/api.w.org\/{rel}","templated":true}]}}