{"id":15696,"date":"2013-08-01T20:44:01","date_gmt":"2013-08-01T20:44:01","guid":{"rendered":"https:\/\/portal.sma.gob.cl\/index.php\/2013\/08\/01\/sma-participa-en-seminario-ambiental-en-rancagua\/"},"modified":"2013-08-01T20:44:01","modified_gmt":"2013-08-01T20:44:01","slug":"sma-participa-en-seminario-ambiental-en-rancagua","status":"publish","type":"post","link":"https:\/\/portal.sma.gob.cl\/index.php\/sma-participa-en-seminario-ambiental-en-rancagua\/","title":{"rendered":"SMA participa en seminario ambiental en Rancagua"},"content":{"rendered":"<p style=\"text-align: justify;\"><strong><img decoding=\"async\" class=\"size-auto size-full wp-image-15695\" src=\"https:\/\/portal.sma.gob.cl\/wp-content\/uploads\/2013\/08\/slide_1-8.jpg\" alt=\"slide 1-8\" width=\"760\" height=\"300\" srcset=\"https:\/\/portal.sma.gob.cl\/wp-content\/uploads\/2013\/08\/slide_1-8-200x79.jpg 200w, https:\/\/portal.sma.gob.cl\/wp-content\/uploads\/2013\/08\/slide_1-8-300x118.jpg 300w, https:\/\/portal.sma.gob.cl\/wp-content\/uploads\/2013\/08\/slide_1-8-400x158.jpg 400w, https:\/\/portal.sma.gob.cl\/wp-content\/uploads\/2013\/08\/slide_1-8-600x237.jpg 600w, https:\/\/portal.sma.gob.cl\/wp-content\/uploads\/2013\/08\/slide_1-8.jpg 760w\" sizes=\"(max-width: 760px) 100vw, 760px\" \/><\/strong><\/p>\n<p style=\"text-align: justify;\"><strong>El jefe de la Macro Zona Centro, Cristi\u00e1n Jorquera, junto al jefe de la Unidad de T\u00e9cnica, Juan Eduardo Johnson explicaron los procesos de fiscalizaci\u00f3n y seguimiento ambiental.<\/strong><\/p>\n<p>  <!--more-->  <\/p>\n<p style=\"text-align: justify;\"><strong style=\"line-height: 1.3em;\">Rancagua, 30 de julio de 2013.-<\/strong> La Superintendencia del Medio Ambiente (SMA) particip\u00f3 en el seminario de gesti\u00f3n ambiental \u201cNueva Institucionalidad Ambiental, Desaf\u00edos para las Empresas de la Regi\u00f3n\u201d, organizado por Vi\u00f1as de Colchagua A.G. y el Observatorio para la Sustentabilidad del Agro (OSA) de la Universidad Federico Santa Mar\u00eda Campus Rancagua, con la participaci\u00f3n del Gobierno Regional y la Secretar\u00eda Regional Ministerial del Medio Ambiente, en el Hotel Santa Cruz Plaza de la comuna de Santa Cruz. El evento fue inaugurado por el subsecretario del Medio Ambiente, Ricardo Irarr\u00e1zabal.<br \/>En el encuentro se dieron a conocer los principales cambios estructurales de la institucionalidad ambiental, que tiene como entre sus ejes al ministerio de Medio Ambiente, Superintendencia del Medio Ambiente (SMA), Servicio de Evaluaci\u00f3n Ambiental (SEA) y los Tribunales Ambientales. <\/p>\n<p>Juan Eduardo Johnson, Jefe de la Unidad de T\u00e9cnica de la Divisi\u00f3n de Fiscalizaci\u00f3n, y Cristi\u00e1n Jorquera, jefe de la oficina Macro Zonal Centro, asistieron al encuentro para explicar c\u00f3mo la SMA realiza sus procesos de fiscalizaci\u00f3n, focos estrat\u00e9gicos de fiscalizaci\u00f3n en materia vitivin\u00edcola y a la vez, dar detalles sobre el seguimiento ambiental de los proyectos.<br \/>En el marco de las materias de fiscalizaci\u00f3n de inter\u00e9s, ambos profesionales abordaron temas derivados de los instrumentos de gesti\u00f3n ambiental fiscalizables asociados a los literales de ingreso al SEIA de las actividades vitivin\u00edcolas, aspectos ambientales relacionados al emplazamiento y los procedimientos de la SMA al momento de realizar una actividad de fiscalizaci\u00f3n ambiental. <\/p>\n<p>Al seminario tambi\u00e9n asisti\u00f3 el jefe de la oficina regional de la Superintendencia de Servicios Sanitarios, Patricio Bustos; el Intendente de O\u00b4Higgins, Wladimir Rom\u00e1n Miquel; el alcalde de Santa Cruz, William Ar\u00e9valo Cornejo; autoridades del Gobierno Regional, Secretarios Regionales Ministeriales, Directores de Servicios y funcionarios; acad\u00e9micos de la Universidad Federico Santa Mar\u00eda; miembros del directorio de Vi\u00f1as de Colchagua A.G, entre otros invitados.<\/p>\n<h1 style=\"text-align: justify;\">VER PRESENTACI\u00d3N<\/h1>\n<p style=\"text-align: justify;\"><a class=\"doclink\" href=\"index.php?option=com_docman&amp;task=doc_download&amp;gid=138&amp;Itemid=280\"><img decoding=\"async\" class=\" size-full wp-image-15480\" src=\"https:\/\/portal.sma.gob.cl\/wp-content\/uploads\/2012\/07\/pdf.png\" alt=\"icon\" border=\"0\" width=\"16\" height=\"16\" \/>&nbsp;30-07-2013 Presentaci\u00f3n Seminario Nueva Institucionalidad Ambiental-Colchagua<\/a><\/p>\n","protected":false},"excerpt":{"rendered":"<p>El jefe de la Macro Zona Centro, Cristi\u00e1n Jorquera, junto al jefe de la Unidad de T\u00e9cnica, Juan Eduardo Johnson explicaron los procesos de fiscalizaci\u00f3n y seguimiento ambiental.<\/p>\n","protected":false},"author":3,"featured_media":15695,"comment_status":"open","ping_status":"open","sticky":false,"template":"","format":"standard","meta":{"footnotes":""},"categories":[94],"tags":[],"class_list":["post-15696","post","type-post","status-publish","format-standard","has-post-thumbnail","hentry","category-notas-noticias"],"_links":{"self":[{"href":"https:\/\/portal.sma.gob.cl\/index.php\/wp-json\/wp\/v2\/posts\/15696","targetHints":{"allow":["GET"]}}],"collection":[{"href":"https:\/\/portal.sma.gob.cl\/index.php\/wp-json\/wp\/v2\/posts"}],"about":[{"href":"https:\/\/portal.sma.gob.cl\/index.php\/wp-json\/wp\/v2\/types\/post"}],"author":[{"embeddable":true,"href":"https:\/\/portal.sma.gob.cl\/index.php\/wp-json\/wp\/v2\/users\/3"}],"replies":[{"embeddable":true,"href":"https:\/\/portal.sma.gob.cl\/index.php\/wp-json\/wp\/v2\/comments?post=15696"}],"version-history":[{"count":0,"href":"https:\/\/portal.sma.gob.cl\/index.php\/wp-json\/wp\/v2\/posts\/15696\/revisions"}],"wp:featuredmedia":[{"embeddable":true,"href":"https:\/\/portal.sma.gob.cl\/index.php\/wp-json\/wp\/v2\/media\/15695"}],"wp:attachment":[{"href":"https:\/\/portal.sma.gob.cl\/index.php\/wp-json\/wp\/v2\/media?parent=15696"}],"wp:term":[{"taxonomy":"category","embeddable":true,"href":"https:\/\/portal.sma.gob.cl\/index.php\/wp-json\/wp\/v2\/categories?post=15696"},{"taxonomy":"post_tag","embeddable":true,"href":"https:\/\/portal.sma.gob.cl\/index.php\/wp-json\/wp\/v2\/tags?post=15696"}],"curies":[{"name":"wp","href":"https:\/\/api.w.org\/{rel}","templated":true}]}}