{"id":15698,"date":"2013-08-06T20:40:58","date_gmt":"2013-08-06T20:40:58","guid":{"rendered":"https:\/\/portal.sma.gob.cl\/index.php\/2013\/08\/06\/plan-de-descontaminacion-atmosferica-de-rancagua\/"},"modified":"2013-08-06T20:40:58","modified_gmt":"2013-08-06T20:40:58","slug":"plan-de-descontaminacion-atmosferica-de-rancagua","status":"publish","type":"post","link":"https:\/\/portal.sma.gob.cl\/index.php\/plan-de-descontaminacion-atmosferica-de-rancagua\/","title":{"rendered":"Plan de Descontaminaci\u00f3n Atmosf\u00e9rica de Rancagua"},"content":{"rendered":"<p style=\"text-align: justify;\"><img decoding=\"async\" class=\"size-auto size-full wp-image-15697\" src=\"https:\/\/portal.sma.gob.cl\/wp-content\/uploads\/2013\/08\/760_6.jpg\" alt=\"760 6\" width=\"760\" height=\"300\" srcset=\"https:\/\/portal.sma.gob.cl\/wp-content\/uploads\/2013\/08\/760_6-200x79.jpg 200w, https:\/\/portal.sma.gob.cl\/wp-content\/uploads\/2013\/08\/760_6-300x118.jpg 300w, https:\/\/portal.sma.gob.cl\/wp-content\/uploads\/2013\/08\/760_6-400x158.jpg 400w, https:\/\/portal.sma.gob.cl\/wp-content\/uploads\/2013\/08\/760_6-600x237.jpg 600w, https:\/\/portal.sma.gob.cl\/wp-content\/uploads\/2013\/08\/760_6.jpg 760w\" sizes=\"(max-width: 760px) 100vw, 760px\" \/><\/p>\n<p style=\"text-align: justify;\"><strong>La Superintendencia del Medio Ambiente particip\u00f3 en la puesta en marcha del Plan de Descontaminaci\u00f3n Atmosf\u00e9rica (PDA) de la VI Regi\u00f3n.<\/strong><\/p>\n<p>  <!--more-->  <\/p>\n<p style=\"text-align: justify;\"><strong style=\"line-height: 1.3em;\">Rancagua, 6 de agosto de 2013.<\/strong> El Superintendente del Medio Ambiente, Juan Carlos Monckeberg, particip\u00f3 esta ma\u00f1ana en la puesta en marcha del Plan de Descontaminaci\u00f3n del Valle Central de la Regi\u00f3n del Libertador General Bernardo O\u2019Higgins. En conferencia de prensa, junto al Ministro (S) del Medio Ambiente, Ricardo Irarr\u00e1zabal, el Intendente Wladimir Rom\u00e1n y el Seremi de Medio Ambiente, Felipe Avenda\u00f1o, explicaron las medidas de dicho instrumento de gesti\u00f3n ambiental que fue publicado ayer en el Diario Oficial, con lo que comenzaron a aplicarse algunas de sus medidas, mientras que otras entrar\u00e1n en vigencia en seis y doce meses m\u00e1s.<\/p>\n<p>Cabe se\u00f1alar que gran parte de la regi\u00f3n de O&#8217;Higgins fue declarada zona saturada por material particulado respirable (PM 10) el a\u00f1o 2009, espec\u00edficamente en un \u00e1rea que incluye las comunas de Rancagua, Graneros, Do\u00f1ihue, Olivar, Coltauco, Co\u00ednco, Quinta de Tilcoco, San Vicente, Placilla, Mostazal, Codegua, Machal\u00ed, Malloa, Rengo, Requ\u00ednoa, San Fernando y Chimbarongo.<\/p>\n<p>El Ministro (s) de Medio Ambiente, destac\u00f3 que el Gobierno del Presidente Sebasti\u00e1n Pi\u00f1era ha tenido la voluntad de firmar los decretos que fijan diversas normar para mejorar la calidad del aire de nuestras ciudades. \u201cEl gran problema que exist\u00eda muchas veces con los planes era que si bien se generaban medidas para evitar la contaminaran las ciudades, no se acompa\u00f1aban de normativas que impidieran que entraran nueva contaminaci\u00f3n. Esa es justamente la diferencia que existe con este plan\u201d, declar\u00f3.<\/p>\n<p>Este es el Primer Plan de Descontaminaci\u00f3n (PDA) que ha entrado en vigencia con la nueva institucionalidad ambiental funcionando en su totalidad. La Superintendencia del Medio Ambiente (SMA) ser\u00e1 el organismo encargado de coordinar la fiscalizaci\u00f3n y sanci\u00f3n del PDA. Monckeberg explic\u00f3 que \u201cen lo que queda del a\u00f1o vamos a estar atentos y vamos a recibir y recepcionar todas las denuncias, adem\u00e1s de la propia fiscalizaci\u00f3n que podamos hacer como Superintendencia\u201d. A la vez, a\u00f1adi\u00f3 que en los Programas y Subprogramas de Fiscalizaci\u00f3n para 2014, el PDA de Rancagua ser\u00e1 uno de los instrumentos priorizados a la hora de fiscalizar.<\/p>\n<p style=\"text-align: justify;\">El Intendente Wladimir Rom\u00e1n, hizo un llamado a la ciudadan\u00eda a cumplir con las medidas del plan \u201cpara que nos ayuden tambi\u00e9n a descontaminar la regi\u00f3n, porque es un trabajo de todos\u201d.<\/p>\n","protected":false},"excerpt":{"rendered":"<p>La Superintendencia del Medio Ambiente particip\u00f3 en la puesta en marcha del Plan de Descontaminaci\u00f3n Atmosf\u00e9rica (PDA) de la VI Regi\u00f3n.<\/p>\n","protected":false},"author":3,"featured_media":15697,"comment_status":"open","ping_status":"open","sticky":false,"template":"","format":"standard","meta":{"footnotes":""},"categories":[94],"tags":[],"class_list":["post-15698","post","type-post","status-publish","format-standard","has-post-thumbnail","hentry","category-notas-noticias"],"_links":{"self":[{"href":"https:\/\/portal.sma.gob.cl\/index.php\/wp-json\/wp\/v2\/posts\/15698","targetHints":{"allow":["GET"]}}],"collection":[{"href":"https:\/\/portal.sma.gob.cl\/index.php\/wp-json\/wp\/v2\/posts"}],"about":[{"href":"https:\/\/portal.sma.gob.cl\/index.php\/wp-json\/wp\/v2\/types\/post"}],"author":[{"embeddable":true,"href":"https:\/\/portal.sma.gob.cl\/index.php\/wp-json\/wp\/v2\/users\/3"}],"replies":[{"embeddable":true,"href":"https:\/\/portal.sma.gob.cl\/index.php\/wp-json\/wp\/v2\/comments?post=15698"}],"version-history":[{"count":0,"href":"https:\/\/portal.sma.gob.cl\/index.php\/wp-json\/wp\/v2\/posts\/15698\/revisions"}],"wp:featuredmedia":[{"embeddable":true,"href":"https:\/\/portal.sma.gob.cl\/index.php\/wp-json\/wp\/v2\/media\/15697"}],"wp:attachment":[{"href":"https:\/\/portal.sma.gob.cl\/index.php\/wp-json\/wp\/v2\/media?parent=15698"}],"wp:term":[{"taxonomy":"category","embeddable":true,"href":"https:\/\/portal.sma.gob.cl\/index.php\/wp-json\/wp\/v2\/categories?post=15698"},{"taxonomy":"post_tag","embeddable":true,"href":"https:\/\/portal.sma.gob.cl\/index.php\/wp-json\/wp\/v2\/tags?post=15698"}],"curies":[{"name":"wp","href":"https:\/\/api.w.org\/{rel}","templated":true}]}}