{"id":15700,"date":"2013-08-09T20:28:14","date_gmt":"2013-08-09T20:28:14","guid":{"rendered":"https:\/\/portal.sma.gob.cl\/index.php\/2013\/08\/09\/sma-inaugura-oficina-macro-zonal-norte\/"},"modified":"2013-08-09T20:28:14","modified_gmt":"2013-08-09T20:28:14","slug":"sma-inaugura-oficina-macro-zonal-norte","status":"publish","type":"post","link":"https:\/\/portal.sma.gob.cl\/index.php\/sma-inaugura-oficina-macro-zonal-norte\/","title":{"rendered":"SMA inaugura Oficina Macro Zonal Norte"},"content":{"rendered":"<p style=\"text-align: justify;\"><strong><img decoding=\"async\" class=\"size-auto size-full wp-image-15699\" src=\"https:\/\/portal.sma.gob.cl\/wp-content\/uploads\/2013\/08\/760_9.jpg\" alt=\"760 9\" width=\"760\" height=\"300\" srcset=\"https:\/\/portal.sma.gob.cl\/wp-content\/uploads\/2013\/08\/760_9-200x79.jpg 200w, https:\/\/portal.sma.gob.cl\/wp-content\/uploads\/2013\/08\/760_9-300x118.jpg 300w, https:\/\/portal.sma.gob.cl\/wp-content\/uploads\/2013\/08\/760_9-400x158.jpg 400w, https:\/\/portal.sma.gob.cl\/wp-content\/uploads\/2013\/08\/760_9-600x237.jpg 600w, https:\/\/portal.sma.gob.cl\/wp-content\/uploads\/2013\/08\/760_9.jpg 760w\" sizes=\"(max-width: 760px) 100vw, 760px\" \/><\/strong><\/p>\n<p style=\"text-align: justify;\"><strong>El Superintendente, Juan Carlos Monckeberg, dio inicio oficial a las operaciones de la oficina con sede en Antofagasta.&nbsp;La ceremonia cont\u00f3 con la presencia de los Seremis de Medio Ambiente de Arica y Parinacota, Tarapac\u00e1, Antofagasta y Atacama.<\/p>\n<p><\/strong><\/p>\n<p>  <!--more-->  <\/p>\n<p style=\"text-align: justify;\"><strong style=\"line-height: 1.3em;\">Antofagasta, 9 de agosto.<\/strong> Como una forma de estar m\u00e1s cerca de la comunidad, la Superintendencia del Medio Ambiente (SMA) inaugur\u00f3 esta ma\u00f1ana su nueva Oficina Macro Zona Norte, la cual est\u00e1 a cargo de Mar\u00eda Isabel Reinoso.<\/p>\n<p>El Superintendente del Medio Ambiente, Juan Carlos Monckeberg, cort\u00f3 la cinta de las nuevas instalaciones de la SMA en Antofagasta, ubicadas en calle Washington 2369. En la actividad tambi\u00e9n participaron altos funcionarios de la Superintendencia y tambi\u00e9n los Seremis del Medio Ambiente de Arica y Parinacota, Marcelo Ca\u00f1ipa; de Tarapac\u00e1, Alfredo Guzm\u00e1n; de Antofagasta, Hugo Thenoux, y de Atacama, Pedro Lagos.<\/p>\n<p>La Macro Zona Norte de la SMA abarca desde la Regi\u00f3n de Arica y Parinacota hasta la Regi\u00f3n de Atacama, descentralizando as\u00ed la fiscalizaci\u00f3n de proyectos y actividades en la zona norte del pa\u00eds. \u201cPara nosotros, es fundamental contar con un equipo de trabajo altamente especializado en la regi\u00f3n de Antofagasta. Esto nos permite descentralizar los procesos y tener un espacio para que la ciudadan\u00eda presente sus denuncias, y a la vez, para que los regulados puedan pedir orientaci\u00f3n para el cumplimiento de sus obligaciones ambientales\u201d, dijo el Superintendente Juan Carlos Monckeberg.<\/p>\n<p>La Superintendencia del Medio Ambiente comenz\u00f3 sus funciones el 28 de diciembre de 2012, cuando se activaron sus facultades de fiscalizaci\u00f3n y sanci\u00f3n, luego de la entrada en funcionamiento del Segundo Tribunal Ambiental de Santiago. Pr\u00f3ximamente, tambi\u00e9n estar\u00e1n operativos los Tribunales Ambientales de Antofagasta y Valdivia.<\/p>\n<p><strong>SEIS PRIMEROS MESES DE OPERACI\u00d3N<br \/><\/strong><br \/>En los seis primeros meses de funcionamiento de la SMA, se han ejecutado 256 actividades de inspecci\u00f3n ambiental. De ese total, 75 actividades de inspecci\u00f3n corresponden a la Macro Zona Norte.<\/p>\n<p>En materia de sanci\u00f3n, se han cursado cargo a 22 titulares de proyectos en todo Chile. A la fecha, seis han presentado Programas de Cumplimiento -que buscan que el titular vuelva a cumplir con sus obligaciones ambientales y conlleva una rebaja de la sanci\u00f3n-; mientras que 8 titulares todav\u00eda cuentan con plazo para presentar un Programa de Cumplimiento. En los seis primeros meses, se han terminado 3 procedimientos de sanci\u00f3n, uno de ellos en la Macro Zona Norte: la sanci\u00f3n de 16.000 UTA (unos 16 millones de d\u00f3lares) contra Minera Nevada SpA, titular del proyecto Pascua Lama, por incumplimientos a su Resoluci\u00f3n de Calificaci\u00f3n Ambiental; y que tambi\u00e9n conlleva una paralizaci\u00f3n del proyecto mientras no implemente las obras necesarias para el manejo de aguas de la faena minera.<\/p>\n","protected":false},"excerpt":{"rendered":"<p>El Superintendente, Juan Carlos Monckeberg, dio inicio oficial a las operaciones de la oficina con sede en Antofagasta.&nbsp;La ceremonia cont\u00f3 con la presencia de los Seremis de Medio Ambiente de Arica y Parinacota, Tarapac\u00e1, Antofagasta y Atacama.<\/p>\n","protected":false},"author":3,"featured_media":15699,"comment_status":"open","ping_status":"open","sticky":false,"template":"","format":"standard","meta":{"footnotes":""},"categories":[90],"tags":[],"class_list":["post-15700","post","type-post","status-publish","format-standard","has-post-thumbnail","hentry","category-comunicados-noticias"],"_links":{"self":[{"href":"https:\/\/portal.sma.gob.cl\/index.php\/wp-json\/wp\/v2\/posts\/15700","targetHints":{"allow":["GET"]}}],"collection":[{"href":"https:\/\/portal.sma.gob.cl\/index.php\/wp-json\/wp\/v2\/posts"}],"about":[{"href":"https:\/\/portal.sma.gob.cl\/index.php\/wp-json\/wp\/v2\/types\/post"}],"author":[{"embeddable":true,"href":"https:\/\/portal.sma.gob.cl\/index.php\/wp-json\/wp\/v2\/users\/3"}],"replies":[{"embeddable":true,"href":"https:\/\/portal.sma.gob.cl\/index.php\/wp-json\/wp\/v2\/comments?post=15700"}],"version-history":[{"count":0,"href":"https:\/\/portal.sma.gob.cl\/index.php\/wp-json\/wp\/v2\/posts\/15700\/revisions"}],"wp:featuredmedia":[{"embeddable":true,"href":"https:\/\/portal.sma.gob.cl\/index.php\/wp-json\/wp\/v2\/media\/15699"}],"wp:attachment":[{"href":"https:\/\/portal.sma.gob.cl\/index.php\/wp-json\/wp\/v2\/media?parent=15700"}],"wp:term":[{"taxonomy":"category","embeddable":true,"href":"https:\/\/portal.sma.gob.cl\/index.php\/wp-json\/wp\/v2\/categories?post=15700"},{"taxonomy":"post_tag","embeddable":true,"href":"https:\/\/portal.sma.gob.cl\/index.php\/wp-json\/wp\/v2\/tags?post=15700"}],"curies":[{"name":"wp","href":"https:\/\/api.w.org\/{rel}","templated":true}]}}