{"id":15702,"date":"2013-08-12T13:29:32","date_gmt":"2013-08-12T13:29:32","guid":{"rendered":"https:\/\/portal.sma.gob.cl\/index.php\/2013\/08\/12\/sma-da-a-conocer-sus-facultades-y-atribuciones-ante-comision-de-evaluacion-de-aysen\/"},"modified":"2013-08-12T13:29:32","modified_gmt":"2013-08-12T13:29:32","slug":"sma-da-a-conocer-sus-facultades-y-atribuciones-ante-comision-de-evaluacion-de-aysen","status":"publish","type":"post","link":"https:\/\/portal.sma.gob.cl\/index.php\/sma-da-a-conocer-sus-facultades-y-atribuciones-ante-comision-de-evaluacion-de-aysen\/","title":{"rendered":"SMA da a conocer sus facultades y atribuciones ante Comisi\u00f3n de Evaluaci\u00f3n de Ays\u00e9n"},"content":{"rendered":"<p style=\"text-align: justify;\"><strong><img decoding=\"async\" class=\"size-auto size-full wp-image-15701\" src=\"https:\/\/portal.sma.gob.cl\/wp-content\/uploads\/2013\/08\/8_12.jpg\" alt=\"8 12\" width=\"760\" height=\"300\" srcset=\"https:\/\/portal.sma.gob.cl\/wp-content\/uploads\/2013\/08\/8_12-200x79.jpg 200w, https:\/\/portal.sma.gob.cl\/wp-content\/uploads\/2013\/08\/8_12-300x118.jpg 300w, https:\/\/portal.sma.gob.cl\/wp-content\/uploads\/2013\/08\/8_12-400x158.jpg 400w, https:\/\/portal.sma.gob.cl\/wp-content\/uploads\/2013\/08\/8_12-600x237.jpg 600w, https:\/\/portal.sma.gob.cl\/wp-content\/uploads\/2013\/08\/8_12.jpg 760w\" sizes=\"(max-width: 760px) 100vw, 760px\" \/><\/strong><\/p>\n<p style=\"text-align: justify;\"><strong>El jefe de la Oficina Macrozona Sur de la Superintendencia del Medio Ambiente (SMA), Eduardo Rodr\u00edguez, inform\u00f3 sobre las nuevas facultades de fiscalizaci\u00f3n y sanci\u00f3n. <\/strong><\/p>\n<p>  <!--more-->  <\/p>\n<p style=\"text-align: justify;\"><strong style=\"line-height: 1.3em;\">Ays\u00e9n, 6 de agosto.<\/strong> El jefe de la Oficina Macrozona Sur de la Superintendencia del Medio Ambiente (SMA), Eduardo Rodr\u00edguez, inform\u00f3 ante los miembros de la Comisi\u00f3n de Evaluaci\u00f3n de la regi\u00f3n de Ays\u00e9n las nuevas facultades y competencias de la instituci\u00f3n sobre aquellos proyectos regionales que cuentan con Resoluci\u00f3n de Calificaci\u00f3n Ambiental (RCA) durante la primera sesi\u00f3n ordinaria del mes de agosto de dicha comisi\u00f3n.&nbsp;<\/p>\n<p>Rodr\u00edguez, acompa\u00f1ado de Oscar Leal, de la Divisi\u00f3n de Fiscalizaci\u00f3n, explic\u00f3 la estructura org\u00e1nica de la SMA con \u00e9nfasis en la instalaci\u00f3n de la oficina Macro Zona Sur en la ciudad de Valdivia, la cual tiene a su cargo seis regiones, desde B\u00edo B\u00edo hasta Magallanes. <\/p>\n<p>El jefe Macro Zonal Sur indic\u00f3 que en cada una de las regiones existe un fiscalizador a cargo de la coordinaci\u00f3n regional y explic\u00f3 que la SMA considera tres mecanismos de fiscalizaci\u00f3n: directa (realizada por funcionarios propios); subprogramaci\u00f3n de otros servicios p\u00fablicos con competencia ambiental; y por \u00faltimo, tambi\u00e9n se puede fiscalizar contratando terceros certificados. <\/p>\n<p>\u201cPara la Superintendencia es crucial explicar el actual modelo de fiscalizaci\u00f3n ambiental, el que por cierto siempre debe considerar las particularidades de cada territorio. En la Regi\u00f3n de Ays\u00e9n es fundamental ser rigurosos con la protecci\u00f3n del medio marino\u201d.<\/p>\n<p>En el encuentro estuvieron presentes el Gobernador de Coyhaique en calidad de Intendente (s) N\u00e9stor Mera Mu\u00f1oz; la Seremi de Medio Ambiente, Paola Ba\u00fcerle Ewert; el Director (s) del SEA Ays\u00e9n Sr. Christian Betancourt Guerra; el Seremi de Salud, Pablo Mardones; Seremi de Energ\u00eda M\u00f3nica Sald\u00edas; el Seremi de Transporte, Alejandro Escobar; el Seremi de Agricultura, Eduardo Rudolphi; el Seremi de Miner\u00eda, Omar Mu\u00f1oz; y Seremi de Econom\u00eda, Fernando Guzm\u00e1n Espinoza.<\/p>\n","protected":false},"excerpt":{"rendered":"<p>El jefe de la Oficina Macrozona Sur de la Superintendencia del Medio Ambiente (SMA), Eduardo Rodr\u00edguez, inform\u00f3 sobre las nuevas facultades de fiscalizaci\u00f3n y sanci\u00f3n.<\/p>\n","protected":false},"author":3,"featured_media":15701,"comment_status":"open","ping_status":"open","sticky":false,"template":"","format":"standard","meta":{"footnotes":""},"categories":[94],"tags":[],"class_list":["post-15702","post","type-post","status-publish","format-standard","has-post-thumbnail","hentry","category-notas-noticias"],"_links":{"self":[{"href":"https:\/\/portal.sma.gob.cl\/index.php\/wp-json\/wp\/v2\/posts\/15702","targetHints":{"allow":["GET"]}}],"collection":[{"href":"https:\/\/portal.sma.gob.cl\/index.php\/wp-json\/wp\/v2\/posts"}],"about":[{"href":"https:\/\/portal.sma.gob.cl\/index.php\/wp-json\/wp\/v2\/types\/post"}],"author":[{"embeddable":true,"href":"https:\/\/portal.sma.gob.cl\/index.php\/wp-json\/wp\/v2\/users\/3"}],"replies":[{"embeddable":true,"href":"https:\/\/portal.sma.gob.cl\/index.php\/wp-json\/wp\/v2\/comments?post=15702"}],"version-history":[{"count":0,"href":"https:\/\/portal.sma.gob.cl\/index.php\/wp-json\/wp\/v2\/posts\/15702\/revisions"}],"wp:featuredmedia":[{"embeddable":true,"href":"https:\/\/portal.sma.gob.cl\/index.php\/wp-json\/wp\/v2\/media\/15701"}],"wp:attachment":[{"href":"https:\/\/portal.sma.gob.cl\/index.php\/wp-json\/wp\/v2\/media?parent=15702"}],"wp:term":[{"taxonomy":"category","embeddable":true,"href":"https:\/\/portal.sma.gob.cl\/index.php\/wp-json\/wp\/v2\/categories?post=15702"},{"taxonomy":"post_tag","embeddable":true,"href":"https:\/\/portal.sma.gob.cl\/index.php\/wp-json\/wp\/v2\/tags?post=15702"}],"curies":[{"name":"wp","href":"https:\/\/api.w.org\/{rel}","templated":true}]}}