{"id":15704,"date":"2013-08-12T19:04:55","date_gmt":"2013-08-12T19:04:55","guid":{"rendered":"https:\/\/portal.sma.gob.cl\/index.php\/2013\/08\/12\/sma-realiza-seminario-de-fiscalizacion-y-seguimiento-ambiental-en-antofagasta\/"},"modified":"2013-08-12T19:04:55","modified_gmt":"2013-08-12T19:04:55","slug":"sma-realiza-seminario-de-fiscalizacion-y-seguimiento-ambiental-en-antofagasta","status":"publish","type":"post","link":"https:\/\/portal.sma.gob.cl\/index.php\/sma-realiza-seminario-de-fiscalizacion-y-seguimiento-ambiental-en-antofagasta\/","title":{"rendered":"SMA realiza seminario de Fiscalizaci\u00f3n y Seguimiento Ambiental en Antofagasta"},"content":{"rendered":"<p style=\"text-align: justify;\"><strong><img decoding=\"async\" class=\"size-auto size-full wp-image-15703\" src=\"https:\/\/portal.sma.gob.cl\/wp-content\/uploads\/2013\/08\/8_12x760.jpg\" alt=\"8 12x760\" width=\"760\" height=\"300\" srcset=\"https:\/\/portal.sma.gob.cl\/wp-content\/uploads\/2013\/08\/8_12x760-200x79.jpg 200w, https:\/\/portal.sma.gob.cl\/wp-content\/uploads\/2013\/08\/8_12x760-300x118.jpg 300w, https:\/\/portal.sma.gob.cl\/wp-content\/uploads\/2013\/08\/8_12x760-400x158.jpg 400w, https:\/\/portal.sma.gob.cl\/wp-content\/uploads\/2013\/08\/8_12x760-600x237.jpg 600w, https:\/\/portal.sma.gob.cl\/wp-content\/uploads\/2013\/08\/8_12x760.jpg 760w\" sizes=\"(max-width: 760px) 100vw, 760px\" \/><\/strong><\/p>\n<p style=\"text-align: justify;\"><strong>La actividad, dirigida a titulares de Resoluciones de Calificaci\u00f3n Ambiental cont\u00f3 con m\u00e1s de 60 asistentes y se realiz\u00f3 en la Universidad Cat\u00f3lica del Norte.<\/strong><\/p>\n<p>  <!--more-->  <\/p>\n<p style=\"text-align: justify;\"><strong>Antofagasta, 9 de agosto de 2013.<\/strong> La Superintendencia del Medio Ambiente (SMA) llev\u00f3 a cabo en Antofagasta el seminario \u201cFiscalizaci\u00f3n y Seguimiento Ambiental\u201d, organizado por la Divisi\u00f3n de Fiscalizaci\u00f3n. Esta actividad, dirigida a titulares de Resoluciones de Calificaci\u00f3n Ambiental (RCA), tuvo como objetivo dar a conocer los procedimientos de fiscalizaci\u00f3n ambiental implementados por la SMA desde que comenz\u00f3 a operar con plenas facultades, el 28 de diciembre de 2012.<\/p>\n<p style=\"text-align: justify;\">M\u00e1s de 60 encargados ambientales de compa\u00f1\u00edas con proyectos con RCA participaron en la iniciativa, realizada en la Facultad de Derecho de la Universidad Cat\u00f3lica del Norte. Mar\u00eda Isabel Reinoso, jefa de la Macro Zona Norte de la SMA, dio a la bienvenida a los asistentes, recalcando que la instancia sirve para explicar de primera fuente c\u00f3mo se realizan los procesos de fiscalizaci\u00f3n, y a la vez, para que los regulados expresen sus dudas y sugerencias a la SMA.<\/p>\n<p style=\"text-align: justify;\">Posteriormente, el jefe de la Divisi\u00f3n de Fiscalizaci\u00f3n de la SMA, Kay Bergamini, realiz\u00f3 una detallada explicaci\u00f3n sobre el proceso de fiscalizaci\u00f3n ambiental, detallando sus ejes estrat\u00e9gicos. Agreg\u00f3 que en la fiscalizaci\u00f3n de proyectos se consideran dos variables: los aspectos ambientales relativos a la tipolog\u00eda de los mismos (por ejemplo, si son mineros, energ\u00e9ticos, salmoneros, etc), y tambi\u00e9n los aspectos ambientales relativos al emplazamiento, donde se toman en cuenta la afectaci\u00f3n de cursos de agua, aire, flora y vegetaci\u00f3n, fauna y grupos humanos aleda\u00f1os.<\/p>\n<p style=\"text-align: justify;\">El jefe de la Divisi\u00f3n de Fiscalizaci\u00f3n tambi\u00e9n respondi\u00f3 consultas de la audiencia, explicando, por ejemplo, que el procedimiento de fiscalizaci\u00f3n finaliza con la elaboraci\u00f3n de un Informe de Fiscalizaci\u00f3n Ambiental, el cual cuenta con un resumen de las actividades realizadas y una breve descripci\u00f3n de los principales hallazgos, el motivo de la actividad y la identificaci\u00f3n de todos aquellos hechos que constituyen no conformidades del proyecto o actividad fiscalizada. Si se encuentran no conformidades, estas se derivan a la Unidad de Instrucci\u00f3n de Procedimientos Sancionatorios (UIPS), mientras que si no se detectan estos casos, el informe se sube al Sistema Nacional de Informaci\u00f3n de Fiscalizaci\u00f3n Ambiental (SNIFA).<\/p>\n<p style=\"text-align: justify;\">El \u00e1rea de Seguimiento Ambiental, asociada a proyectos con Resoluci\u00f3n de Calificaci\u00f3n Ambiental fue explicada por Iv\u00e1n Honorato \u2013jefe de la Unidad de Gesti\u00f3n- junto a Sandra Hern\u00e1ndez de la Divisi\u00f3n de Fiscalizaci\u00f3n, mientras que el seguimiento asociado a Normas de Emisi\u00f3n fue expuesto por Juan Pablo Johnson \u2013jefe de la Unidad T\u00e9cnica-.<\/p>\n<p style=\"text-align: justify;\">El Superintendente (S), Juan Carlos Monckeberg, clausur\u00f3 la jornada con un discurso donde explic\u00f3 que con la reforma a la institucionalidad ambiental \u2013que se comenz\u00f3 a implementar en 2010-, \u201cno s\u00f3lo cambi\u00f3 la forma de operar y trabajar de los organismos del Estado. Tambi\u00e9n cambi\u00f3 la forma en que los titulares de proyectos, fuentes o actividades deber\u00e1n afrontar la evaluaci\u00f3n ambiental de proyectos en el SEIA, pero quiz\u00e1 m\u00e1s profundamente, cambi\u00f3 la forma en que los titulares deber\u00e1n administrar y dar cumplimiento a las obligaciones que emanan de sus instrumentos de gesti\u00f3n ambiental\u201d. En ese contexto, a\u00f1adi\u00f3 que, \u201clas Resoluciones de Calificaci\u00f3n Ambiental (RCA) no son un instrumento pensando ni dise\u00f1ado para que sea \u00fatil y f\u00e1cil para la fiscalizaci\u00f3n. En la RCA deber\u00eda solamente quedar reflejado lo relevante ambientalmente del proyecto\u201d, por lo que llam\u00f3 a los titulares de proyectos a ser rigurosos a la hora de obtener un permiso ambiental.<\/p>\n<h1 style=\"text-align: justify;\">VER PRESENTACIONES<\/h1>\n<p><a class=\"doclink\" href=\"index.php?option=com_docman&amp;task=doc_download&amp;gid=139&amp;Itemid=280\"><img decoding=\"async\" class=\" size-full wp-image-15480\" src=\"https:\/\/portal.sma.gob.cl\/wp-content\/uploads\/2012\/07\/pdf.png\" alt=\"icon\" border=\"0\" width=\"16\" height=\"16\" \/>&nbsp;09-08-2013_1 Presentaci\u00f3n K.Bergamini<\/a><\/p>\n<p><a class=\"doclink\" href=\"index.php?option=com_docman&amp;task=doc_download&amp;gid=140&amp;Itemid=280\"><img decoding=\"async\" class=\" size-full wp-image-15480\" src=\"https:\/\/portal.sma.gob.cl\/wp-content\/uploads\/2012\/07\/pdf.png\" alt=\"icon\" border=\"0\" width=\"16\" height=\"16\" \/>&nbsp;09-08-2013_2 Presentaci\u00f3n I.Honorato<\/a><\/p>\n<p><a class=\"doclink\" href=\"index.php?option=com_docman&amp;task=doc_download&amp;gid=141&amp;Itemid=280\"><img decoding=\"async\" class=\" size-full wp-image-15480\" src=\"https:\/\/portal.sma.gob.cl\/wp-content\/uploads\/2012\/07\/pdf.png\" alt=\"icon\" border=\"0\" width=\"16\" height=\"16\" \/>&nbsp;09-08-2013_3 Presentaci\u00f3n S.Hern\u00e1ndez<\/a><\/p>\n<p><a class=\"doclink\" href=\"index.php?option=com_docman&amp;task=doc_download&amp;gid=142&amp;Itemid=280\"><img decoding=\"async\" class=\" size-full wp-image-15480\" src=\"https:\/\/portal.sma.gob.cl\/wp-content\/uploads\/2012\/07\/pdf.png\" alt=\"icon\" border=\"0\" width=\"16\" height=\"16\" \/>&nbsp;09-08-2013_4 Presentaci\u00f3n J.E.Johnson<\/a><\/p>\n","protected":false},"excerpt":{"rendered":"<p>La actividad, dirigida a titulares de Resoluciones de Calificaci\u00f3n Ambiental cont\u00f3 con m\u00e1s de 60 asistentes y se realiz\u00f3 en la Universidad Cat\u00f3lica del Norte.<\/p>\n","protected":false},"author":3,"featured_media":15703,"comment_status":"open","ping_status":"open","sticky":false,"template":"","format":"standard","meta":{"footnotes":""},"categories":[94],"tags":[],"class_list":["post-15704","post","type-post","status-publish","format-standard","has-post-thumbnail","hentry","category-notas-noticias"],"_links":{"self":[{"href":"https:\/\/portal.sma.gob.cl\/index.php\/wp-json\/wp\/v2\/posts\/15704","targetHints":{"allow":["GET"]}}],"collection":[{"href":"https:\/\/portal.sma.gob.cl\/index.php\/wp-json\/wp\/v2\/posts"}],"about":[{"href":"https:\/\/portal.sma.gob.cl\/index.php\/wp-json\/wp\/v2\/types\/post"}],"author":[{"embeddable":true,"href":"https:\/\/portal.sma.gob.cl\/index.php\/wp-json\/wp\/v2\/users\/3"}],"replies":[{"embeddable":true,"href":"https:\/\/portal.sma.gob.cl\/index.php\/wp-json\/wp\/v2\/comments?post=15704"}],"version-history":[{"count":0,"href":"https:\/\/portal.sma.gob.cl\/index.php\/wp-json\/wp\/v2\/posts\/15704\/revisions"}],"wp:featuredmedia":[{"embeddable":true,"href":"https:\/\/portal.sma.gob.cl\/index.php\/wp-json\/wp\/v2\/media\/15703"}],"wp:attachment":[{"href":"https:\/\/portal.sma.gob.cl\/index.php\/wp-json\/wp\/v2\/media?parent=15704"}],"wp:term":[{"taxonomy":"category","embeddable":true,"href":"https:\/\/portal.sma.gob.cl\/index.php\/wp-json\/wp\/v2\/categories?post=15704"},{"taxonomy":"post_tag","embeddable":true,"href":"https:\/\/portal.sma.gob.cl\/index.php\/wp-json\/wp\/v2\/tags?post=15704"}],"curies":[{"name":"wp","href":"https:\/\/api.w.org\/{rel}","templated":true}]}}