{"id":15706,"date":"2013-08-13T16:19:02","date_gmt":"2013-08-13T16:19:02","guid":{"rendered":"https:\/\/portal.sma.gob.cl\/index.php\/2013\/08\/13\/sma-y-sernageomin-difunden-su-rol-fiscalizador-en-coquimbo\/"},"modified":"2013-08-13T16:19:02","modified_gmt":"2013-08-13T16:19:02","slug":"sma-y-sernageomin-difunden-su-rol-fiscalizador-en-coquimbo","status":"publish","type":"post","link":"https:\/\/portal.sma.gob.cl\/index.php\/sma-y-sernageomin-difunden-su-rol-fiscalizador-en-coquimbo\/","title":{"rendered":"SMA y Sernageomin difunden su rol fiscalizador en Coquimbo"},"content":{"rendered":"<p style=\"text-align: justify;\"><strong><img decoding=\"async\" class=\"size-auto size-full wp-image-15705\" src=\"https:\/\/portal.sma.gob.cl\/wp-content\/uploads\/2013\/08\/13-8x760.jpg\" alt=\"13-8x760\" width=\"760\" height=\"300\" srcset=\"https:\/\/portal.sma.gob.cl\/wp-content\/uploads\/2013\/08\/13-8x760-200x79.jpg 200w, https:\/\/portal.sma.gob.cl\/wp-content\/uploads\/2013\/08\/13-8x760-300x118.jpg 300w, https:\/\/portal.sma.gob.cl\/wp-content\/uploads\/2013\/08\/13-8x760-400x158.jpg 400w, https:\/\/portal.sma.gob.cl\/wp-content\/uploads\/2013\/08\/13-8x760-600x237.jpg 600w, https:\/\/portal.sma.gob.cl\/wp-content\/uploads\/2013\/08\/13-8x760.jpg 760w\" sizes=\"(max-width: 760px) 100vw, 760px\" \/><\/strong><\/p>\n<p style=\"text-align: justify;\"><strong>El jefe de la Macro Zona Centro de la Superintendencia del Medio Ambiente (SMA), Cristi\u00e1n Jorquera, particip\u00f3 en un taller enfocado a empresas del rubro minero de la Regi\u00f3n de Coquimbo, instituciones p\u00fablicas y municipios de la zona.<\/strong><\/p>\n<p>  <!--more-->  <\/p>\n<p style=\"text-align: justify;\"><strong>Coquimbo, 8 de agosto de 2013.<\/strong> Ante el creciente desarrollo de proyectos y actividades del rubro minero en la Regi\u00f3n de Coquimbo, desde las Subsecretar\u00edas de Medio Ambiente y de Miner\u00eda naci\u00f3 la idea de organizar en 4 ciudades del norte del pa\u00eds, entre ellas La Serena, jornadas informativas sobre el rol de la Superintendencia del Medio Ambiente (SMA) y del Servicio Nacional de Geolog\u00eda y Miner\u00eda (Sernageomin).<\/p>\n<p style=\"text-align: justify;\">Por parte de la SMA particip\u00f3 el jefe de la Macro Zona Centro, Cristi\u00e1n Jorquera, quien explic\u00f3 que la instituci\u00f3n est\u00e1 operando desde el 28 de diciembre de 2012, d\u00eda en que comenz\u00f3 a operar el Segundo Tribunal Ambiental. Jorquera expres\u00f3 que en los primeros meses de la SMA \u201chan sido bastante los desaf\u00edos, entre ellos coordinarse con los organismos que hist\u00f3ricamente han fiscalizado\u201d, pero asegura que al instalarse este organismo fiscalizador \u201cel cambio ha sido radical, principalmente por el nivel de planificaci\u00f3n y acreditaci\u00f3n de los instrumentos que hemos podido implementar para poder tener datos en terreno, a tiempo real, para visualizar que efectivamente se est\u00e9 cumpliendo las obligaciones\u201d.<\/p>\n<p style=\"text-align: justify;\">A\u00f1ade que durante este primer semestre del 2013, la miner\u00eda ocupa el segundo lugar de los rubros m\u00e1s fiscalizados con un 22% de las inspecciones ambientales (s\u00f3lo superado por saneamiento ambiental, con 24%).<\/p>\n<p style=\"text-align: justify;\">El seremi del Medio Ambiente de la Regi\u00f3n de Coquimbo, Cristi\u00e1n Felmer, destac\u00f3 que la importancia de este encuentro radica en \u201c trabajar con las compa\u00f1\u00edas mineras de la regi\u00f3n para que sepan los procedimientos de fiscalizaci\u00f3n, las nuevas sanciones, cosa de poder anticiparnos a cualquier hecho y tomar las mejores decisiones respecto a los trabajos ambientales de esta industria (\u2026)queremos bajar la tasa de accidentabilidad ambiental y para ello hay que cumplir las Resoluciones de Calificaci\u00f3n Ambiental (RCA) para minimizar los impactos ambientales\u201d.<\/p>\n<p style=\"text-align: justify;\">Por su parte, la seremi de Miner\u00eda, Joselyn Lizana, subray\u00f3 que \u201ces sumamente relevante que la nueva institucionalidad ambiental sea difundida para que todas las empresas la comprendan c\u00f3mo va a funcionar, dado que instituciones como la Superintendencia del Medio Ambiente, son los que se van a encargar de fiscalizar de manera constructiva y sancionatoria a una compa\u00f1\u00eda\u201d.<\/p>\n<p style=\"text-align: justify;\">Ambas autoridades recalcaron que las denuncias de la comunidad ahora deben ser dirigidas a la <a href=\"http:\/\/snifa.sma.gob.cl\/SistemaDenuncia\">Superintendencia del Medio Ambiente<\/a> cuando se trata de empresas con RCA, mientras que aquellas que no tengan tal resoluci\u00f3n, las denuncias pueden ser canalizadas a trav\u00e9s de las serem\u00edas hacia los servicios p\u00fablicos con competencia ambiental.<\/p>\n<p style=\"text-align: justify;\"><strong>DESAF\u00cdO DE LA MINER\u00cdA, SEG\u00daN SERNAGEOMIN<\/strong><\/p>\n<p style=\"text-align: justify;\">Renato Perez, director regional de Sernageomin y Vinka Rakela, inspectora coordinadora del \u00e1rea gesti\u00f3n ambiental este servicio, expusieron que el principal desaf\u00edo de la actividad minera es disminuir al m\u00ednimo los impactos ambientales, hacer m\u00e1s sustentable el uso del agua, y controlar los impactos sociales y ambientales al momento del cierre de la faena.<\/p>\n<p style=\"text-align: justify;\">Sobre esto \u00faltimo, se subray\u00f3 que es crucial evitar la generaci\u00f3n de nuevos Pasivos Mineros, pues, desde el 2003 a la fecha, se han identificado alrededor de 441 Faenas Mineras Abandonadas y\/o Paralizadas (FMA\/P) en Chile, de los cuales 73 est\u00e1n en la Regi\u00f3n de Coquimbo.<\/p>\n<h1 style=\"text-align: justify;\">VER PRESENTACI\u00d3N<\/h1>\n<p style=\"text-align: justify;\"><a class=\"doclink\" href=\"index.php?option=com_docman&amp;task=doc_download&amp;gid=143&amp;Itemid=280\"><img decoding=\"async\" class=\" size-full wp-image-15480\" src=\"https:\/\/portal.sma.gob.cl\/wp-content\/uploads\/2012\/07\/pdf.png\" alt=\"icon\" border=\"0\" width=\"16\" height=\"16\" \/>&nbsp;08-08-2013 Taller SMA Coquimbo- C.Jorquera<\/a><\/p>\n","protected":false},"excerpt":{"rendered":"<p>El jefe de la Macro Zona Centro de la Superintendencia del Medio Ambiente (SMA), Cristi\u00e1n Jorquera, particip\u00f3 en un taller enfocado a empresas del rubro minero de la Regi\u00f3n de Coquimbo, instituciones p\u00fablicas y municipios de la zona.<\/p>\n","protected":false},"author":3,"featured_media":15705,"comment_status":"open","ping_status":"open","sticky":false,"template":"","format":"standard","meta":{"footnotes":""},"categories":[94],"tags":[],"class_list":["post-15706","post","type-post","status-publish","format-standard","has-post-thumbnail","hentry","category-notas-noticias"],"_links":{"self":[{"href":"https:\/\/portal.sma.gob.cl\/index.php\/wp-json\/wp\/v2\/posts\/15706","targetHints":{"allow":["GET"]}}],"collection":[{"href":"https:\/\/portal.sma.gob.cl\/index.php\/wp-json\/wp\/v2\/posts"}],"about":[{"href":"https:\/\/portal.sma.gob.cl\/index.php\/wp-json\/wp\/v2\/types\/post"}],"author":[{"embeddable":true,"href":"https:\/\/portal.sma.gob.cl\/index.php\/wp-json\/wp\/v2\/users\/3"}],"replies":[{"embeddable":true,"href":"https:\/\/portal.sma.gob.cl\/index.php\/wp-json\/wp\/v2\/comments?post=15706"}],"version-history":[{"count":0,"href":"https:\/\/portal.sma.gob.cl\/index.php\/wp-json\/wp\/v2\/posts\/15706\/revisions"}],"wp:featuredmedia":[{"embeddable":true,"href":"https:\/\/portal.sma.gob.cl\/index.php\/wp-json\/wp\/v2\/media\/15705"}],"wp:attachment":[{"href":"https:\/\/portal.sma.gob.cl\/index.php\/wp-json\/wp\/v2\/media?parent=15706"}],"wp:term":[{"taxonomy":"category","embeddable":true,"href":"https:\/\/portal.sma.gob.cl\/index.php\/wp-json\/wp\/v2\/categories?post=15706"},{"taxonomy":"post_tag","embeddable":true,"href":"https:\/\/portal.sma.gob.cl\/index.php\/wp-json\/wp\/v2\/tags?post=15706"}],"curies":[{"name":"wp","href":"https:\/\/api.w.org\/{rel}","templated":true}]}}