{"id":15708,"date":"2013-08-14T21:19:25","date_gmt":"2013-08-14T21:19:25","guid":{"rendered":"https:\/\/portal.sma.gob.cl\/index.php\/2013\/08\/14\/sma-se-reune-con-ministra-del-medio-ambiente-de-ecuador\/"},"modified":"2013-08-14T21:19:25","modified_gmt":"2013-08-14T21:19:25","slug":"sma-se-reune-con-ministra-del-medio-ambiente-de-ecuador","status":"publish","type":"post","link":"https:\/\/portal.sma.gob.cl\/index.php\/sma-se-reune-con-ministra-del-medio-ambiente-de-ecuador\/","title":{"rendered":"SMA se reune con ministra del Medio Ambiente de Ecuador"},"content":{"rendered":"<p style=\"text-align: justify;\"><strong><img decoding=\"async\" class=\"size-auto size-full wp-image-15707\" src=\"https:\/\/portal.sma.gob.cl\/wp-content\/uploads\/2013\/08\/14-8x760.jpg\" alt=\"14-8x760\" width=\"760\" height=\"300\" srcset=\"https:\/\/portal.sma.gob.cl\/wp-content\/uploads\/2013\/08\/14-8x760-200x79.jpg 200w, https:\/\/portal.sma.gob.cl\/wp-content\/uploads\/2013\/08\/14-8x760-300x118.jpg 300w, https:\/\/portal.sma.gob.cl\/wp-content\/uploads\/2013\/08\/14-8x760-400x158.jpg 400w, https:\/\/portal.sma.gob.cl\/wp-content\/uploads\/2013\/08\/14-8x760-600x237.jpg 600w, https:\/\/portal.sma.gob.cl\/wp-content\/uploads\/2013\/08\/14-8x760.jpg 760w\" sizes=\"(max-width: 760px) 100vw, 760px\" \/><\/strong><\/p>\n<p style=\"text-align: justify;\"><strong>Durante dos jornadas, la titular de Medio Ambiente ecuatoriana, Lorena Tapia, junto a su equipo de asesores, comparti\u00f3 con el Superintendente, Juan Carlos Monckeberg, y expertos de diversas \u00e1reas de la SMA.<\/strong><\/p>\n<p>  <!--more-->  <\/p>\n<p style=\"text-align: justify;\"><strong style=\"line-height: 1.3em;\">Santiago, 13 de agosto de 2013.<\/strong> Durante dos jornadas, y en el marco de la visita oficial que realiz\u00f3 a Chile la Ministra del Ambiente del Ecuador, Lorena Tapia, se realizaron diversas reuniones en las dependencias de la Superintendencia del Medio Ambiente.&nbsp;<\/p>\n<p>El Superintendente, Juan Carlos Monckeberg, recibi\u00f3 a la autoridad ecuatoriana explicando las funciones y atribuciones de la SMA, que tiene como misi\u00f3n liderar y promover estrat\u00e9gicamente el cumplimiento de los instrumentos de gesti\u00f3n ambiental de su competencia, a trav\u00e9s de la fiscalizaci\u00f3n, asistencia al cumplimiento, sanciones disuasivas, y la entrega de informaci\u00f3n ambiental a la comunidad.<\/p>\n<p>La Ministra Tapia pudo conocer los procesos que realiza la Instituci\u00f3n en su funci\u00f3n de fiscalizaci\u00f3n, siendo la fiscalizaci\u00f3n estrat\u00e9gica uno de los pilares de la gesti\u00f3n de la SMA. <\/p>\n<p><strong>Intercambio de experiencias<\/strong><\/p>\n<p>En la cita tambi\u00e9n se trat\u00f3 sobre una posible cooperaci\u00f3n en temas de capacitaci\u00f3n por parte de la SMA a funcionarios del MAE en temas de inspecci\u00f3n y cumplimiento ambiental, el cual podr\u00e1 apoyar en los temas de control ambiental que se realizan en el Ecuador. La Ministra, Lorena Tapia, conoci\u00f3 de cerca los casos pr\u00e1cticos de fiscalizaciones realizadas, el uso de equipos y sus respectivas sanciones, lo cual demuestra el posicionamiento institucional de la SMA en Chile.<\/p>\n","protected":false},"excerpt":{"rendered":"<p>Durante dos jornadas, la titular de Medio Ambiente ecuatoriana, Lorena Tapia, junto a su equipo de asesores, comparti\u00f3 con el Superintendente, Juan Carlos Monckeberg, y expertos de diversas \u00e1reas de la SMA.<\/p>\n","protected":false},"author":3,"featured_media":15707,"comment_status":"open","ping_status":"open","sticky":false,"template":"","format":"standard","meta":{"footnotes":""},"categories":[94],"tags":[],"class_list":["post-15708","post","type-post","status-publish","format-standard","has-post-thumbnail","hentry","category-notas-noticias"],"_links":{"self":[{"href":"https:\/\/portal.sma.gob.cl\/index.php\/wp-json\/wp\/v2\/posts\/15708","targetHints":{"allow":["GET"]}}],"collection":[{"href":"https:\/\/portal.sma.gob.cl\/index.php\/wp-json\/wp\/v2\/posts"}],"about":[{"href":"https:\/\/portal.sma.gob.cl\/index.php\/wp-json\/wp\/v2\/types\/post"}],"author":[{"embeddable":true,"href":"https:\/\/portal.sma.gob.cl\/index.php\/wp-json\/wp\/v2\/users\/3"}],"replies":[{"embeddable":true,"href":"https:\/\/portal.sma.gob.cl\/index.php\/wp-json\/wp\/v2\/comments?post=15708"}],"version-history":[{"count":0,"href":"https:\/\/portal.sma.gob.cl\/index.php\/wp-json\/wp\/v2\/posts\/15708\/revisions"}],"wp:featuredmedia":[{"embeddable":true,"href":"https:\/\/portal.sma.gob.cl\/index.php\/wp-json\/wp\/v2\/media\/15707"}],"wp:attachment":[{"href":"https:\/\/portal.sma.gob.cl\/index.php\/wp-json\/wp\/v2\/media?parent=15708"}],"wp:term":[{"taxonomy":"category","embeddable":true,"href":"https:\/\/portal.sma.gob.cl\/index.php\/wp-json\/wp\/v2\/categories?post=15708"},{"taxonomy":"post_tag","embeddable":true,"href":"https:\/\/portal.sma.gob.cl\/index.php\/wp-json\/wp\/v2\/tags?post=15708"}],"curies":[{"name":"wp","href":"https:\/\/api.w.org\/{rel}","templated":true}]}}