{"id":15710,"date":"2013-08-14T21:48:56","date_gmt":"2013-08-14T21:48:56","guid":{"rendered":"https:\/\/portal.sma.gob.cl\/index.php\/2013\/08\/14\/sma-participa-en-el-lanzamiento-de-libro-del-servicio-de-evaluacion-ambiental\/"},"modified":"2013-08-14T21:48:56","modified_gmt":"2013-08-14T21:48:56","slug":"sma-participa-en-el-lanzamiento-de-libro-del-servicio-de-evaluacion-ambiental","status":"publish","type":"post","link":"https:\/\/portal.sma.gob.cl\/index.php\/sma-participa-en-el-lanzamiento-de-libro-del-servicio-de-evaluacion-ambiental\/","title":{"rendered":"SMA participa en el lanzamiento de libro del Servicio de Evaluaci\u00f3n Ambiental"},"content":{"rendered":"<p style=\"text-align: justify;\"><strong><img decoding=\"async\" class=\"size-auto size-full wp-image-15709\" src=\"https:\/\/portal.sma.gob.cl\/wp-content\/uploads\/2013\/08\/14.1-8x760.jpg\" alt=\"14.1-8x760\" width=\"760\" height=\"300\" srcset=\"https:\/\/portal.sma.gob.cl\/wp-content\/uploads\/2013\/08\/14.1-8x760-200x79.jpg 200w, https:\/\/portal.sma.gob.cl\/wp-content\/uploads\/2013\/08\/14.1-8x760-300x118.jpg 300w, https:\/\/portal.sma.gob.cl\/wp-content\/uploads\/2013\/08\/14.1-8x760-400x158.jpg 400w, https:\/\/portal.sma.gob.cl\/wp-content\/uploads\/2013\/08\/14.1-8x760-600x237.jpg 600w, https:\/\/portal.sma.gob.cl\/wp-content\/uploads\/2013\/08\/14.1-8x760.jpg 760w\" sizes=\"(max-width: 760px) 100vw, 760px\" \/><\/strong><\/p>\n<p style=\"text-align: justify;\"><strong>El texto es el resultado del Primer Concurso de Medidas de mitigaci\u00f3n, compensaci\u00f3n y reparaci\u00f3n, as\u00ed como buenas pr\u00e1cticas ambientales, implementadas por titulares de proyectos.<\/strong><\/p>\n<p>  <!--more-->  <\/p>\n<p style=\"text-align: justify;\"><strong style=\"line-height: 1.3em;\">Santiago, 14 de agosto de 2013.<\/strong> El Superintendente del Medio Ambiente, Juan Carlos Monckeberg, particip\u00f3 esta ma\u00f1ana en el lanzamiento del libro \u201cPrimer Concurso: Medidas destacadas en el Sistema de Evaluaci\u00f3n Ambiental\u201d, realizado por el Servicio de Evaluaci\u00f3n Ambiental (SEA).&nbsp;<\/p>\n<p>La actividad encabezada por el director ejecutivo del SEA, Ignacio Toro, cont\u00f3 con la presencia de la ministra de Medio Ambiente, Mar\u00eda Ignacia Ben\u00edtez y el subsecretario de la cartera, Ricardo Irarr\u00e1zabal. Adem\u00e1s, participaron los representantes de las empresas, gremios, ONGs, servicios p\u00fablicos y la ciudadan\u00eda, en un acto que se realiz\u00f3 en el Centro Cultural Palacio de la Moneda.<\/p>\n<p>El texto es fruto del primer Concurso de Medidas, cuyo fin fue sistematizar informaci\u00f3n, conocer y difundir experiencias asociadas a la gesti\u00f3n ambiental de los proyectos. Luego de la gesti\u00f3n desarrollada por los profesionales de las Direcciones Regionales y la Direcci\u00f3n Ejecutiva del SEA para seleccionar las medidas mejor calificadas, estas fueron sometidas a evaluaci\u00f3n de un Comit\u00e9 Ciudadano, el cual fue integrado interdisciplinariamente por: Ximena Abogabir, presidenta ejecutiva, Fundaci\u00f3n Casa de la Paz; \u00d3scar Parra, profesor de la Unidad de Sistemas Acu\u00e1ticos, Centro de Ciencias Ambientales Eula-Chile; Luis M\u00e1rquez, presidente del Centro de Difusi\u00f3n Social Ecobarrios; Ana Mar\u00eda Toro, directora del Liceo Lo Herrera, Miembro del Comit\u00e9 de Seguimiento de Relleno Sanitario, Regi\u00f3n Metropolitana; Rodrigo Fuentes, editor de Revista Ecoam\u00e9rica, y Rodolfo Bravo, editor de Revista Induambiente.<\/p>\n<p>En la ceremonia, la ministra de Medio Ambiente, Mar\u00eda Ignacia Ben\u00edtez, afirm\u00f3 que \u201cen este libro podemos evidenciar que la innovaci\u00f3n y la creatividad pueden transformarse en grandes aliados en materias ambientales y que permiten que las iniciativas de inversi\u00f3n puedan levantarse en las comunidades de la mejor manera posible\u201d.<\/p>\n<p>En tanto, el director ejecutivo del SEA destac\u00f3 las 22 medidas contenidas en el libro y afirm\u00f3 que el texto muestra \u201cel trabajo intersectorial entre el Estado, representado por el SEA en la evaluaci\u00f3n y coordinaci\u00f3n; la ciudadan\u00eda, representada por el Comit\u00e9 Ciudadano que evalu\u00f3 las medidas, y los privados, representados por los titulares que presentaron sus medidas. El SEA debe seguir avanzando en un di\u00e1logo constructivo entre los inversionistas, Gobierno y la ciudadan\u00eda\u201d.<\/p>\n<p style=\"text-align: justify;\">M\u00e1s informaci\u00f3n <a href=\"http:\/\/www.sea.gob.cl\/noticias\/sea-lanza-libro-con-medidas-destacadas-en-el-sistema-de-evaluacion-de-impacto-ambiental\" target=\"_blank\">aqu\u00ed<\/a><\/p>\n","protected":false},"excerpt":{"rendered":"<p>El texto es el resultado del Primer Concurso de Medidas de mitigaci\u00f3n, compensaci\u00f3n y reparaci\u00f3n, as\u00ed como buenas pr\u00e1cticas ambientales, implementadas por titulares de proyectos.<\/p>\n","protected":false},"author":3,"featured_media":15709,"comment_status":"open","ping_status":"open","sticky":false,"template":"","format":"standard","meta":{"footnotes":""},"categories":[94],"tags":[],"class_list":["post-15710","post","type-post","status-publish","format-standard","has-post-thumbnail","hentry","category-notas-noticias"],"_links":{"self":[{"href":"https:\/\/portal.sma.gob.cl\/index.php\/wp-json\/wp\/v2\/posts\/15710","targetHints":{"allow":["GET"]}}],"collection":[{"href":"https:\/\/portal.sma.gob.cl\/index.php\/wp-json\/wp\/v2\/posts"}],"about":[{"href":"https:\/\/portal.sma.gob.cl\/index.php\/wp-json\/wp\/v2\/types\/post"}],"author":[{"embeddable":true,"href":"https:\/\/portal.sma.gob.cl\/index.php\/wp-json\/wp\/v2\/users\/3"}],"replies":[{"embeddable":true,"href":"https:\/\/portal.sma.gob.cl\/index.php\/wp-json\/wp\/v2\/comments?post=15710"}],"version-history":[{"count":0,"href":"https:\/\/portal.sma.gob.cl\/index.php\/wp-json\/wp\/v2\/posts\/15710\/revisions"}],"wp:featuredmedia":[{"embeddable":true,"href":"https:\/\/portal.sma.gob.cl\/index.php\/wp-json\/wp\/v2\/media\/15709"}],"wp:attachment":[{"href":"https:\/\/portal.sma.gob.cl\/index.php\/wp-json\/wp\/v2\/media?parent=15710"}],"wp:term":[{"taxonomy":"category","embeddable":true,"href":"https:\/\/portal.sma.gob.cl\/index.php\/wp-json\/wp\/v2\/categories?post=15710"},{"taxonomy":"post_tag","embeddable":true,"href":"https:\/\/portal.sma.gob.cl\/index.php\/wp-json\/wp\/v2\/tags?post=15710"}],"curies":[{"name":"wp","href":"https:\/\/api.w.org\/{rel}","templated":true}]}}