{"id":15714,"date":"2013-08-27T20:18:32","date_gmt":"2013-08-27T20:18:32","guid":{"rendered":"https:\/\/portal.sma.gob.cl\/index.php\/2013\/08\/27\/sma-participa-en-taller-de-capacitacion-a-servicios-publicos-y-municipalidades-de-la-region-de-los-rios\/"},"modified":"2013-08-27T20:18:32","modified_gmt":"2013-08-27T20:18:32","slug":"sma-participa-en-taller-de-capacitacion-a-servicios-publicos-y-municipalidades-de-la-region-de-los-rios","status":"publish","type":"post","link":"https:\/\/portal.sma.gob.cl\/index.php\/sma-participa-en-taller-de-capacitacion-a-servicios-publicos-y-municipalidades-de-la-region-de-los-rios\/","title":{"rendered":"SMA participa en taller de capacitaci\u00f3n a Servicios P\u00fablicos y Municipalidades de la Regi\u00f3n de Los R\u00edos"},"content":{"rendered":"<p style=\"text-align: justify;\">&nbsp;<\/p>\n<p style=\"text-align: justify;\"><strong><img decoding=\"async\" class=\"size-auto size-full wp-image-15713\" src=\"https:\/\/portal.sma.gob.cl\/wp-content\/uploads\/2013\/08\/27-8x760.jpg\" alt=\"27-8x760\" width=\"760\" height=\"300\" srcset=\"https:\/\/portal.sma.gob.cl\/wp-content\/uploads\/2013\/08\/27-8x760-200x79.jpg 200w, https:\/\/portal.sma.gob.cl\/wp-content\/uploads\/2013\/08\/27-8x760-300x118.jpg 300w, https:\/\/portal.sma.gob.cl\/wp-content\/uploads\/2013\/08\/27-8x760-400x158.jpg 400w, https:\/\/portal.sma.gob.cl\/wp-content\/uploads\/2013\/08\/27-8x760-600x237.jpg 600w, https:\/\/portal.sma.gob.cl\/wp-content\/uploads\/2013\/08\/27-8x760.jpg 760w\" sizes=\"(max-width: 760px) 100vw, 760px\" \/><\/strong><\/p>\n<p style=\"text-align: justify;\"><strong>En la instancia se dio a conocer las normas de fiscalizaci\u00f3n como tambi\u00e9n sus principales metas y procedimientos.&nbsp;<\/strong><\/p>\n<p>  <!--more-->  <\/p>\n<p style=\"text-align: justify;\"><strong>Valdivia, 14 de agosto de 2013.-<\/strong> La Superintendencia del Medio Ambiente (SMA), a trav\u00e9s de su oficina Macrozona Sur, realiz\u00f3 una jornada de trabajo dirigida a Servicios P\u00fablicos y Municipalidades con competencia ambiental en la ilustre Municipalidad de Valdivia.<\/p>\n<p>La actividad tuvo como objetivo dar a conocer el modelo de fiscalizaci\u00f3n ambiental que se encuentra consagrado en la Ley Org\u00e1nica de la Superintendencia. Como tambi\u00e9n sus principales metas y procedimientos. En especial todos aquellos aspectos relacionados con actividades encomendadas a Organismos con Competencia Ambiental.<\/p>\n<p>El taller cont\u00f3 con la presencia de representantes de 7 municipalidades de la regi\u00f3n de Los R\u00edos, adem\u00e1s de profesionales de 15 \u00d3rganos de la Administraci\u00f3n del Estado con competencias ambientales, sumando un total 42 asistentes. Con ella la Superintendencia del Medio Ambiente, a trav\u00e9s de su oficina Macrozonal, busca fortalecer y tecnificar los equipos de trabajo que participan de los programas de fiscalizaci\u00f3n ambiental.<\/p>\n<p>En este contexto, la actividad se efectu\u00f3 durante la jornada de la ma\u00f1ana, fue dictada por el Sr. Eduardo Rodriguez Sepulveda, Jefe Macrozona Sur de la Superintendencia del Medio Ambiente. <\/p>\n<p>Durante la jornada, los profesionales de las diversas reparticiones p\u00fablicas presentes tuvieron la oportunidad de realizar consultas, exponer sus experiencias y consensuar aspectos relevantes de la fiscalizaci\u00f3n ambiental.<\/p>\n","protected":false},"excerpt":{"rendered":"<p>&nbsp; En la instancia se dio a conocer las normas de fiscalizaci\u00f3n como tambi\u00e9n sus principales metas y procedimientos.&nbsp;<\/p>\n","protected":false},"author":3,"featured_media":15713,"comment_status":"open","ping_status":"open","sticky":false,"template":"","format":"standard","meta":{"footnotes":""},"categories":[94],"tags":[],"class_list":["post-15714","post","type-post","status-publish","format-standard","has-post-thumbnail","hentry","category-notas-noticias"],"_links":{"self":[{"href":"https:\/\/portal.sma.gob.cl\/index.php\/wp-json\/wp\/v2\/posts\/15714","targetHints":{"allow":["GET"]}}],"collection":[{"href":"https:\/\/portal.sma.gob.cl\/index.php\/wp-json\/wp\/v2\/posts"}],"about":[{"href":"https:\/\/portal.sma.gob.cl\/index.php\/wp-json\/wp\/v2\/types\/post"}],"author":[{"embeddable":true,"href":"https:\/\/portal.sma.gob.cl\/index.php\/wp-json\/wp\/v2\/users\/3"}],"replies":[{"embeddable":true,"href":"https:\/\/portal.sma.gob.cl\/index.php\/wp-json\/wp\/v2\/comments?post=15714"}],"version-history":[{"count":0,"href":"https:\/\/portal.sma.gob.cl\/index.php\/wp-json\/wp\/v2\/posts\/15714\/revisions"}],"wp:featuredmedia":[{"embeddable":true,"href":"https:\/\/portal.sma.gob.cl\/index.php\/wp-json\/wp\/v2\/media\/15713"}],"wp:attachment":[{"href":"https:\/\/portal.sma.gob.cl\/index.php\/wp-json\/wp\/v2\/media?parent=15714"}],"wp:term":[{"taxonomy":"category","embeddable":true,"href":"https:\/\/portal.sma.gob.cl\/index.php\/wp-json\/wp\/v2\/categories?post=15714"},{"taxonomy":"post_tag","embeddable":true,"href":"https:\/\/portal.sma.gob.cl\/index.php\/wp-json\/wp\/v2\/tags?post=15714"}],"curies":[{"name":"wp","href":"https:\/\/api.w.org\/{rel}","templated":true}]}}