{"id":15716,"date":"2013-08-28T15:56:49","date_gmt":"2013-08-28T15:56:49","guid":{"rendered":"https:\/\/portal.sma.gob.cl\/index.php\/2013\/08\/28\/sma-inaugura-oficina-macro-zonal-sur\/"},"modified":"2013-08-28T15:56:49","modified_gmt":"2013-08-28T15:56:49","slug":"sma-inaugura-oficina-macro-zonal-sur","status":"publish","type":"post","link":"https:\/\/portal.sma.gob.cl\/index.php\/sma-inaugura-oficina-macro-zonal-sur\/","title":{"rendered":"SMA inaugura oficina Macro Zonal Sur"},"content":{"rendered":"<p style=\"text-align: justify;\"><strong><img decoding=\"async\" class=\"size-auto size-full wp-image-15715\" src=\"https:\/\/portal.sma.gob.cl\/wp-content\/uploads\/2013\/08\/28-8x760.jpg\" alt=\"28-8x760\" width=\"760\" height=\"300\" srcset=\"https:\/\/portal.sma.gob.cl\/wp-content\/uploads\/2013\/08\/28-8x760-200x79.jpg 200w, https:\/\/portal.sma.gob.cl\/wp-content\/uploads\/2013\/08\/28-8x760-300x118.jpg 300w, https:\/\/portal.sma.gob.cl\/wp-content\/uploads\/2013\/08\/28-8x760-400x158.jpg 400w, https:\/\/portal.sma.gob.cl\/wp-content\/uploads\/2013\/08\/28-8x760-600x237.jpg 600w, https:\/\/portal.sma.gob.cl\/wp-content\/uploads\/2013\/08\/28-8x760.jpg 760w\" sizes=\"(max-width: 760px) 100vw, 760px\" \/><\/strong><\/p>\n<p style=\"text-align: justify;\"><strong>El Superintendente, Juan Carlos Monckeberg, dio inicio oficial a las operaciones de la sede ubicada en Valdivia, la cual ver\u00e1 los procesos de fiscalizaci\u00f3n entre las regiones del Biob\u00edo y Magallanes.<\/strong><\/p>\n<p>  <!--more-->  <\/p>\n<p style=\"text-align: justify;\"><strong style=\"line-height: 1.3em;\">Valdivia, 28 de agosto.<\/strong> Como una forma de estar m\u00e1s cerca de la comunidad, la Superintendencia del Medio Ambiente (SMA) inaugur\u00f3 esta ma\u00f1ana su nueva Oficina Macro Zona Sur, la cual est\u00e1 a cargo del abogado Eduardo Rodr\u00edguez Sep\u00falveda.<\/p>\n<p>El Superintendente del Medio Ambiente, Juan Carlos Monckeberg, cort\u00f3 la cinta de las nuevas instalaciones de la SMA en Valdivia, ubicadas en calle Yerbas Buenas 170. La sede de esta Macrozona se debe a la trayectoria ambiental de la regi\u00f3n, como tambi\u00e9n al hecho que pr\u00f3ximamente, en esta misma ciudad, se instalar\u00e1 el Tercer Tribunal Ambiental del pa\u00eds, completando as\u00ed la Nueva Institucionalidad Ambiental en la regi\u00f3n. <\/p>\n<p>En la actividad tambi\u00e9n participaron altos funcionarios de la Superintendencia y tambi\u00e9n autoridades regionales.<br \/>La Macro Zona Sur de la SMA abarca desde la Regi\u00f3n del Biob\u00edo hasta la Regi\u00f3n de Magallanes, descentralizando as\u00ed la gesti\u00f3n para la fiscalizaci\u00f3n de proyectos y actividades en la zona sur del pa\u00eds. \u201cPara nosotros, es fundamental contar con un equipo de trabajo altamente especializado en la regi\u00f3n de Valdivia. Con esta inauguraci\u00f3n estamos dando pasos firmes en la instalaci\u00f3n de la Nueva Institucionalidad Ambiental, pues nos permite descentralizar los procesos de gesti\u00f3n y tener un espacio adecuado para que la ciudadan\u00eda presente sus denuncias, y a la vez,brindar orientaci\u00f3n a los regulados para el efectivo cumplimiento de sus obligaciones ambientales\u201d, dijo el Superintendente Juan Carlos Monckeberg.<\/p>\n<p>Por su parte, el jefe de la Macro Zona Sur, Eduardo Rodr\u00edguez, destac\u00f3 que \u201ceste primer ejercicio de descentralizaci\u00f3n de la Superintendencia de Medio Ambiente nos permite realizar una gesti\u00f3n m\u00e1s cercana a la ciudadan\u00eda, adem\u00e1s de incorporar el valor regional a la fiscalizaci\u00f3n ambiental\u201d.<\/p>\n<p>La Superintendencia del Medio Ambiente comenz\u00f3 sus funciones el 28 de diciembre de 2012, fecha en que se activaron sus plenas facultades de fiscalizaci\u00f3n y sanci\u00f3n, luego de la entrada en funcionamiento del Segundo Tribunal Ambiental de Santiago. Pr\u00f3ximamente, tambi\u00e9n estar\u00e1n operativos los Tribunales Ambientales de Antofagasta y Valdivia.<\/p>\n<p>A la SMA le corresponde de forma exclusiva ejecutar, organizar y coordinar el seguimiento y fiscalizaci\u00f3n de las Resoluciones de Calificaci\u00f3n Ambiental, de las medidas de los Planes de Prevenci\u00f3n y\/o de Descontaminaci\u00f3n Ambiental, del contenido de las Normas de Calidad Ambiental y Normas de Emisi\u00f3n, y de los Planes de Manejo, cuando corresponda.<\/p>\n<p><strong>SEIS PRIMEROS MESES DE OPERACI\u00d3N<\/strong><\/p>\n<p>En los seis primeros meses de funcionamiento de la SMA, se ejecutaron un total de 256 actividades de inspecci\u00f3n ambiental a nivel nacional. De ese total, 87 corresponden a actividades realizadas en la Macro Zona Sur. Si se cuenta hasta el mes de julio, en los siete primeros meses de operaci\u00f3n, se contabilizaban 97 actividades de fiscalizaci\u00f3n realizadas en la Macro Zona Sur, un 15% sobre lo programado a comienzos de a\u00f1o.<\/p>\n<p>Tambi\u00e9n en la Macro Zona Sur \u2013que abarca desde Biob\u00edo a Magallanes-se han iniciado diversos procedimientos sancionatorios. Algunos de ellos son contra empresas del sector acu\u00edcola, como Exportadora Los Fiordos y Acuimag, por incumplimientos a su permiso ambiental, tras lo cual presentaron un Programa de Cumplimiento a la SMA con mejoras por m\u00e1s de $ 200 millones.En el caso de Granja Marina Tornagaleones, se aplic\u00f3 la m\u00e1xima sanci\u00f3n dispuesta en el art\u00edculo 38 letra c) de la Ley Org\u00e1nica de la Superintendencia del Medio Ambiente, esto es, la clausura definitiva de todas las obras del centro de cultivo de salm\u00f3nidos, pues estos se desarrollaban a 800 metros del \u00e1rea autorizada. <\/p>\n<p>Tambi\u00e9n se han aplicado diversas medidas provisionales. En el caso de Valdivia, se cuenta la clausura total temporal de la Central Hidroel\u00e9ctrica Huilo Huilo, la cual no contaba con Resoluci\u00f3n de Calificaci\u00f3n Ambiental (RCA) para su construcci\u00f3n. Esta medida se tom\u00f3 con consulta al Segundo Tribunal Ambiental y las obras fueron paralizadas hasta que el proyecto no sea sometido a evaluaci\u00f3n ambiental.<\/p>\n","protected":false},"excerpt":{"rendered":"<p>El Superintendente, Juan Carlos Monckeberg, dio inicio oficial a las operaciones de la sede ubicada en Valdivia, la cual ver\u00e1 los procesos de fiscalizaci\u00f3n entre las regiones del Biob\u00edo y Magallanes.<\/p>\n","protected":false},"author":3,"featured_media":15715,"comment_status":"open","ping_status":"open","sticky":false,"template":"","format":"standard","meta":{"footnotes":""},"categories":[90],"tags":[],"class_list":["post-15716","post","type-post","status-publish","format-standard","has-post-thumbnail","hentry","category-comunicados-noticias"],"_links":{"self":[{"href":"https:\/\/portal.sma.gob.cl\/index.php\/wp-json\/wp\/v2\/posts\/15716","targetHints":{"allow":["GET"]}}],"collection":[{"href":"https:\/\/portal.sma.gob.cl\/index.php\/wp-json\/wp\/v2\/posts"}],"about":[{"href":"https:\/\/portal.sma.gob.cl\/index.php\/wp-json\/wp\/v2\/types\/post"}],"author":[{"embeddable":true,"href":"https:\/\/portal.sma.gob.cl\/index.php\/wp-json\/wp\/v2\/users\/3"}],"replies":[{"embeddable":true,"href":"https:\/\/portal.sma.gob.cl\/index.php\/wp-json\/wp\/v2\/comments?post=15716"}],"version-history":[{"count":0,"href":"https:\/\/portal.sma.gob.cl\/index.php\/wp-json\/wp\/v2\/posts\/15716\/revisions"}],"wp:featuredmedia":[{"embeddable":true,"href":"https:\/\/portal.sma.gob.cl\/index.php\/wp-json\/wp\/v2\/media\/15715"}],"wp:attachment":[{"href":"https:\/\/portal.sma.gob.cl\/index.php\/wp-json\/wp\/v2\/media?parent=15716"}],"wp:term":[{"taxonomy":"category","embeddable":true,"href":"https:\/\/portal.sma.gob.cl\/index.php\/wp-json\/wp\/v2\/categories?post=15716"},{"taxonomy":"post_tag","embeddable":true,"href":"https:\/\/portal.sma.gob.cl\/index.php\/wp-json\/wp\/v2\/tags?post=15716"}],"curies":[{"name":"wp","href":"https:\/\/api.w.org\/{rel}","templated":true}]}}