{"id":15718,"date":"2013-08-29T20:14:50","date_gmt":"2013-08-29T20:14:50","guid":{"rendered":"https:\/\/portal.sma.gob.cl\/index.php\/2013\/08\/29\/sma-realiza-reunion-sobre-el-plan-de-descontaminacion-atmosferica-de-temuco-y-padre-las-casas\/"},"modified":"2013-08-29T20:14:50","modified_gmt":"2013-08-29T20:14:50","slug":"sma-realiza-reunion-sobre-el-plan-de-descontaminacion-atmosferica-de-temuco-y-padre-las-casas","status":"publish","type":"post","link":"https:\/\/portal.sma.gob.cl\/index.php\/sma-realiza-reunion-sobre-el-plan-de-descontaminacion-atmosferica-de-temuco-y-padre-las-casas\/","title":{"rendered":"SMA realiza reuni\u00f3n sobre el Plan de Descontaminaci\u00f3n Atmosf\u00e9rica de Temuco y Padre Las Casas"},"content":{"rendered":"<p style=\"text-align: justify;\"><strong style=\"line-height: 1.3em;\"><img decoding=\"async\" class=\"size-auto size-full wp-image-15717\" src=\"https:\/\/portal.sma.gob.cl\/wp-content\/uploads\/2013\/08\/29-8x760.jpg\" alt=\"29-8x760\" width=\"760\" height=\"300\" srcset=\"https:\/\/portal.sma.gob.cl\/wp-content\/uploads\/2013\/08\/29-8x760-200x79.jpg 200w, https:\/\/portal.sma.gob.cl\/wp-content\/uploads\/2013\/08\/29-8x760-300x118.jpg 300w, https:\/\/portal.sma.gob.cl\/wp-content\/uploads\/2013\/08\/29-8x760-400x158.jpg 400w, https:\/\/portal.sma.gob.cl\/wp-content\/uploads\/2013\/08\/29-8x760-600x237.jpg 600w, https:\/\/portal.sma.gob.cl\/wp-content\/uploads\/2013\/08\/29-8x760.jpg 760w\" sizes=\"(max-width: 760px) 100vw, 760px\" \/><\/strong><\/p>\n<p style=\"text-align: justify;\"><strong style=\"line-height: 1.3em;\">En la instancia los servicios y municipios presentaron sus respectivos avances en la ejecuci\u00f3n de las actividades de fiscalizaci\u00f3n ambiental.<\/strong><\/p>\n<p>  <!--more-->  <\/p>\n<p style=\"text-align: justify;\"><strong style=\"line-height: 1.3em;\">Temuco, 22 de agosto de 2013<\/strong>. La Superintendencia del Medio Ambiente (SMA) realiz\u00f3, el jueves 22 de agosto, una reuni\u00f3n informativa sobre el avance de la ejecuci\u00f3n de las actividades de fiscalizaci\u00f3n ambiental de las medidas del Plan de Descontaminaci\u00f3n Atmosf\u00e9rica de Temuco y Padre Las Casas.&nbsp;<\/p>\n<p>Los objetivos de aquella reuni\u00f3n fue que los servicios y municipios que fiscalizan el cumplimiento de las medidas del PDA de Temuco y Padre Las Casas rindieran cuenta de la ejecuci\u00f3n de las mismas.<\/p>\n<p>A la actividad asistieron funcionarios de la Superintendencia del Medio Ambiente, SEREMI del Medio Ambiente, SEREMI de Salud, CONAF, y tambi\u00e9n representantes de la Municipalidad de Temuco y la Municipalidad de Padre Las Casas.<\/p>\n","protected":false},"excerpt":{"rendered":"<p>En la instancia los servicios y municipios presentaron sus respectivos avances en la ejecuci\u00f3n de las actividades de fiscalizaci\u00f3n ambiental.<\/p>\n","protected":false},"author":3,"featured_media":15717,"comment_status":"open","ping_status":"open","sticky":false,"template":"","format":"standard","meta":{"footnotes":""},"categories":[94],"tags":[],"class_list":["post-15718","post","type-post","status-publish","format-standard","has-post-thumbnail","hentry","category-notas-noticias"],"_links":{"self":[{"href":"https:\/\/portal.sma.gob.cl\/index.php\/wp-json\/wp\/v2\/posts\/15718","targetHints":{"allow":["GET"]}}],"collection":[{"href":"https:\/\/portal.sma.gob.cl\/index.php\/wp-json\/wp\/v2\/posts"}],"about":[{"href":"https:\/\/portal.sma.gob.cl\/index.php\/wp-json\/wp\/v2\/types\/post"}],"author":[{"embeddable":true,"href":"https:\/\/portal.sma.gob.cl\/index.php\/wp-json\/wp\/v2\/users\/3"}],"replies":[{"embeddable":true,"href":"https:\/\/portal.sma.gob.cl\/index.php\/wp-json\/wp\/v2\/comments?post=15718"}],"version-history":[{"count":0,"href":"https:\/\/portal.sma.gob.cl\/index.php\/wp-json\/wp\/v2\/posts\/15718\/revisions"}],"wp:featuredmedia":[{"embeddable":true,"href":"https:\/\/portal.sma.gob.cl\/index.php\/wp-json\/wp\/v2\/media\/15717"}],"wp:attachment":[{"href":"https:\/\/portal.sma.gob.cl\/index.php\/wp-json\/wp\/v2\/media?parent=15718"}],"wp:term":[{"taxonomy":"category","embeddable":true,"href":"https:\/\/portal.sma.gob.cl\/index.php\/wp-json\/wp\/v2\/categories?post=15718"},{"taxonomy":"post_tag","embeddable":true,"href":"https:\/\/portal.sma.gob.cl\/index.php\/wp-json\/wp\/v2\/tags?post=15718"}],"curies":[{"name":"wp","href":"https:\/\/api.w.org\/{rel}","templated":true}]}}