{"id":15720,"date":"2013-08-30T19:13:51","date_gmt":"2013-08-30T19:13:51","guid":{"rendered":"https:\/\/portal.sma.gob.cl\/index.php\/2013\/08\/30\/sma-realiza-seminario-de-fiscalizacion-y-seguimiento-ambiental-en-valdivia\/"},"modified":"2013-08-30T19:13:51","modified_gmt":"2013-08-30T19:13:51","slug":"sma-realiza-seminario-de-fiscalizacion-y-seguimiento-ambiental-en-valdivia","status":"publish","type":"post","link":"https:\/\/portal.sma.gob.cl\/index.php\/sma-realiza-seminario-de-fiscalizacion-y-seguimiento-ambiental-en-valdivia\/","title":{"rendered":"SMA realiza seminario de fiscalizaci\u00f3n y seguimiento ambiental en Valdivia"},"content":{"rendered":"<p style=\"text-align: justify;\">&nbsp;<\/p>\n<p style=\"text-align: justify;\"><strong><img decoding=\"async\" class=\"size-auto size-full wp-image-15719\" src=\"https:\/\/portal.sma.gob.cl\/wp-content\/uploads\/2013\/08\/1-9x760.jpg\" alt=\"1-9x760\" width=\"760\" height=\"300\" srcset=\"https:\/\/portal.sma.gob.cl\/wp-content\/uploads\/2013\/08\/1-9x760-200x79.jpg 200w, https:\/\/portal.sma.gob.cl\/wp-content\/uploads\/2013\/08\/1-9x760-300x118.jpg 300w, https:\/\/portal.sma.gob.cl\/wp-content\/uploads\/2013\/08\/1-9x760-400x158.jpg 400w, https:\/\/portal.sma.gob.cl\/wp-content\/uploads\/2013\/08\/1-9x760-600x237.jpg 600w, https:\/\/portal.sma.gob.cl\/wp-content\/uploads\/2013\/08\/1-9x760.jpg 760w\" sizes=\"(max-width: 760px) 100vw, 760px\" \/><\/strong><\/p>\n<p style=\"text-align: justify;\"><strong>La actividad, dirigida a titulares de Resoluciones de Calificaci\u00f3n Ambiental cont\u00f3 con m\u00e1s de 170 asistentes y se realiz\u00f3 en el Centro de Estudios Cient\u00edficos.<\/strong><\/p>\n<p>  <!--more-->  <\/p>\n<p style=\"text-align: justify;\"><strong style=\"line-height: 1.3em;\">Valdivia, 28 de agosto de 2013.<\/strong> La Superintendencia del Medio Ambiente (SMA) llev\u00f3 a cabo en Valdivia el seminario \u201cFiscalizaci\u00f3n y Seguimiento Ambiental\u201d, organizado por la Divisi\u00f3n de Fiscalizaci\u00f3n. Esta actividad, dirigida a titulares de Resoluciones de Calificaci\u00f3n Ambiental (RCA), tuvo como objetivo dar a conocer los procedimientos de fiscalizaci\u00f3n ambiental implementados por la SMA desde que comenz\u00f3 a operar con plenas facultades, el 28 de diciembre de 2012.&nbsp;<\/p>\n<p>M\u00e1s de 170 encargados ambientales de compa\u00f1\u00edas con proyectos con RCA participaron en la iniciativa, realizada en el Centro de Estudios Cient\u00edficos, en pleno centro de la ciudad. Eduardo Rodr\u00edguez, jefe de la Macro Zona Sur de la SMA, dio a la bienvenida a los asistentes, recalcando que la instancia sirve para explicar de primera fuente c\u00f3mo se realizan los procesos de fiscalizaci\u00f3n, y a la vez, para que los regulados expresen sus dudas y sugerencias.<\/p>\n<p>Posteriormente, el jefe de la Divisi\u00f3n de Fiscalizaci\u00f3n de la SMA, Kay Bergamini, realiz\u00f3 una detallada explicaci\u00f3n sobre el proceso de fiscalizaci\u00f3n ambiental, detallando sus ejes estrat\u00e9gicos. Agreg\u00f3 que en la fiscalizaci\u00f3n de proyectos se consideran dos variables: los aspectos ambientales relativos a la tipolog\u00eda de los mismos (por ejemplo, si son mineros, energ\u00e9ticos, salmoneros, etc), y tambi\u00e9n los aspectos ambientales relativos al emplazamiento, donde se toman en cuenta la afectaci\u00f3n de cursos de agua, aire, flora y vegetaci\u00f3n, fauna y grupos humanos aleda\u00f1os. <\/p>\n<p>El jefe de la Divisi\u00f3n de Fiscalizaci\u00f3n tambi\u00e9n respondi\u00f3 consultas de la audiencia, explicando, por ejemplo, que el procedimiento de fiscalizaci\u00f3n finaliza con la elaboraci\u00f3n de un Informe de Fiscalizaci\u00f3n Ambiental, el cual cuenta con un resumen de las actividades realizadas y una breve descripci\u00f3n de los principales hallazgos, el motivo de la actividad y la identificaci\u00f3n de todos aquellos hechos que constituyen no conformidades del proyecto o actividad fiscalizada. Si se encuentran no conformidades, estas se derivan a la Unidad de Instrucci\u00f3n de Procedimientos Sancionatorios (UIPS). En el caso de no encontrar incumplimientos, el informe se publica en el Sistema Nacional de Informaci\u00f3n de Fiscalizaci\u00f3n Ambiental (<a href=\"http:\/\/snifa.sma.gob.cl\/registropublico\/snifahome\" target=\"_blank\">SNIFA<\/a>), mientras que si se formulan cargos, la UIPS notifica a la empresa y la informaci\u00f3n se publica tambi\u00e9n en SNIFA.<\/p>\n<p>El \u00e1rea de Seguimiento Ambiental, asociada a proyectos con Resoluci\u00f3n de Calificaci\u00f3n Ambiental fue explicada por Claudia Pastore junto a Mar\u00eda Ines Mu\u00f1oz, ambas de la Divisi\u00f3n de Fiscalizaci\u00f3n, mientras que el seguimiento asociado a Normas de Emisi\u00f3n fue expuesto por Juan Pablo Rodr\u00edguez.<\/p>\n<p>El Superintendente, Juan Carlos Monckeberg, clausur\u00f3 la jornada con un discurso donde explic\u00f3 que con la reforma a la institucionalidad ambiental \u2013que se comenz\u00f3 a implementar en 2010-, \u201cno s\u00f3lo cambi\u00f3 la forma de operar y trabajar de los organismos del Estado. Tambi\u00e9n cambi\u00f3 la forma en que los titulares de proyectos deber\u00e1n administrar y dar cumplimiento a las obligaciones que emanan de sus instrumentos de gesti\u00f3n ambiental\u201d. En ese contexto, a\u00f1adi\u00f3 que, \u201clas Resoluciones de Calificaci\u00f3n Ambiental (RCA) no son un instrumento pensando ni dise\u00f1ado para que sea \u00fatil y f\u00e1cil para la fiscalizaci\u00f3n. En la RCA deber\u00eda solamente quedar reflejado lo relevante ambientalmente del proyecto\u201d, por lo que llam\u00f3 a los titulares de proyectos a ser rigurosos a la hora de obtener un permiso ambiental.<\/p>\n<h1 style=\"text-align: justify;\">VER PRESENTACIONES<\/h1>\n<p style=\"text-align: justify;\"><a class=\"doclink\" href=\"index.php?option=com_docman&amp;task=doc_download&amp;gid=145&amp;Itemid=280\"><img decoding=\"async\" class=\" size-full wp-image-15480\" src=\"https:\/\/portal.sma.gob.cl\/wp-content\/uploads\/2012\/07\/pdf.png\" alt=\"icon\" border=\"0\" width=\"16\" height=\"16\" \/>&nbsp;01 Valdivia- Presentaci\u00f3n Fiscalizaci\u00f3n Ambiental-Kay Bergamini<\/a><\/p>\n<p style=\"text-align: justify;\"><a class=\"doclink\" href=\"index.php?option=com_docman&amp;task=doc_download&amp;gid=146&amp;Itemid=280\"><img decoding=\"async\" class=\" size-full wp-image-15480\" src=\"https:\/\/portal.sma.gob.cl\/wp-content\/uploads\/2012\/07\/pdf.png\" alt=\"icon\" border=\"0\" width=\"16\" height=\"16\" \/>&nbsp;02 Valdivia- Presentaci\u00f3n Seguimiento -Claudia Pastore<\/a><\/p>\n<p style=\"text-align: justify;\"><a class=\"doclink\" href=\"index.php?option=com_docman&amp;task=doc_download&amp;gid=147&amp;Itemid=280\"><img decoding=\"async\" class=\" size-full wp-image-15480\" src=\"https:\/\/portal.sma.gob.cl\/wp-content\/uploads\/2012\/07\/pdf.png\" alt=\"icon\" border=\"0\" width=\"16\" height=\"16\" \/>&nbsp;03 Valdivia-Presentaci\u00f3n Sistemas -M.I Mu\u00f1oz<\/a><\/p>\n<p style=\"text-align: justify;\"><a class=\"doclink\" href=\"index.php?option=com_docman&amp;task=doc_download&amp;gid=148&amp;Itemid=280\"><img decoding=\"async\" class=\" size-full wp-image-15480\" src=\"https:\/\/portal.sma.gob.cl\/wp-content\/uploads\/2012\/07\/pdf.png\" alt=\"icon\" border=\"0\" width=\"16\" height=\"16\" \/>&nbsp;04 Valdivia- Presentaci\u00f3n Normas de Emisi\u00f3n -J.P Rodr\u00edguez<\/a><\/p>\n","protected":false},"excerpt":{"rendered":"<p>&nbsp; La actividad, dirigida a titulares de Resoluciones de Calificaci\u00f3n Ambiental cont\u00f3 con m\u00e1s de 170 asistentes y se realiz\u00f3 en el Centro de Estudios Cient\u00edficos.<\/p>\n","protected":false},"author":3,"featured_media":15719,"comment_status":"open","ping_status":"open","sticky":false,"template":"","format":"standard","meta":{"footnotes":""},"categories":[94],"tags":[],"class_list":["post-15720","post","type-post","status-publish","format-standard","has-post-thumbnail","hentry","category-notas-noticias"],"_links":{"self":[{"href":"https:\/\/portal.sma.gob.cl\/index.php\/wp-json\/wp\/v2\/posts\/15720","targetHints":{"allow":["GET"]}}],"collection":[{"href":"https:\/\/portal.sma.gob.cl\/index.php\/wp-json\/wp\/v2\/posts"}],"about":[{"href":"https:\/\/portal.sma.gob.cl\/index.php\/wp-json\/wp\/v2\/types\/post"}],"author":[{"embeddable":true,"href":"https:\/\/portal.sma.gob.cl\/index.php\/wp-json\/wp\/v2\/users\/3"}],"replies":[{"embeddable":true,"href":"https:\/\/portal.sma.gob.cl\/index.php\/wp-json\/wp\/v2\/comments?post=15720"}],"version-history":[{"count":0,"href":"https:\/\/portal.sma.gob.cl\/index.php\/wp-json\/wp\/v2\/posts\/15720\/revisions"}],"wp:featuredmedia":[{"embeddable":true,"href":"https:\/\/portal.sma.gob.cl\/index.php\/wp-json\/wp\/v2\/media\/15719"}],"wp:attachment":[{"href":"https:\/\/portal.sma.gob.cl\/index.php\/wp-json\/wp\/v2\/media?parent=15720"}],"wp:term":[{"taxonomy":"category","embeddable":true,"href":"https:\/\/portal.sma.gob.cl\/index.php\/wp-json\/wp\/v2\/categories?post=15720"},{"taxonomy":"post_tag","embeddable":true,"href":"https:\/\/portal.sma.gob.cl\/index.php\/wp-json\/wp\/v2\/tags?post=15720"}],"curies":[{"name":"wp","href":"https:\/\/api.w.org\/{rel}","templated":true}]}}