{"id":15721,"date":"2013-09-02T13:42:04","date_gmt":"2013-09-02T13:42:04","guid":{"rendered":"https:\/\/portal.sma.gob.cl\/index.php\/2013\/09\/02\/superintendencia-del-medio-ambiente-formula-cargos-contra-endesa\/"},"modified":"2013-09-02T13:42:04","modified_gmt":"2013-09-02T13:42:04","slug":"superintendencia-del-medio-ambiente-formula-cargos-contra-endesa","status":"publish","type":"post","link":"https:\/\/portal.sma.gob.cl\/index.php\/superintendencia-del-medio-ambiente-formula-cargos-contra-endesa\/","title":{"rendered":"Superintendencia del Medio Ambiente formula cargos contra Endesa"},"content":{"rendered":"<p style=\"text-align: justify;\"><strong><img decoding=\"async\" class=\"size-auto size-full wp-image-15689\" src=\"https:\/\/portal.sma.gob.cl\/wp-content\/uploads\/2013\/07\/Sin_t%C3%ADtulo-1.jpg\" alt=\"Sin t\u00edtulo-1\" width=\"760\" height=\"300\" \/><\/strong><\/p>\n<p style=\"text-align: justify;\"><strong>La Superintendencia del Medio Ambiente (SMA), luego de un proceso de investigaci\u00f3n de m\u00e1s seis meses, procedi\u00f3 a formular cargos contra Empresa Nacional de Electricidad (Endesa), titular del proyecto \u201cAmpliaci\u00f3n Central Termoel\u00e9ctrica Bocamina Segunda Unidad\u201d.<\/strong><\/p>\n<p>  <!--more-->  <\/p>\n<p style=\"text-align: justify;\"><strong>Santiago, 02 de septiembre de 2013<\/strong>. La Superintendencia del Medio Ambiente (SMA) procedi\u00f3 hoy a formular cargos contra, Empresa Nacional de Electricidad (Endesa), titular del proyecto \u201cAmpliaci\u00f3n Central Termoel\u00e9ctrica Bocamina Segunda Unidad\u201d, debido a incumplimientos de las condiciones, normas y medidas establecidas en su Resoluci\u00f3n de Calificaci\u00f3n Ambiental (RCA).<\/p>\n<p style=\"text-align: justify;\">La central termoel\u00e9ctrica se ubica en la comuna de Coronel, Regi\u00f3n del Biob\u00edo. Esta Superintendencia incluy\u00f3 la fiscalizaci\u00f3n de la instalaci\u00f3n en su Programa de Fiscalizaci\u00f3n 2013, realizando inspecciones ambientales los d\u00edas 13 y 14 de febrero de 2013, y los d\u00edas 15, 19, 26 y 27 de marzo de 2013. En estas labores participaron funcionarios de la SMA junto a profesionales de la Seremi de Salud; Sernapesca; y Directemar, todos de la Regi\u00f3n del Biob\u00edo.<\/p>\n<p style=\"text-align: justify;\">En paralelo, la Superintendencia recibi\u00f3 denuncias de ciudadanos de la zona de Coronel y tambi\u00e9n del Senador Alejandro Navarro, las que se incorporaron al proceso en curso.<\/p>\n<p style=\"text-align: justify;\">Con todos los antecedentes recabados en terreno y an\u00e1lisis a las Resoluci\u00f3n de Calificaci\u00f3n Ambiental (RCA) con que cuenta el proyecto, y de acuerdo a lo dispuesto a la Ley Org\u00e1nica de la Superintendencia, se procedi\u00f3 a formular cargos contra Endesa, principalmente, por los siguientes hechos:<\/p>\n<p style=\"text-align: justify;\">1. La omisi\u00f3n de contar con una obra de descarga de residuos industriales l\u00edquidos del sistema de refrigeraci\u00f3n del condensador, que penetre en el mar 30 metros desde el borde de la playa.<\/p>\n<p style=\"text-align: justify;\">2. La Unidad I en el mes de enero de 2013 emiti\u00f3 0,35 ton\/d\u00eda, en promedio, para el par\u00e1metro CO, superando el l\u00edmite de emisiones atmosf\u00e9ricas.<\/p>\n<p style=\"text-align: justify;\">3. Al momento de la inspecci\u00f3n se constat\u00f3 que el sistema de desulfurizaci\u00f3n de la Unidad I no estaba operativo. A mayor abundamiento, se constat\u00f3 que al momento de la inspecci\u00f3n dicho sistema se encontraba en construcci\u00f3n.<\/p>\n<p style=\"text-align: justify;\">4. Emisi\u00f3n de ruidos molestos en el proyecto, considerando los resultados de la medici\u00f3n realizada durante la inspecci\u00f3n.<\/p>\n<p style=\"text-align: justify;\">5. Con ocasi\u00f3n de los eventos naturales de varaz\u00f3n de langostinos y otras especies marinas, ocurridos durante los meses de febrero y marzo de 2013 en la Regi\u00f3n del Biob\u00edo, qued\u00f3 en evidencia la existencia de falencias tecnol\u00f3gicas en las bocatomas de la Central Termoel\u00e9ctrica Bocamina y el consecuente ingreso masivo de organismos a los sistemas de captaci\u00f3n de agua de mar. Al respecto, se constat\u00f3 que Empresa Nacional de Electricidad S.A., no cuenta con medidas implementadas para hacerse cargo de la succi\u00f3n masiva de recursos hidrobiol\u00f3gicos a trav\u00e9s del sif\u00f3n de captaci\u00f3n de aguas de refrigeraci\u00f3n de la Unidad II.<\/p>\n<p style=\"text-align: justify;\">6. Empresa Nacional de Electricidad S.A. no remiti\u00f3 la informaci\u00f3n solicitada por funcionarios de esta Superintendencia, con ocasi\u00f3n de las actividades de inspecci\u00f3n ambiental, relativa a los registros hist\u00f3ricos de reporte de emisiones en l\u00ednea (CEMs) desde el inicio de la operaci\u00f3n hasta la fecha.<\/p>\n<p style=\"text-align: justify;\">Los cargos formulados por esta Superintendencia se clasifican como graves. Por ley, estos pueden ser objeto de la revocaci\u00f3n de una RCA, clausura, o multa de hasta 5.000 Unidades Tributarias Anuales (UTA).<\/p>\n<p style=\"text-align: justify;\">En tanto, el infractor tendr\u00e1 10 d\u00edas de plazo para presentar un Programa de Cumplimiento o cuenta con 15 d\u00edas de plazo para formular descargos ante esta Superintendencia, tras lo cual contin\u00faa el proceso sancionatorio.<\/p>\n","protected":false},"excerpt":{"rendered":"<p>La Superintendencia del Medio Ambiente (SMA), luego de un proceso de investigaci\u00f3n de m\u00e1s seis meses, procedi\u00f3 a formular cargos contra Empresa Nacional de Electricidad (Endesa), titular del proyecto \u201cAmpliaci\u00f3n Central Termoel\u00e9ctrica Bocamina Segunda Unidad\u201d.<\/p>\n","protected":false},"author":3,"featured_media":15689,"comment_status":"open","ping_status":"open","sticky":false,"template":"","format":"standard","meta":{"footnotes":""},"categories":[90],"tags":[],"class_list":["post-15721","post","type-post","status-publish","format-standard","has-post-thumbnail","hentry","category-comunicados-noticias"],"_links":{"self":[{"href":"https:\/\/portal.sma.gob.cl\/index.php\/wp-json\/wp\/v2\/posts\/15721","targetHints":{"allow":["GET"]}}],"collection":[{"href":"https:\/\/portal.sma.gob.cl\/index.php\/wp-json\/wp\/v2\/posts"}],"about":[{"href":"https:\/\/portal.sma.gob.cl\/index.php\/wp-json\/wp\/v2\/types\/post"}],"author":[{"embeddable":true,"href":"https:\/\/portal.sma.gob.cl\/index.php\/wp-json\/wp\/v2\/users\/3"}],"replies":[{"embeddable":true,"href":"https:\/\/portal.sma.gob.cl\/index.php\/wp-json\/wp\/v2\/comments?post=15721"}],"version-history":[{"count":0,"href":"https:\/\/portal.sma.gob.cl\/index.php\/wp-json\/wp\/v2\/posts\/15721\/revisions"}],"wp:featuredmedia":[{"embeddable":true,"href":"https:\/\/portal.sma.gob.cl\/index.php\/wp-json\/wp\/v2\/media\/15689"}],"wp:attachment":[{"href":"https:\/\/portal.sma.gob.cl\/index.php\/wp-json\/wp\/v2\/media?parent=15721"}],"wp:term":[{"taxonomy":"category","embeddable":true,"href":"https:\/\/portal.sma.gob.cl\/index.php\/wp-json\/wp\/v2\/categories?post=15721"},{"taxonomy":"post_tag","embeddable":true,"href":"https:\/\/portal.sma.gob.cl\/index.php\/wp-json\/wp\/v2\/tags?post=15721"}],"curies":[{"name":"wp","href":"https:\/\/api.w.org\/{rel}","templated":true}]}}