{"id":15725,"date":"2013-09-10T19:15:41","date_gmt":"2013-09-10T19:15:41","guid":{"rendered":"https:\/\/portal.sma.gob.cl\/index.php\/2013\/09\/10\/consejo-de-la-sociedad-civil-de-la-sma-sesiona-en-septiembre\/"},"modified":"2013-09-10T19:15:41","modified_gmt":"2013-09-10T19:15:41","slug":"consejo-de-la-sociedad-civil-de-la-sma-sesiona-en-septiembre","status":"publish","type":"post","link":"https:\/\/portal.sma.gob.cl\/index.php\/consejo-de-la-sociedad-civil-de-la-sma-sesiona-en-septiembre\/","title":{"rendered":"Consejo de la Sociedad Civil de la SMA sesiona en septiembre"},"content":{"rendered":"<p style=\"text-align: justify;\"><strong><img decoding=\"async\" class=\"size-auto size-full wp-image-15724\" src=\"https:\/\/portal.sma.gob.cl\/wp-content\/uploads\/2013\/09\/10-9x760.jpg\" alt=\"10-9x760\" width=\"760\" height=\"300\" srcset=\"https:\/\/portal.sma.gob.cl\/wp-content\/uploads\/2013\/09\/10-9x760-200x79.jpg 200w, https:\/\/portal.sma.gob.cl\/wp-content\/uploads\/2013\/09\/10-9x760-300x118.jpg 300w, https:\/\/portal.sma.gob.cl\/wp-content\/uploads\/2013\/09\/10-9x760-400x158.jpg 400w, https:\/\/portal.sma.gob.cl\/wp-content\/uploads\/2013\/09\/10-9x760-600x237.jpg 600w, https:\/\/portal.sma.gob.cl\/wp-content\/uploads\/2013\/09\/10-9x760.jpg 760w\" sizes=\"(max-width: 760px) 100vw, 760px\" \/><\/strong><\/p>\n<p style=\"text-align: justify;\"><strong>En el encuentro se expuso sobre la Nueva Institucionalidad Ambiental y las actuaciones de la Superintendencia ante los Tribunales Ambientales.<\/strong><\/p>\n<p>  <!--more-->  <\/p>\n<p style=\"text-align: justify;\"><strong style=\"line-height: 1.3em;\">Santiago, 10 de septiembre de 2013.<\/strong> En el marco de la Ley 20.500, Sobre Asociaciones y Participaci\u00f3n Ciudadana en la Gesti\u00f3n P\u00fablica, la Superintendencia del Medio Ambiente (SMA) cit\u00f3 a sesi\u00f3n al Consejo de la Sociedad Civil para el a\u00f1o 2013, el cual se reuni\u00f3 el viernes 6 de septiembre en las dependencias de la Instituci\u00f3n.<\/p>\n<p>En el encuentro expuso el abogado Emanuel Ibarra, de Fiscal\u00eda, sobre la relaci\u00f3n entre los Tribunales Ambientales y la SMA en el marco de la Nueva Institucionalidad Ambiental. El profesional dio a conocer las actuaciones que ha llevado a cabo la Superintendencia ante dicho Tribunal y sus resultados.<\/p>\n<p>\u201cEn esta ocasi\u00f3n, la exposici\u00f3n para el Consejo de la Sociedad Civil se estructur\u00f3 sobre la base de las actuaciones de la Superintendencia del Medio Ambiente ante los Tribunales Ambientales. Al respecto, se inform\u00f3 al referido Consejo todos los antecedentes relativos a la entrada en vigencia de la Ley N\u00b0 20.600, que crea los Tribunales Ambientales\u201d, dice Ibarra. <br \/>El Consejo, presidido por la acad\u00e9mica Dominique Herv\u00e9 y en esta oportunidad estuvo integrado por Ana Mar\u00eda Mu\u00f1oz, Joaqu\u00edn Trujillo, Luis Cifuentes, Fabi\u00e1n Jacksic y Norberto D\u00edaz.<\/p>\n","protected":false},"excerpt":{"rendered":"<p>En el encuentro se expuso sobre la Nueva Institucionalidad Ambiental y las actuaciones de la Superintendencia ante los Tribunales Ambientales.<\/p>\n","protected":false},"author":3,"featured_media":15724,"comment_status":"open","ping_status":"open","sticky":false,"template":"","format":"standard","meta":{"footnotes":""},"categories":[94],"tags":[],"class_list":["post-15725","post","type-post","status-publish","format-standard","has-post-thumbnail","hentry","category-notas-noticias"],"_links":{"self":[{"href":"https:\/\/portal.sma.gob.cl\/index.php\/wp-json\/wp\/v2\/posts\/15725","targetHints":{"allow":["GET"]}}],"collection":[{"href":"https:\/\/portal.sma.gob.cl\/index.php\/wp-json\/wp\/v2\/posts"}],"about":[{"href":"https:\/\/portal.sma.gob.cl\/index.php\/wp-json\/wp\/v2\/types\/post"}],"author":[{"embeddable":true,"href":"https:\/\/portal.sma.gob.cl\/index.php\/wp-json\/wp\/v2\/users\/3"}],"replies":[{"embeddable":true,"href":"https:\/\/portal.sma.gob.cl\/index.php\/wp-json\/wp\/v2\/comments?post=15725"}],"version-history":[{"count":0,"href":"https:\/\/portal.sma.gob.cl\/index.php\/wp-json\/wp\/v2\/posts\/15725\/revisions"}],"wp:featuredmedia":[{"embeddable":true,"href":"https:\/\/portal.sma.gob.cl\/index.php\/wp-json\/wp\/v2\/media\/15724"}],"wp:attachment":[{"href":"https:\/\/portal.sma.gob.cl\/index.php\/wp-json\/wp\/v2\/media?parent=15725"}],"wp:term":[{"taxonomy":"category","embeddable":true,"href":"https:\/\/portal.sma.gob.cl\/index.php\/wp-json\/wp\/v2\/categories?post=15725"},{"taxonomy":"post_tag","embeddable":true,"href":"https:\/\/portal.sma.gob.cl\/index.php\/wp-json\/wp\/v2\/tags?post=15725"}],"curies":[{"name":"wp","href":"https:\/\/api.w.org\/{rel}","templated":true}]}}