{"id":15729,"date":"2013-09-10T20:24:53","date_gmt":"2013-09-10T20:24:53","guid":{"rendered":"https:\/\/portal.sma.gob.cl\/index.php\/2013\/09\/10\/macro-zona-sur\/"},"modified":"2013-09-10T20:24:53","modified_gmt":"2013-09-10T20:24:53","slug":"macro-zona-sur","status":"publish","type":"post","link":"https:\/\/portal.sma.gob.cl\/index.php\/macro-zona-sur\/","title":{"rendered":"MACRO ZONA SUR"},"content":{"rendered":"<p style=\"text-align: justify;\"><img decoding=\"async\" class=\"size-auto size-full wp-image-15728\" src=\"https:\/\/portal.sma.gob.cl\/wp-content\/uploads\/2013\/09\/760x-31.jpg\" alt=\"760x-31\" width=\"760\" height=\"300\" srcset=\"https:\/\/portal.sma.gob.cl\/wp-content\/uploads\/2013\/09\/760x-31-200x79.jpg 200w, https:\/\/portal.sma.gob.cl\/wp-content\/uploads\/2013\/09\/760x-31-300x118.jpg 300w, https:\/\/portal.sma.gob.cl\/wp-content\/uploads\/2013\/09\/760x-31-400x158.jpg 400w, https:\/\/portal.sma.gob.cl\/wp-content\/uploads\/2013\/09\/760x-31-600x237.jpg 600w, https:\/\/portal.sma.gob.cl\/wp-content\/uploads\/2013\/09\/760x-31.jpg 760w\" sizes=\"(max-width: 760px) 100vw, 760px\" \/><\/p>\n<p>  <!--more-->  <\/p>\n<p style=\"text-align: justify;\"><strong>El equipo de la Macro Zona Sur de la Superintendencia, encabezado por Eduardo Rodr\u00edguez Sep\u00falveda.<\/strong><\/p>\n<hr \/>\n<p style=\"text-align: justify;\">La Superintendencia del Medio Ambiente (SMA) cuenta desde fines de agosto con su nueva Oficina Macro Zona Sur.&nbsp;La Macro Zona Sur de la SMA abarca desde la Regi\u00f3n del Biob\u00edo hasta la Regi\u00f3n de Magallanes, descentralizando as\u00ed la gesti\u00f3n para la fiscalizaci\u00f3n de proyectos y actividades en la zona sur del pa\u00eds, caracterizada por la presencia de muchos proyectos salmoneros, forestales e industriales de diversa \u00edndole.<\/p>\n<p style=\"text-align: justify;\"><strong>Direcci\u00f3n: Yerbas Buenas 170, Valdivia. Tel\u00e9fono: 63- 222 2873.<\/strong><\/p>\n<p style=\"text-align: justify;\">El jefe de la Macro Zona Sur es el abogado <strong style=\"line-height: 1.3em;\">Eduardo Rodr\u00edguez Sep\u00falveda<\/strong>, de la Universidad Mayor y cuenta con un Diplomado en Introducci\u00f3n al Derecho Internacional de los Derechos Humanos impartido por la facultad de Derecho de&nbsp; la Universidad de Chile. En su experiencia profesional ha desarrollado labores acad\u00e9micas y tambi\u00e9n se ha desempe\u00f1ado en el sector p\u00fablico como Director Regional del Servicio de Evaluaci\u00f3n Ambiental de la Araucan\u00eda (2011-2012) culminando el proceso de instalaci\u00f3n de ese servicio en la regi\u00f3n, cargo al que se llega por concurso de la Alta Direcci\u00f3n P\u00fablica. Anteriormente se desempe\u00f1\u00f3 como Encargado de la Unidad Jur\u00eddica de la CONAMA (2006-2010), especializ\u00e1ndose en la evaluaci\u00f3n ambiental de proyectos y defensa de las actuaciones de ese servicio ante los Tribunales de Justicia. Entre 2003 y 2006 se desempe\u00f1\u00f3 en la Unidad de Tierras y Aguas Ind\u00edgenas de la Corporaci\u00f3n Nacional de Desarrollo Ind\u00edgena (CONADI).<\/p>\n<hr \/>\n<h1 style=\"text-align: justify;\"><strong>Agenda p\u00fablica del Jefe Macro Zona Sur<\/strong><\/h1>\n<h3>Abril 2015<\/h3>\n<p><strong style=\"font-size: 12.1599998474121px; line-height: 15.8079996109009px; text-align: justify;\">29 de abril. <\/strong>El jefe de la Macro Zona Sur, Eduardo Rodr\u00edguez, junto a un equipo de profesionales de la SMA, se traslada a la zona del Volc\u00e1n Calbuco, en la regi\u00f3n de Los Lagos, para levantar informaci\u00f3n en terreno sobre proyectos aleda\u00f1os al volc\u00e1n, recabando informaci\u00f3n ambiental generada a prop\u00f3sito de la emergencia.<\/p>\n<h3>Marzo 2015<\/h3>\n<p style=\"text-align: justify;\"><strong>25 de marzo, 15.00 horas.<\/strong> El jefe de la Macro Zona Sur, Eduardo Rodr\u00edguez, se re\u00fane con la Seremi de Salud de Los R\u00edos, Dr. Guillermo Ram\u00edrez, para tratar temas de denuncias y ejecuci\u00f3n del programa de fiscalizaci\u00f3n de RCA para 2015. A la vez, se tratar\u00e1n temas de capacitaci\u00f3n y colaboraci\u00f3n entre ambos organismos.<\/p>\n<p style=\"text-align: justify;\"><strong>20 de marzo, 16.00 horas.<\/strong> El jefe de la Macro Zona Sur, Eduardo Rodr\u00edguez, se re\u00fane con el Seremi de Salud de la Araucan\u00eda, Dr. Carlos Gonz\u00e1lez, para tratar temas de denuncias y ejecuci\u00f3n del programa de fiscalizaci\u00f3n de RCA para 2015. A la vez, se tratar\u00e1n temas de capacitaci\u00f3n y colaboraci\u00f3n entre ambos organismos.<\/p>\n<hr \/>\n<p>&nbsp;<\/p>\n<h3>Febrero 2015<\/h3>\n<p><strong>27 de febrero, 12 horas.<\/strong> El jefe de la Macro Zona Sur, Eduardo Rodr\u00edguez, expone sobre el estado de situaci\u00f3n 2014 de la Superintendencia del Medio Ambiente, en el marco de la tabla extraordinaria de temas a tratar por el Servicio de Evaluaci\u00f3n Ambiental, regi\u00f3n de Los R\u00edos. <strong>Lugar:<\/strong> Auditorium de la Gobernaci\u00f3n Provincial de Valdivia.<\/p>\n<hr \/>\n<h3>&nbsp;<\/h3>\n<h3><strong>Noviembre 2014<\/strong><\/h3>\n<p style=\"text-align: justify;\"><strong>24 de noviembre, 12.00 horas<\/strong>. El Jefe de la Macro Zona Sur, Eduardo Rodr\u00edguez, recibe en audiencia a Jos\u00e9 Araya, dirigente mapuche del Programa Ciudadan\u00eda e Interculturalidad, Observatorio Ciudadano, para abordar materias vinculadas a supuestos incumplimientos ambientales, del proyecto Central Osorno en r\u00edo Pilmaiqu\u00e9n.<\/p>\n<p style=\"text-align: justify;\"><strong>21 de noviembre, 10.00 horas.&nbsp;<\/strong>El jefe de la Macro Zona Sur, Eduardo Rodr\u00edguez, recibe al abogado&nbsp;Roberto Peralta, para discutir temas sobre extracci\u00f3n de \u00e1ridos en Panguipulli.&nbsp;<strong style=\"line-height: 15.8079996109009px; text-align: justify;\">Direcci\u00f3n:<\/strong>&nbsp;Oficina Macro Zona Sur, Yerbas Buenas #170, Valdivia.<\/p>\n<p style=\"text-align: justify;\"><strong>20 de noviembre, 10.00 horas.<\/strong>&nbsp;El jefe de la Macro Zona Sur, Eduardo Rodr\u00edguez, recibe en audiencia solicitada por Endesa, a&nbsp;lejandro Garc\u00eda, representante de Ralco;&nbsp;Yanet Espejo, del \u00e1rea de Medio Ambiente de Endesa; y a la abogada&nbsp;Ingrid Henr\u00edquez, para discutir temas ambientales.&nbsp;<strong style=\"line-height: 15.8079996109009px; text-align: justify;\">Direcci\u00f3n:<\/strong>&nbsp;Oficina Macro Zona Sur, Yerbas Buenas #170, Valdivia.<\/p>\n<p>&nbsp;<\/p>\n<h3><strong>Septiembre 2014<\/strong><\/h3>\n<p style=\"text-align: justify;\"><strong>05 de septiembre, 10.30 horas. <\/strong>El jefe de la Macro Zona Sur, Eduardo Rodr\u00edguez, se re\u00fane protocolarmente con&nbsp;Capit\u00e1n de Fragata LT Antonio Garriga Varela, en&nbsp;dependencias de la Gobernaci\u00f3n Mar\u00edtima de Valdivia.<\/p>\n<p style=\"text-align: justify;\"><strong>29 de septiembre, 10:00 horas<\/strong>. La Facultad de&nbsp;Ciencias Jur\u00eddicas y Empresariales, de la Universidad de la Frontera, invita al Jefe de la Zona Macro Sur de la Superintendencia del Medio Ambiente (SMA), Eduardo Rodr\u00edguez, para que exponga sobre el rol de la nueva institucionalidad ambiental de Chile. <strong>Direcci\u00f3n:&nbsp;<\/strong>Avenida Francisco Salazar 01145, Temuco.<\/p>\n<h3><strong>Junio 2014<\/strong><\/h3>\n<p style=\"text-align: justify;\"><strong>05 de junio, 10:00 horas.&nbsp;<\/strong>El jefe de la Macro Zona Sur, Eduardo Rodr\u00edguez, asisti\u00f3 al evento de conmemoraci\u00f3n del D\u00eda Mundial del Medio Ambiente en el Centro de Estudios Cient\u00edficos de Valdivia, que cont\u00f3 con la presencia de la Seremi del Medio Ambiente de Los R\u00edos, Carla Pe\u00f1a. <strong>Direcci\u00f3n:<\/strong> Arturo Prat #514, Valdivia.<\/p>\n<p style=\"text-align: justify;\"><strong>23 de junio<\/strong>. El jefe de la Macro Zona Sur, Eduardo Rodr\u00edguez, se re\u00fane con directiva de la CONAF de la Regi\u00f3n de La Araucan\u00eda para abordar tema de mesa de fiscalizaci\u00f3n sectorial y supervisar PDA de Temuco y Padre Las Casas.<\/p>\n<p style=\"text-align: justify;\"><strong>25 de junio, 15:00 horas<\/strong>. El jefe de la Macro Zona Sur, Eduardo Rodr\u00edguez, se re\u00fane&nbsp;con dirigentes de defensa del Rio Bueno en &nbsp;la sala de reuniones del SEA. La idea es comunicar las acciones de cada uno y las responsabilidades que ellos tienen como ciudadanos. <strong>Direcci\u00f3n<\/strong>: Arturo Prat #514, Valdivia.&nbsp;<\/p>\n<h3><strong>Abril 2014<\/strong><\/h3>\n<p style=\"text-align: justify;\"><strong>02 de abril, 12:00 horas.<\/strong> El&nbsp;Gerente de \u00c1ridos de Cementos Bio Bio, Claudio Hurtado, se re\u00fane con directiva de la Macro Zona Sur, para abordar tema de la extracci\u00f3n ilegal de \u00e1ridos en la zona sur del pa\u00eds. <strong>Direcci\u00f3n:<\/strong> Oficina Macro Zona Sur, Yerbas Buenas #170, Valdivia.<\/p>\n<p style=\"text-align: justify;\"><strong>03 de abril, 10:00 horas.&nbsp;<\/strong>El seremi de Vivienda y Urbanismo, Carlos Mej\u00edas, junto a otras autoridades de la Regi\u00f3n de Los Lagos, se re\u00fanen con representantes de la Macro Zona Sur para abordar tem\u00e1tica de la RCA del proyecto Puente Collileufu. <strong>Direcci\u00f3n:<\/strong>&nbsp;General Lagos N\u00b0 1356.<\/p>\n<p style=\"text-align: justify;\"><strong>04 de abril, 10:00 horas.<\/strong> El seremi del Medio Ambiente de la Araucan\u00eda,&nbsp;Marco Pichunman, se re\u00fane con el Jefe de la Macro Zona Sur, Eduardo Rodr\u00edguez Sep\u00falveda, para acordar agenda y actividades con la nueva administraci\u00f3n medioambiental de Gobierno para 2014. <strong>Direcci\u00f3n:<\/strong> Lynch N\u00b0 550, Temuco.<\/p>\n<p style=\"text-align: justify;\"><strong>07 de abril, 10:00 horas.<\/strong> El Director del Departamento de Aseo y Ornato de la Municipalida de Padre Las Casas, \u00d3scar Albornoz, se re\u00fane con jefatura de la Macro Zona Sur, con el objeto de coordinar actividades del Plan de Descontaminaci\u00f3n de Temuco y Padre Las Casas, en 2014. <strong>Direcci\u00f3n:<\/strong>&nbsp;Maquehue 1441.<\/p>\n<p style=\"text-align: justify;\"><strong>09 de abril, 16:00 horas.<\/strong> El jefe de la Macro Zona Sur, Eduardo Rodr\u00edguez, acude a saludar a la nueva Seremi del Medio Ambiente de los R\u00edos, Carla Pe\u00f1a R\u00edos. En la reuni\u00f3n se coordinar\u00e1n actividades a desarrollar en conjunto en 2014.&nbsp;<strong style=\"text-align: justify;\">Direcci\u00f3n:<\/strong>&nbsp;SEREMI de Medio Ambiente de Los R\u00edos, Calle Carlos Anwandter N\u00b0 466, Valdivia.<\/p>\n<p style=\"text-align: justify;\"><strong>10 de abril, 15:00 horas<\/strong>. El Seremi del Medio Ambiente de la Regi\u00f3n de Los Lagos, Jorge Pasminio, recibe al jefe de la Macro Zona Sur, Eduardo Rodr\u00edguez, quien viaja a presentar el trabajo de la SMA y coordinar actividades a desarrollar en conjunto este a\u00f1o.&nbsp;<strong style=\"text-align: justify;\">Direcci\u00f3n:<\/strong>&nbsp;SEREMI de Medio Ambiente de Los Lagos,&nbsp;Concepci\u00f3n N\u00b0 120 Piso 8 oficina 805, Edificio Do\u00f1a Encarnaci\u00f3n, Puerto Montt.<\/p>\n<p style=\"text-align: justify;\"><strong>16 de abril, 9:00 horas.<\/strong>&nbsp;Comit\u00e9 Operativo Plan de Descontaminaci\u00f3n Atmosf\u00e9rico para las comunas de Temuco y Padre Las Casas se re\u00fane para coordinar actividades de fiscalizacion del PDA. <strong>Direcci\u00f3n:<\/strong>&nbsp;Dependencias del Servicio de Evaluaci\u00f3n Ambiental, Regi\u00f3n de la Araucan\u00eda, Vicu\u00f1a Mackenna N\u00b0 224, Temuco.<\/p>\n<p style=\"text-align: justify;\"><strong>17 de abril. <\/strong>Reuni\u00f3n en la&nbsp;SEREMI de Salud, Regi\u00f3n de la Araucan\u00eda, del equipo sectorial que monitorea el Plan&nbsp;Descontaminaci\u00f3n Atmosf\u00e9rico para Temuco y Padre Las Casas. <strong>Direcci\u00f3n:<\/strong>&nbsp;Aldunate 512, Temuco.<\/p>\n<p style=\"text-align: justify;\"><strong>30 de abril, 15:00 horas. <\/strong>Reuni\u00f3n de directiva de la Macrozona Sur con representante del Programa Cuidadan\u00eda e Interculturalidad, Observatorio Ciudadano, Jos\u00e9 Araya. Se revisar\u00e1 estado de cumplimiento de la Res. Exenta 2744 de la Central Hidroel\u00e9ctrica Osorno. <strong>Direcci\u00f3n:<\/strong> Sala de reuniones de la Macro Zona Sur, Yerbas Buenas #170, Valdivia.&nbsp;<\/p>\n<p style=\"text-align: justify;\">&nbsp;<\/p>\n<hr \/>\n<p style=\"text-align: justify;\">&nbsp;<\/p>\n<h3><strong>Noviembre 2013&nbsp;<\/strong><\/h3>\n<p><strong><strong><strong style=\"text-align: justify;\">05 de noviembre, 11:00 horas. <\/strong><\/strong><\/strong>Eduardo Rodriguez Sepulveda, Jefe Macro Zona Sur, recibe al Sr. Alfonso De Urresti, diputado de la Republica. &nbsp;El motivo principal es efectuar una reuni\u00f3n t\u00e9cnica solicitada por el Sr. De Urresti, la cual dice relaci\u00f3n con el proyecto \u201cPiscicultura R\u00edo Calcurrupe\u201d. <strong>Direcci\u00f3n:<\/strong> Oficina Macro Zona Sur, Yerbas Buenas N\u00b0 170, Valdivia.<\/p>\n<hr \/>\n<h3>&nbsp;<\/h3>\n<h3><strong>Octubre 2013<\/strong><\/h3>\n<p><strong><strong style=\"text-align: justify;\">01 de octubre, 15:30 horas.<\/strong><\/strong>&nbsp;Eduardo Rodriguez Sepulveda, Jefe Macro Zona Sur, se reune con el Sr. Ren\u00e9 Aravena Riffo, Alcalde de la Ilustre Municipalidad de Panguipulli, Regi\u00f3n de Los R\u00edos, para discutir sobre temas de la L\u00ednea de Compensaci\u00f3n \u201cOficinas de Informaci\u00f3n Tur\u00edstica Comuna de Panguipulli\u201d del Proyecto \u201cCentral Hidroel\u00e9ctrica San Pedro\u201d de la empresa Colb\u00fan S.A., y su actual forma de ejecuci\u00f3n.<strong>&nbsp;<\/strong><strong>Direcci\u00f3n:<\/strong><strong>&nbsp;<\/strong>Oficina Macro Zona Sur, Yerbas Buenas N\u00b0 170, Valdivia.<\/p>\n<p><strong style=\"text-align: justify;\">03 de octubre, 10:00 horas.<\/strong> Eduardo Rodriguez Sepulveda, Jefe Macro Zona Sur, recibe al Sr. Alejandro Hern\u00e1ndez L.,&nbsp; Subcomisario, BIDEMA VALDIVIA PDI.&nbsp; El motivo principal de la reuni\u00f3n solicitada por el Sr. Hern\u00e1ndez, dice relaci\u00f3n solicitar orientaci\u00f3n respecto de la Nueva Institucionalidad Ambiental, Superintendencia del Medio Ambiente. <strong style=\"text-align: justify;\">Direcci\u00f3n:<\/strong> Oficina Macro Zona Sur, Yerbas Buenas N\u00b0 170, Valdivia.<\/p>\n<hr \/>\n<h3><strong>Septiembre 2013<\/strong><\/h3>\n<p style=\"text-align: justify;\"><strong>16 de septiembre, 09:00 horas.<\/strong> Eduardo Rodr\u00edguez, Jefe Macro Zona Sur, participa en un taller de capacitaci\u00f3n a funcionarios del Ministerio de Salud, donde se explic\u00f3 el rol de la autoridad sanitaria en el nuevo modelo ambiental. En el encuentro tambi\u00e9n participaron funcionarios del Servicio de Evaluaci\u00f3n Ambiental (SEA) y de la Seremi del Medio Ambiente de la Araucan\u00eda. <strong>Direcci\u00f3n:<\/strong> Hotel Nicol\u00e1s, Temuco.<\/p>\n<p style=\"text-align: justify;\"><strong>26 de septiembre, 10: 00 horas<\/strong>.&nbsp;Eduardo Rodr\u00edguez, Jefe Macro Zona Sur, expone sobre &#8220;El&nbsp;Rol de la Superintendencia en los conflictos ambientales y su funcionamiento&#8221;, en el marco de las&nbsp;&#8220;V Jornadas Australes de Medio Ambiente y Derecho: Conflictos ambientales y sus resoluciones, an\u00e1lisis desde una perspectiva contempor\u00e1nea&#8221;, a realizarse los d\u00edas 26 y 27 de septiembre y que son organizadas por el Centro de Estudiantes de la Escuela de Derecho de la Universidad Austral de Chile. <strong>Direcci\u00f3n:<\/strong>&nbsp;Auditorio 3 del Edificio Nahm\u00edas,&nbsp;Campus Isla Teja.<\/p>\n","protected":false},"excerpt":{"rendered":"","protected":false},"author":3,"featured_media":15728,"comment_status":"open","ping_status":"open","sticky":false,"template":"","format":"standard","meta":{"footnotes":""},"categories":[1],"tags":[],"class_list":["post-15729","post","type-post","status-publish","format-standard","has-post-thumbnail","hentry","category-sin-categoria"],"_links":{"self":[{"href":"https:\/\/portal.sma.gob.cl\/index.php\/wp-json\/wp\/v2\/posts\/15729","targetHints":{"allow":["GET"]}}],"collection":[{"href":"https:\/\/portal.sma.gob.cl\/index.php\/wp-json\/wp\/v2\/posts"}],"about":[{"href":"https:\/\/portal.sma.gob.cl\/index.php\/wp-json\/wp\/v2\/types\/post"}],"author":[{"embeddable":true,"href":"https:\/\/portal.sma.gob.cl\/index.php\/wp-json\/wp\/v2\/users\/3"}],"replies":[{"embeddable":true,"href":"https:\/\/portal.sma.gob.cl\/index.php\/wp-json\/wp\/v2\/comments?post=15729"}],"version-history":[{"count":0,"href":"https:\/\/portal.sma.gob.cl\/index.php\/wp-json\/wp\/v2\/posts\/15729\/revisions"}],"wp:featuredmedia":[{"embeddable":true,"href":"https:\/\/portal.sma.gob.cl\/index.php\/wp-json\/wp\/v2\/media\/15728"}],"wp:attachment":[{"href":"https:\/\/portal.sma.gob.cl\/index.php\/wp-json\/wp\/v2\/media?parent=15729"}],"wp:term":[{"taxonomy":"category","embeddable":true,"href":"https:\/\/portal.sma.gob.cl\/index.php\/wp-json\/wp\/v2\/categories?post=15729"},{"taxonomy":"post_tag","embeddable":true,"href":"https:\/\/portal.sma.gob.cl\/index.php\/wp-json\/wp\/v2\/tags?post=15729"}],"curies":[{"name":"wp","href":"https:\/\/api.w.org\/{rel}","templated":true}]}}