{"id":15731,"date":"2013-09-11T16:09:39","date_gmt":"2013-09-11T16:09:39","guid":{"rendered":"https:\/\/portal.sma.gob.cl\/index.php\/2013\/09\/11\/sma-se-reune-con-representantes-de-epa-y-del-organismo-ambiental-de-peru\/"},"modified":"2013-09-11T16:09:39","modified_gmt":"2013-09-11T16:09:39","slug":"sma-se-reune-con-representantes-de-epa-y-del-organismo-ambiental-de-peru","status":"publish","type":"post","link":"https:\/\/portal.sma.gob.cl\/index.php\/sma-se-reune-con-representantes-de-epa-y-del-organismo-ambiental-de-peru\/","title":{"rendered":"SMA se re\u00fane con representantes de EPA y del organismo ambiental de Per\u00fa"},"content":{"rendered":"<p style=\"text-align: justify;\"><strong><img decoding=\"async\" class=\"size-auto size-full wp-image-15730\" src=\"https:\/\/portal.sma.gob.cl\/wp-content\/uploads\/2013\/09\/11-9x760.jpg\" alt=\"11-9x760\" width=\"760\" height=\"300\" srcset=\"https:\/\/portal.sma.gob.cl\/wp-content\/uploads\/2013\/09\/11-9x760-200x79.jpg 200w, https:\/\/portal.sma.gob.cl\/wp-content\/uploads\/2013\/09\/11-9x760-300x118.jpg 300w, https:\/\/portal.sma.gob.cl\/wp-content\/uploads\/2013\/09\/11-9x760-400x158.jpg 400w, https:\/\/portal.sma.gob.cl\/wp-content\/uploads\/2013\/09\/11-9x760-600x237.jpg 600w, https:\/\/portal.sma.gob.cl\/wp-content\/uploads\/2013\/09\/11-9x760.jpg 760w\" sizes=\"(max-width: 760px) 100vw, 760px\" \/><\/strong><\/p>\n<p style=\"text-align: justify;\"><strong>En Santiago se realiz\u00f3 la reuni\u00f3n preparatoria para la conformaci\u00f3n de la Red Sudamericana de Fiscalizaci\u00f3n y Cumplimiento Ambiental.<\/strong><\/p>\n<p>  <!--more-->  <\/p>\n<p style=\"text-align: justify;\"><strong style=\"line-height: 1.3em;\">Santiago, 11 de septiembre de 2013.<\/strong> En las oficinas de la Superintendencia del Medio Ambiente (SMA) se llev\u00f3 ayer a cabo la reuni\u00f3n preparatoria para la constituci\u00f3n de la Red Sudamericana de Fiscalizaci\u00f3n y Cumplimiento Ambiental. En la cita estuvo presente el Superintendente, Juan Carlos Monckeberg, junto al jefe de la Divisi\u00f3n de Fiscalizaci\u00f3n, Kay Bergamini, y profesionales de esa misma unidad.<\/p>\n<p>En la cita participaron tambi\u00e9n el director asociado de la divisi\u00f3n de Cumplimiento Ambiental de la Agencia de Protecci\u00f3n Ambiental (EPA) de los Estados Unidos, Davis Jones; la directora de supervisi\u00f3n del Organismo de Evaluaci\u00f3n y Fiscalizaci\u00f3n Ambiental de Per\u00fa (OEFA), Delia Morales Cuti; y el representante ambiental de la embajada de Estados Unidos en Chile, Pablo Vald\u00e9s.<\/p>\n<p>En la cita, se trataron temas para preparar la reuni\u00f3n que se realizar\u00e1 en Noviembre del 2013 con el fin de constituir la Red Sudamericana de Fiscalizaci\u00f3n y Cumplimiento Ambiental. Esta red busca mantener un di\u00e1logo de cooperaci\u00f3n entre las agencias ambientales Sudamericanas, contando con el apoyo de EPA de Estados Unidos. <\/p>\n<p>Entre los objetivos de la creaci\u00f3n de la Red se cuenta el fortalecimiento de capacidades profesionales, mediante capacitaciones y desarrollo de habilidades en conceptos, y enfoques clave; compartir buenas pr\u00e1cticas regionales e internacionales, informaci\u00f3n de estrategias innovadoras y herramientas de cumplimiento y fiscalizaci\u00f3n, procedimientos; compartir informaci\u00f3n y enfoques sobre problemas ambientales comunes y problemas emergentes (Intercambio de profesionales especialistas).<\/p>\n<p>Para la SMA es crucial participar en la conformaci\u00f3n de la Red Sudamericana de Fiscalizaci\u00f3n y Cumplimiento Ambiental, pues se entiende que la protecci\u00f3n del ambiente a nivel global requiere de un esfuerzo integrado, que es m\u00e1s efectivo cuando se enfrenta conjuntamente. Adem\u00e1s, al reunir funcionarios gubernamentales de diferentes pa\u00edses, pero con metas y formaciones comunes, se aumenta la capacidad de cumplimiento regulatorio de los organismos miembros. En el mismo sentido, al compartir informaci\u00f3n y crear consenso entre pares, los funcionarios gubernamentales tienen mayor capacidad de ejecutar pol\u00edticas que sobrepasan fronteras, incluyendo por ejemplo la implementaci\u00f3n de medidas ambientales transfronterizas.<\/p>\n","protected":false},"excerpt":{"rendered":"<p>En Santiago se realiz\u00f3 la reuni\u00f3n preparatoria para la conformaci\u00f3n de la Red Sudamericana de Fiscalizaci\u00f3n y Cumplimiento Ambiental.<\/p>\n","protected":false},"author":3,"featured_media":15730,"comment_status":"open","ping_status":"open","sticky":false,"template":"","format":"standard","meta":{"footnotes":""},"categories":[94],"tags":[],"class_list":["post-15731","post","type-post","status-publish","format-standard","has-post-thumbnail","hentry","category-notas-noticias"],"_links":{"self":[{"href":"https:\/\/portal.sma.gob.cl\/index.php\/wp-json\/wp\/v2\/posts\/15731","targetHints":{"allow":["GET"]}}],"collection":[{"href":"https:\/\/portal.sma.gob.cl\/index.php\/wp-json\/wp\/v2\/posts"}],"about":[{"href":"https:\/\/portal.sma.gob.cl\/index.php\/wp-json\/wp\/v2\/types\/post"}],"author":[{"embeddable":true,"href":"https:\/\/portal.sma.gob.cl\/index.php\/wp-json\/wp\/v2\/users\/3"}],"replies":[{"embeddable":true,"href":"https:\/\/portal.sma.gob.cl\/index.php\/wp-json\/wp\/v2\/comments?post=15731"}],"version-history":[{"count":0,"href":"https:\/\/portal.sma.gob.cl\/index.php\/wp-json\/wp\/v2\/posts\/15731\/revisions"}],"wp:featuredmedia":[{"embeddable":true,"href":"https:\/\/portal.sma.gob.cl\/index.php\/wp-json\/wp\/v2\/media\/15730"}],"wp:attachment":[{"href":"https:\/\/portal.sma.gob.cl\/index.php\/wp-json\/wp\/v2\/media?parent=15731"}],"wp:term":[{"taxonomy":"category","embeddable":true,"href":"https:\/\/portal.sma.gob.cl\/index.php\/wp-json\/wp\/v2\/categories?post=15731"},{"taxonomy":"post_tag","embeddable":true,"href":"https:\/\/portal.sma.gob.cl\/index.php\/wp-json\/wp\/v2\/tags?post=15731"}],"curies":[{"name":"wp","href":"https:\/\/api.w.org\/{rel}","templated":true}]}}