{"id":15735,"date":"2013-09-12T19:40:43","date_gmt":"2013-09-12T19:40:43","guid":{"rendered":"https:\/\/portal.sma.gob.cl\/index.php\/2013\/09\/12\/macro-zona-centro\/"},"modified":"2013-09-12T19:40:43","modified_gmt":"2013-09-12T19:40:43","slug":"macro-zona-centro","status":"publish","type":"post","link":"https:\/\/portal.sma.gob.cl\/index.php\/macro-zona-centro\/","title":{"rendered":"MACRO ZONA CENTRO"},"content":{"rendered":"<h1><img decoding=\"async\" class=\"size-auto size-full wp-image-15734\" src=\"https:\/\/portal.sma.gob.cl\/wp-content\/uploads\/2013\/09\/centro.jpg\" alt=\"centro\" width=\"760\" height=\"300\" srcset=\"https:\/\/portal.sma.gob.cl\/wp-content\/uploads\/2013\/09\/centro-200x79.jpg 200w, https:\/\/portal.sma.gob.cl\/wp-content\/uploads\/2013\/09\/centro-300x118.jpg 300w, https:\/\/portal.sma.gob.cl\/wp-content\/uploads\/2013\/09\/centro-400x158.jpg 400w, https:\/\/portal.sma.gob.cl\/wp-content\/uploads\/2013\/09\/centro-600x237.jpg 600w, https:\/\/portal.sma.gob.cl\/wp-content\/uploads\/2013\/09\/centro.jpg 760w\" sizes=\"(max-width: 760px) 100vw, 760px\" \/><\/h1>\n<p>  <!--more-->  <\/p>\n<p style=\"text-align: justify;\"><strong style=\"line-height: 1.3em;\">La Superintendencia del Medio Ambiente (SMA) cuenta con su Oficina Macro Zona Centro, la cual est\u00e1 a cargo de Cristi\u00e1n Jorquera.<\/strong><\/p>\n<hr \/>\n<p style=\"text-align: justify;\">La Macro Zona Centro de la SMA abarca desde la Regi\u00f3n de Coquimbo hasta la Regi\u00f3n del Maule, descentralizando as\u00ed la fiscalizaci\u00f3n de proyectos y actividades en la zona norte central del pa\u00eds, caracterizada por actividades industriales, mineras y energ\u00e9ticas.&nbsp;<\/p>\n<p style=\"text-align: justify;\"><strong>Direcci\u00f3n: Miraflores 178, piso 7, Santiago Centro. Tel\u00e9fono 2-6171800.<\/strong><\/p>\n<p>El jefe de la Macro Zona Centro es el Ingeniero Forestal e Ingeniero Agr\u00f3nomo, Cristi\u00e1n Jorquera Rivera. El profesional anteriormente se desempe\u00f1\u00f3 entre 2011 y 2012 como evaluador y director subrogante del Servicio de Evaluaci\u00f3n Ambiental Regi\u00f3n Metropolitana (SEA RM). Previamente trabaj\u00f3 en Gesti\u00f3n Ambiental Consultores y en Jaime Illanes y Asociados Consultores S.A., donde especializ\u00f3 en L\u00ednea de Base de estudios de suelos, flora y vegetaci\u00f3n, interpretaci\u00f3n ejecuci\u00f3n del Marco Legal Vigente y Permisos Sectoriales.<\/p>\n<hr \/>\n<h1 style=\"text-align: justify;\">Agenda p\u00fablica del Jefe Macro Zona Centro<\/h1>\n<h1>2014<\/h1>\n<h3>Diciembre 2014<\/h3>\n<p><strong>10 de diciembre, 10:00 horas.<\/strong>&nbsp;<span style=\"line-height: 15.8079996109009px;\">El j<\/span><span style=\"line-height: 15.8079996109009px;\">efe de la Macro Zona Centro, Cristi\u00e1n Jorquera, expone en el seminario &#8220;Industrias y Plan de Descontaminaci\u00f3n Atmosf\u00e9rica&#8221;, organizado por la Seremi de Medio Ambiente de la Regi\u00f3n de O\u00b4Higgins. Sal\u00f3n Liceo de Ni\u00f1as, Plaza Los H\u00e9roes 475, Rancagua.<\/span><\/p>\n<h3>Septiembre 2014<\/h3>\n<p><strong>26 de septiembre, 12:00 horas<\/strong>. El j<span style=\"line-height: 15.8079996109009px;\">efe de la Macro Zona Centro, Cristi\u00e1n Jorquera, recibe en reuni\u00f3n a la empresa&nbsp;<span style=\"line-height: 15.8079996109009px;\">Inmobiliaria e Inversiones Pirig\u00fcines Ltda., en marco de la asistencia al regulado. Lugar: Miraflores 178, piso 7, Santiago. **REUNI\u00d3N CANCELADA POR NO ASISTENCIA DEL REGULADO A LA HORA ESTIPULADA**.<\/span><\/span><\/p>\n<p><strong>25 de septiembre, 09:00 horas.<\/strong>&nbsp;El jefe de la Macro Zona Centro, Cristi\u00e1n Jorquera, asiste a una reuni\u00f3n de trabajo con la gobernadora de la provincia de Cachapoal, <span style=\"color: #545454; font-family: arial, sans-serif; font-size: small; line-height: 18.2000007629395px;\">Mirenchu Beitia,&nbsp;<\/span>para discutir estrategias para abordar la problem\u00e1tica ambiental asociada al conglomerado industrial sector Angostura.&nbsp;<strong style=\"line-height: 15.8079996109009px; text-align: justify;\">Lugar:<\/strong><span style=\"line-height: 15.8079996109009px; text-align: justify;\">&nbsp;Gobernaci\u00f3n de Cachapoal. Germ\u00e1n Riesco N\u00b0350, Rancagua.<\/span><\/p>\n<hr \/>\n<p>&nbsp;<\/p>\n<h3 style=\"text-align: justify;\">Agosto 2014<\/h3>\n<p style=\"text-align: justify;\"><span style=\"line-height: 15.8079996109009px;\"><strong>28 de agosto, 11:30 hrs.<\/strong> El jefe de la Macro Zona Centro, Cristi\u00e1n Jorquera, participa en la segunda mesa de trabajo con la Gobernaci\u00f3n de la provincia del Cachapoal, donde se entreg\u00f3 informaci\u00f3n acorde a los procesos llevados a cabo por esta Superintendencia, alcances y estrategias posibles para el caso de la comuna de Mostazal, sector industrial Angostura, donde se trabaj\u00f3 con los Seremis Salud, MINVU, Medio Ambiente, SISS y SAG. <strong>Lugar:<\/strong> Gobernaci\u00f3n de Cachapoal. Germ\u00e1n Riesco N\u00b0350, Rancagua.<\/span><\/p>\n<hr \/>\n<p style=\"text-align: justify;\">&nbsp;<\/p>\n<h3>Julio 2014<\/h3>\n<p style=\"text-align: justify;\"><span style=\"line-height: 15.8079996109009px;\"><strong>17 de julio, 11:30 horas.<\/strong> El Superintendente del Medio Ambiente, Cristi\u00e1n Franz, en conjunto con el jefe de la Macro Zona Centro, Cristi\u00e1n Jorquera, participa en la entrega de Equipos Xilohigr\u00f3metros al SEREMI de Salud de Rancagua. Esta medida busca potenciar la fiscalizaci\u00f3n de venta de le\u00f1a h\u00fameda, como parte del PDA de Valle Central. <strong>Lugar:<\/strong> Seremi de Salud de Rancagua, Campos 423, oficina 402, Rancagua.<\/span><\/p>\n<p style=\"text-align: justify;\"><strong>1 de julio, 13:00 horas.<\/strong> El jefe de la Macro Zona Centro, Cristi\u00e1n Jorquera, participa en la primera mesa de trabajo con la Gobernaci\u00f3n de la provincia del Cachapoal, donde se entreg\u00f3 informaci\u00f3n acorde a los procesos de esta Superintendencia, alcances y estrategias para el Plan de Descontaminaci\u00f3n del Valle Central. <strong>Lugar:<\/strong> Gobernaci\u00f3n de Cachapoal, Germ\u00e1n Riesco N\u00b0 350, Rancagua.<\/p>\n<hr \/>\n<p>&nbsp;<\/p>\n<p>&nbsp;<\/p>\n<p style=\"text-align: justify;\"><strong style=\"line-height: 15.8079996109009px; text-align: justify; color: #135cae; font-family: Helvetica, Arial, sans-serif; font-size: 13px;\">Junio 2014<\/strong><\/p>\n<p style=\"text-align: justify;\"><strong>19 de junio, 09:00 horas.<\/strong> El jefe de la Macro Zona Centro, Cristi\u00e1n Jorquera, asiste al Taller de capacitaci\u00f3n de organismos sectoriales en la regi\u00f3n del Maule. <strong>Lugar:<\/strong> Sala de conferencias de la Contralor\u00eda General de la Rep\u00fablica de la Regi\u00f3n del Maule.<\/p>\n<p style=\"text-align: justify;\"><strong style=\"font-size: 12.222222328186px; line-height: 15.8079996109009px;\">6 de junio, 10:00 horas.<\/strong>&nbsp;Se llevaron a cabo la jornada de los talleres de capacitaci\u00f3n a los organismos sectoriales de la regi\u00f3n de Valpara\u00edso, donde particip\u00f3 el jefe de la Macro Zona Centro, Cristi\u00e1n Jorquera. <strong>Lugar:<\/strong> Auditorio de la Asociaci\u00f3n Chilena de Seguridad, Valpara\u00edso.<\/p>\n<p style=\"text-align: justify;\"><strong style=\"font-size: 12.222222328186px; line-height: 15.8079996109009px; text-align: justify;\">3 de junio, 10:00 horas<\/strong>. &nbsp;Se llevaron a cabo la jornada de los talleres de capacitaci\u00f3n a los organismos sectoriales de la regi\u00f3n de Coquimbo. <strong>Lugar:<\/strong> Auditorio del Ministerio de Obras P\u00fablicas de La Serena.&nbsp;<\/p>\n<hr \/>\n<p style=\"text-align: justify;\"><strong style=\"line-height: 15.8079996109009px; text-align: justify; color: #135cae; font-family: Helvetica, Arial, sans-serif; font-size: 13px;\">Mayo 2014<\/strong><\/p>\n<p style=\"text-align: justify;\"><strong style=\"font-size: 12.222222328186px; line-height: 15.8079996109009px;\">29 de mayo, 10:00 horas. <\/strong>En dependencias de la Corfo<strong style=\"font-size: 12.222222328186px; line-height: 15.8079996109009px;\">&nbsp;<\/strong>se llev\u00f3 a cabo la jornada de los talleres de capacitaci\u00f3n a los organismos sectoriales de la regi\u00f3n de Metropolitana.&nbsp;<strong style=\"font-size: 12.222222328186px; line-height: 15.8079996109009px; text-align: justify;\">Direcci\u00f3n:<\/strong>&nbsp;Moneda 921, Santiago.<\/p>\n<p style=\"text-align: justify;\"><strong style=\"font-size: 12.222222328186px; line-height: 15.8079996109009px;\">6 de mayo a las 12:00 horas.<\/strong> Se llev\u00f3 a cabo la reuni\u00f3n de coordinaci\u00f3n con las Municipalidades para el Plan de Descontaminaci\u00f3n Atmosf\u00e9rica del Valle Central con la SEREMI del Medio Ambiental, SEREMI Salud, CONAF, y SAG.&nbsp;<strong style=\"font-size: 12.222222328186px; line-height: 15.8079996109009px; text-align: justify;\">Direcci\u00f3n:<\/strong>&nbsp;Campos N\u00ba 241, Piso 7, Rancagua.<\/p>\n<hr \/>\n<p style=\"text-align: justify;\">&nbsp;<\/p>\n<p style=\"text-align: justify;\"><strong style=\"color: #135cae; font-family: Helvetica, Arial, sans-serif; font-size: 13px; line-height: 15.8079996109009px;\">Abril 2014<\/strong><\/p>\n<p style=\"text-align: justify;\"><strong>24 de abril, 11:00 horas<\/strong>. En Rancagua, se llev\u00f3 a cabo la reuni\u00f3n de coordinaci\u00f3n del Plan de Descontaminaci\u00f3n Atmosf\u00e9rica del Valle Central, junto a la SEREMI del Medio Ambiente Giovanna Amaya.&nbsp;<strong style=\"font-size: 12.222222328186px; line-height: 15.8079996109009px; text-align: justify;\">Direcci\u00f3n:<\/strong>&nbsp;Campos N\u00ba 241, Piso 7, Rancagua.<\/p>\n<hr \/>\n<p style=\"text-align: justify;\">&nbsp;<\/p>\n<p style=\"text-align: justify;\">&nbsp;<\/p>\n<p style=\"text-align: justify;\"><strong style=\"color: #135cae; font-family: Helvetica, Arial, sans-serif; font-size: 13px; line-height: 15.8079996109009px;\">Marzo 2014<\/strong><\/p>\n<p style=\"text-align: justify;\"><strong style=\"line-height: 1.3em;\">31 de marzo, 11:00 horas.<\/strong>&nbsp;El Jefe de la Macro Zona Centro, Cristi\u00e1n Jorquera, particip\u00f3 la reuni\u00f3n de coordinaci\u00f3n del Plan de Descontaminaci\u00f3n Atmosf\u00e9rica del Valle Central con la SEREMI del Medio Ambiente y el SEREMI de Salud.&nbsp;<strong style=\"line-height: 1.3em;\">Direcci\u00f3n:<\/strong> Campos N\u00ba 241, Piso 7, Rancagua.<\/p>\n<p style=\"text-align: justify;\">&nbsp;<\/p>\n<hr \/>\n<h1>2013<\/h1>\n<h3 style=\"text-align: justify;\"><strong>Noviembre 2013<\/strong><\/h3>\n<p>4 y 5 de noviembre.&nbsp;Cristi\u00e1n Jorquera, Jefe de la Macro Zona Centro, participar\u00e1 en el taller sobre la &#8220;ratificaci\u00f3n e implementaci\u00f3n del Protocolo de Londres en Chile&#8221;, organizado por la Direcci\u00f3n General de Territorio Mar\u00edtimo y de Marina Mercante, en conjunto con la Organizaci\u00f3n Mar\u00edtima Internacional (OMI). Direcci\u00f3n: Centro de Instrucci\u00f3n y Capacitaci\u00f3n Mar\u00edtima (CIMAR), Subida Cementerio N\u00b0 300, Playa Ancha, Valpara\u00edso.<\/p>\n<hr \/>\n<h3><strong>Octubre 2013<\/strong><\/h3>\n<p><strong>3 de octubre. 09:30 horas.<\/strong> Cristi\u00e1n Jorquera, Jefe de la Macro Zona Centro, participar\u00e1 en el seminario &#8220;Rayando la Cancha: Nueva Institucionalidad Ambiental&#8221;, organizado por el Observatorio para la Sustentabilidad del Agro. Direcci\u00f3n: Centro de Eventos Las Palmeras, Diego de Almagro 2975, Rancagua.<\/p>\n<hr \/>\n<h3><strong>Septiembre 2013<\/strong><\/h3>\n<p style=\"text-align: justify;\"><strong>23 de septiembre, 09:00 horas.<\/strong>&nbsp;Cristi\u00e1n Jorquera, Jefe de la Macro Zona Centro, participar\u00e1 en el taller &#8220;Nueva Institucionalidad Ambiental&#8221;,&nbsp;donde participaran del Ministerio del Medio Ambiente y el Servicio Nacional de Geolog\u00eda y Miner\u00eda (Sernageomin). Direcci\u00f3n: Sal\u00f3n Auditorio de Teatinos 120, Piso 1, Santiago.<\/p>\n","protected":false},"excerpt":{"rendered":"","protected":false},"author":3,"featured_media":15734,"comment_status":"open","ping_status":"open","sticky":false,"template":"","format":"standard","meta":{"footnotes":""},"categories":[1],"tags":[],"class_list":["post-15735","post","type-post","status-publish","format-standard","has-post-thumbnail","hentry","category-sin-categoria"],"_links":{"self":[{"href":"https:\/\/portal.sma.gob.cl\/index.php\/wp-json\/wp\/v2\/posts\/15735","targetHints":{"allow":["GET"]}}],"collection":[{"href":"https:\/\/portal.sma.gob.cl\/index.php\/wp-json\/wp\/v2\/posts"}],"about":[{"href":"https:\/\/portal.sma.gob.cl\/index.php\/wp-json\/wp\/v2\/types\/post"}],"author":[{"embeddable":true,"href":"https:\/\/portal.sma.gob.cl\/index.php\/wp-json\/wp\/v2\/users\/3"}],"replies":[{"embeddable":true,"href":"https:\/\/portal.sma.gob.cl\/index.php\/wp-json\/wp\/v2\/comments?post=15735"}],"version-history":[{"count":0,"href":"https:\/\/portal.sma.gob.cl\/index.php\/wp-json\/wp\/v2\/posts\/15735\/revisions"}],"wp:featuredmedia":[{"embeddable":true,"href":"https:\/\/portal.sma.gob.cl\/index.php\/wp-json\/wp\/v2\/media\/15734"}],"wp:attachment":[{"href":"https:\/\/portal.sma.gob.cl\/index.php\/wp-json\/wp\/v2\/media?parent=15735"}],"wp:term":[{"taxonomy":"category","embeddable":true,"href":"https:\/\/portal.sma.gob.cl\/index.php\/wp-json\/wp\/v2\/categories?post=15735"},{"taxonomy":"post_tag","embeddable":true,"href":"https:\/\/portal.sma.gob.cl\/index.php\/wp-json\/wp\/v2\/tags?post=15735"}],"curies":[{"name":"wp","href":"https:\/\/api.w.org\/{rel}","templated":true}]}}