{"id":15737,"date":"2013-09-17T13:01:43","date_gmt":"2013-09-17T13:01:43","guid":{"rendered":"https:\/\/portal.sma.gob.cl\/index.php\/2013\/09\/17\/sma-recibe-a-expertos-canadienses-del-ceaeq\/"},"modified":"2013-09-17T13:01:43","modified_gmt":"2013-09-17T13:01:43","slug":"sma-recibe-a-expertos-canadienses-del-ceaeq","status":"publish","type":"post","link":"https:\/\/portal.sma.gob.cl\/index.php\/sma-recibe-a-expertos-canadienses-del-ceaeq\/","title":{"rendered":"SMA recibe a expertos canadienses del CEAEQ"},"content":{"rendered":"<p style=\"text-align: justify;\"><strong><img decoding=\"async\" class=\"size-auto size-full wp-image-15736\" src=\"https:\/\/portal.sma.gob.cl\/wp-content\/uploads\/2013\/09\/17-9x760.jpg\" alt=\"17-9x760\" width=\"760\" height=\"300\" srcset=\"https:\/\/portal.sma.gob.cl\/wp-content\/uploads\/2013\/09\/17-9x760-200x79.jpg 200w, https:\/\/portal.sma.gob.cl\/wp-content\/uploads\/2013\/09\/17-9x760-300x118.jpg 300w, https:\/\/portal.sma.gob.cl\/wp-content\/uploads\/2013\/09\/17-9x760-400x158.jpg 400w, https:\/\/portal.sma.gob.cl\/wp-content\/uploads\/2013\/09\/17-9x760-600x237.jpg 600w, https:\/\/portal.sma.gob.cl\/wp-content\/uploads\/2013\/09\/17-9x760.jpg 760w\" sizes=\"(max-width: 760px) 100vw, 760px\" \/><\/strong><\/p>\n<p style=\"text-align: justify;\"><strong>El encuentro pretende la acreditaci\u00f3n de la norma ISO bajo el Consejo Canadiense de Normas<\/strong><\/p>\n<p>  <!--more-->  <\/p>\n<p style=\"text-align: justify;\"><strong style=\"line-height: 1.3em;\">Santiago, 17 de septiembre.<\/strong> Bajo el marco de un Memor\u00e1ndum de Entendimiento, firmado entre el Superintendente del Medio Ambiente (SMA), Juan Carlos Monckeberg y el Director General del Centre d\u00b4Expertise en Analyse Environmentale (CEAEQ) del Ministerio de Desarrollo Sustentable de Quebec de Canad\u00e1, una misi\u00f3n de expertos del CEAEQ realiza una visita a la Superintendencia entre los d\u00edas 11 y 18 de septiembre.&nbsp;<\/p>\n<p>Se trata de un trabajo conjunto para implementar la norma ISO\/IEC 17.043 como \u201cProveedores de Ensayos de Aptitud\u201d en el Departamento de Normalizaci\u00f3n y Acreditaci\u00f3n de la SMA y su posterior acreditaci\u00f3n por parte del Consejo Canadiense de Normas.<\/p>\n<p>Con esta iniciativa la SMA podr\u00e1 fortalecer el proceso de verificaci\u00f3n y control de \u201cterceros id\u00f3neos acreditados en labores de fiscalizaci\u00f3n ambiental\u201d, que establece la Ley Org\u00e1nica de la SMA.<\/p>\n","protected":false},"excerpt":{"rendered":"<p>El encuentro pretende la acreditaci\u00f3n de la norma ISO bajo el Consejo Canadiense de Normas<\/p>\n","protected":false},"author":3,"featured_media":15736,"comment_status":"open","ping_status":"open","sticky":false,"template":"","format":"standard","meta":{"footnotes":""},"categories":[94],"tags":[],"class_list":["post-15737","post","type-post","status-publish","format-standard","has-post-thumbnail","hentry","category-notas-noticias"],"_links":{"self":[{"href":"https:\/\/portal.sma.gob.cl\/index.php\/wp-json\/wp\/v2\/posts\/15737","targetHints":{"allow":["GET"]}}],"collection":[{"href":"https:\/\/portal.sma.gob.cl\/index.php\/wp-json\/wp\/v2\/posts"}],"about":[{"href":"https:\/\/portal.sma.gob.cl\/index.php\/wp-json\/wp\/v2\/types\/post"}],"author":[{"embeddable":true,"href":"https:\/\/portal.sma.gob.cl\/index.php\/wp-json\/wp\/v2\/users\/3"}],"replies":[{"embeddable":true,"href":"https:\/\/portal.sma.gob.cl\/index.php\/wp-json\/wp\/v2\/comments?post=15737"}],"version-history":[{"count":0,"href":"https:\/\/portal.sma.gob.cl\/index.php\/wp-json\/wp\/v2\/posts\/15737\/revisions"}],"wp:featuredmedia":[{"embeddable":true,"href":"https:\/\/portal.sma.gob.cl\/index.php\/wp-json\/wp\/v2\/media\/15736"}],"wp:attachment":[{"href":"https:\/\/portal.sma.gob.cl\/index.php\/wp-json\/wp\/v2\/media?parent=15737"}],"wp:term":[{"taxonomy":"category","embeddable":true,"href":"https:\/\/portal.sma.gob.cl\/index.php\/wp-json\/wp\/v2\/categories?post=15737"},{"taxonomy":"post_tag","embeddable":true,"href":"https:\/\/portal.sma.gob.cl\/index.php\/wp-json\/wp\/v2\/tags?post=15737"}],"curies":[{"name":"wp","href":"https:\/\/api.w.org\/{rel}","templated":true}]}}