{"id":15740,"date":"2013-09-23T20:38:45","date_gmt":"2013-09-23T20:38:45","guid":{"rendered":"https:\/\/portal.sma.gob.cl\/index.php\/2013\/09\/23\/sma-y-sernageomin-explican-la-nueva-institucionalidad-ambiental\/"},"modified":"2013-09-23T20:38:45","modified_gmt":"2013-09-23T20:38:45","slug":"sma-y-sernageomin-explican-la-nueva-institucionalidad-ambiental","status":"publish","type":"post","link":"https:\/\/portal.sma.gob.cl\/index.php\/sma-y-sernageomin-explican-la-nueva-institucionalidad-ambiental\/","title":{"rendered":"SMA y Sernageomin explican la Nueva Institucionalidad Ambiental"},"content":{"rendered":"<p style=\"text-align: justify;\"><strong><img decoding=\"async\" class=\"size-auto size-full wp-image-15739\" src=\"https:\/\/portal.sma.gob.cl\/wp-content\/uploads\/2013\/09\/23-9x760.jpg\" alt=\"23-9x760\" width=\"760\" height=\"300\" srcset=\"https:\/\/portal.sma.gob.cl\/wp-content\/uploads\/2013\/09\/23-9x760-200x79.jpg 200w, https:\/\/portal.sma.gob.cl\/wp-content\/uploads\/2013\/09\/23-9x760-300x118.jpg 300w, https:\/\/portal.sma.gob.cl\/wp-content\/uploads\/2013\/09\/23-9x760-400x158.jpg 400w, https:\/\/portal.sma.gob.cl\/wp-content\/uploads\/2013\/09\/23-9x760-600x237.jpg 600w, https:\/\/portal.sma.gob.cl\/wp-content\/uploads\/2013\/09\/23-9x760.jpg 760w\" sizes=\"(max-width: 760px) 100vw, 760px\" \/><\/strong><\/p>\n<p style=\"text-align: justify;\"><strong>El Superintendente del Medio Ambiente, Juan Carlos Monckeberg, junto al jefe Macro Zonal Centro, Cristi\u00e1n Jorquera, explicaron el nuevo rol sancionatorio y fiscalizador de la instituci\u00f3n. <\/strong><\/p>\n<p>  <!--more-->  <\/p>\n<p style=\"text-align: justify;\"><strong style=\"line-height: 1.3em;\">Santiago, 23 de septiembre.<\/strong> Tras una iniciativa promovida por la Superintendencia del Medio Ambiente, el Ministerio de Miner\u00eda y el Sernageomin, hoy los Subsecretarios de Miner\u00eda y Medio Ambiente, Francisco Orrego y Ricardo Irarr\u00e1zabal, respectivamente, dieron inicio a la jornada sobre la nueva institucionalidad medioambiental, para las regiones Metropolitana, Valpara\u00edso y O\u2019Higgins, en las dependencias del Ministerio de Miner\u00eda.&nbsp;<\/p>\n<p>En la oportunidad el Superintendente Juan Carlos Monckeberg, y el jefe Macro Zonal Centro, Cristi\u00e1n Jorquera, dieron a conocer el funcionamiento de la instituci\u00f3n, tanto el rol sancionatorio como fiscalizador, que opera dentro de esta Nueva Institucionalidad Ambiental. <\/p>\n<p>\u201cEs importante destacar que no tenemos competencias en todos los temas ambientales, sino que m\u00e1s bien nuestro trabajo actualmente se ha concentrado en las Resoluciones de Calificaci\u00f3n Ambiental (RCA), Normas de Emisi\u00f3n, Planes de Descontaminaci\u00f3n y Normas de Calidad, a lo que se suman el todav\u00eda menor pero cada vez m\u00e1s importante n\u00famero de fiscalizaci\u00f3n de Programas de Cumplimiento\u201d, explic\u00f3 el Superintendente. <\/p>\n<p>Tambi\u00e9n, el Subsecretario Orrego destac\u00f3 la importancia de estos encuentros como una \u201cmanera de contribuir en la socializaci\u00f3n de temas medioambientales, en especial del mayor conocimiento de las nuevas normativas aplicables a una de las principales industrias de nuestro pa\u00eds, como es la Ley de Cierre de Faenas e Instalaciones Mineras que pretende velar por una miner\u00eda sustentable y de clase mundial\u201d.<\/p>\n<p>Por su parte, el Subsecretario Irarr\u00e1zabal resalt\u00f3 el cambio de paradigma que est\u00e1 imperando en el sector, el que \u201cest\u00e1 apuntando hacia una miner\u00eda cada vez m\u00e1s sustentable y amigable con el medio ambiente\u201d.<\/p>\n","protected":false},"excerpt":{"rendered":"<p>El Superintendente del Medio Ambiente, Juan Carlos Monckeberg, junto al jefe Macro Zonal Centro, Cristi\u00e1n Jorquera, explicaron el nuevo rol sancionatorio y fiscalizador de la instituci\u00f3n.<\/p>\n","protected":false},"author":3,"featured_media":15739,"comment_status":"open","ping_status":"open","sticky":false,"template":"","format":"standard","meta":{"footnotes":""},"categories":[94],"tags":[],"class_list":["post-15740","post","type-post","status-publish","format-standard","has-post-thumbnail","hentry","category-notas-noticias"],"_links":{"self":[{"href":"https:\/\/portal.sma.gob.cl\/index.php\/wp-json\/wp\/v2\/posts\/15740","targetHints":{"allow":["GET"]}}],"collection":[{"href":"https:\/\/portal.sma.gob.cl\/index.php\/wp-json\/wp\/v2\/posts"}],"about":[{"href":"https:\/\/portal.sma.gob.cl\/index.php\/wp-json\/wp\/v2\/types\/post"}],"author":[{"embeddable":true,"href":"https:\/\/portal.sma.gob.cl\/index.php\/wp-json\/wp\/v2\/users\/3"}],"replies":[{"embeddable":true,"href":"https:\/\/portal.sma.gob.cl\/index.php\/wp-json\/wp\/v2\/comments?post=15740"}],"version-history":[{"count":0,"href":"https:\/\/portal.sma.gob.cl\/index.php\/wp-json\/wp\/v2\/posts\/15740\/revisions"}],"wp:featuredmedia":[{"embeddable":true,"href":"https:\/\/portal.sma.gob.cl\/index.php\/wp-json\/wp\/v2\/media\/15739"}],"wp:attachment":[{"href":"https:\/\/portal.sma.gob.cl\/index.php\/wp-json\/wp\/v2\/media?parent=15740"}],"wp:term":[{"taxonomy":"category","embeddable":true,"href":"https:\/\/portal.sma.gob.cl\/index.php\/wp-json\/wp\/v2\/categories?post=15740"},{"taxonomy":"post_tag","embeddable":true,"href":"https:\/\/portal.sma.gob.cl\/index.php\/wp-json\/wp\/v2\/tags?post=15740"}],"curies":[{"name":"wp","href":"https:\/\/api.w.org\/{rel}","templated":true}]}}