{"id":15744,"date":"2013-10-01T18:31:27","date_gmt":"2013-10-01T18:31:27","guid":{"rendered":"https:\/\/portal.sma.gob.cl\/index.php\/2013\/10\/01\/sma-expone-sus-competencias-en-el-v-taller-de-jornadas-australes-de-medio-ambiente-y-derecho-en-la-universidad-austral-del-chile\/"},"modified":"2013-10-01T18:31:27","modified_gmt":"2013-10-01T18:31:27","slug":"sma-expone-sus-competencias-en-el-v-taller-de-jornadas-australes-de-medio-ambiente-y-derecho-en-la-universidad-austral-del-chile","status":"publish","type":"post","link":"https:\/\/portal.sma.gob.cl\/index.php\/sma-expone-sus-competencias-en-el-v-taller-de-jornadas-australes-de-medio-ambiente-y-derecho-en-la-universidad-austral-del-chile\/","title":{"rendered":"SMA expone en \u201cJornadas Australes de Medio Ambiente y Derecho\u201d de la Universidad Austral"},"content":{"rendered":"<p style=\"text-align: justify;\"><strong><img decoding=\"async\" class=\" size-auto size-full wp-image-15743\" src=\"https:\/\/portal.sma.gob.cl\/wp-content\/uploads\/2013\/10\/1-10x760.jpg\" alt=\"1-10x760\" width=\"760\" height=\"300\" srcset=\"https:\/\/portal.sma.gob.cl\/wp-content\/uploads\/2013\/10\/1-10x760-200x79.jpg 200w, https:\/\/portal.sma.gob.cl\/wp-content\/uploads\/2013\/10\/1-10x760-300x118.jpg 300w, https:\/\/portal.sma.gob.cl\/wp-content\/uploads\/2013\/10\/1-10x760-400x158.jpg 400w, https:\/\/portal.sma.gob.cl\/wp-content\/uploads\/2013\/10\/1-10x760-600x237.jpg 600w, https:\/\/portal.sma.gob.cl\/wp-content\/uploads\/2013\/10\/1-10x760.jpg 760w\" sizes=\"(max-width: 760px) 100vw, 760px\" \/><\/strong><\/p>\n<p style=\"text-align: justify;\"><strong>En la instancia se dio a conocer el modelo de fiscalizaci\u00f3n ambiental que se encuentra consagrado en la Ley Org\u00e1nica de la Superintendencia. <\/strong><\/p>\n<p>  <!--more-->  <\/p>\n<p style=\"text-align: justify;\"><strong style=\"line-height: 1.3em;\">Valdivia, 26 de septiembre de 2013.<\/strong> En el marco del V taller de \u201cJornadas Australes de Medio Ambiente y Derecho: conflictos ambientales y sus resoluciones, an\u00e1lisis desde una perspectiva contempor\u00e1nea\u201d, el jefe Macro Zona Sur de la Superintendencia del Medio Ambiente (SMA), Eduardo Rodr\u00edguez, expuso el pasado 26 y 27 de septiembre sobre el rol de la Superintendencia en los conflictos ambientales y su funcionamiento. Dicho encuentro se desarroll\u00f3 en las dependencias de la Universidad Austral de Chile.<\/p>\n<p>La actividad tuvo como objetivo dar a conocer el modelo de fiscalizaci\u00f3n ambiental que se encuentra consagrado en la Ley Org\u00e1nica de la Superintendencia, as\u00ed como tambi\u00e9n sus principales objetivos y procedimientos. Rodr\u00edguez puso especial \u00e9nfasis en los aspectos relacionados con actividades encomendadas a Organismos Subprogramados con Competencia Ambiental.<\/p>\n<p>La actividad cont\u00f3 con la presencia de distintas personalidades del mundo acad\u00e9mico y ligados a la tem\u00e1tica ambiental, entre ellos Daniel del Campo \u00c1kesson; SEREMI del Medio Ambiente de la Regi\u00f3n de Los R\u00edos; Raimundo P\u00e9rez Larra\u00edn, Abogado y Director Regional del Servicio de Evaluaci\u00f3n Ambiental, Regi\u00f3n de Los R\u00edos; Pablo Carrasco Fuentes, Abogado UACH y Doctor en Derecho (c) Pontificia Universidad Cat\u00f3lica de Valpara\u00edso; Wladimir Riesco Bahamondes, Abogado y Profesor de Derecho Ambiental Universidad Austral de Chile; Jos\u00e9 Araya Cornejo, Encargado de oficina CODEPU en Valdivia, y coordinador del Programa de Ciudadan\u00eda e Interculturalidad en el Observatorio Ciudadano, entre otras.<\/p>\n","protected":false},"excerpt":{"rendered":"<p>En la instancia se dio a conocer el modelo de fiscalizaci\u00f3n ambiental que se encuentra consagrado en la Ley Org\u00e1nica de la Superintendencia.<\/p>\n","protected":false},"author":3,"featured_media":15743,"comment_status":"open","ping_status":"open","sticky":false,"template":"","format":"standard","meta":{"footnotes":""},"categories":[94],"tags":[],"class_list":["post-15744","post","type-post","status-publish","format-standard","has-post-thumbnail","hentry","category-notas-noticias"],"_links":{"self":[{"href":"https:\/\/portal.sma.gob.cl\/index.php\/wp-json\/wp\/v2\/posts\/15744","targetHints":{"allow":["GET"]}}],"collection":[{"href":"https:\/\/portal.sma.gob.cl\/index.php\/wp-json\/wp\/v2\/posts"}],"about":[{"href":"https:\/\/portal.sma.gob.cl\/index.php\/wp-json\/wp\/v2\/types\/post"}],"author":[{"embeddable":true,"href":"https:\/\/portal.sma.gob.cl\/index.php\/wp-json\/wp\/v2\/users\/3"}],"replies":[{"embeddable":true,"href":"https:\/\/portal.sma.gob.cl\/index.php\/wp-json\/wp\/v2\/comments?post=15744"}],"version-history":[{"count":0,"href":"https:\/\/portal.sma.gob.cl\/index.php\/wp-json\/wp\/v2\/posts\/15744\/revisions"}],"wp:featuredmedia":[{"embeddable":true,"href":"https:\/\/portal.sma.gob.cl\/index.php\/wp-json\/wp\/v2\/media\/15743"}],"wp:attachment":[{"href":"https:\/\/portal.sma.gob.cl\/index.php\/wp-json\/wp\/v2\/media?parent=15744"}],"wp:term":[{"taxonomy":"category","embeddable":true,"href":"https:\/\/portal.sma.gob.cl\/index.php\/wp-json\/wp\/v2\/categories?post=15744"},{"taxonomy":"post_tag","embeddable":true,"href":"https:\/\/portal.sma.gob.cl\/index.php\/wp-json\/wp\/v2\/tags?post=15744"}],"curies":[{"name":"wp","href":"https:\/\/api.w.org\/{rel}","templated":true}]}}