{"id":15746,"date":"2013-10-01T20:13:44","date_gmt":"2013-10-01T20:13:44","guid":{"rendered":"https:\/\/portal.sma.gob.cl\/index.php\/2013\/10\/01\/sma-participa-en-encuentro-ambiental-en-tarapaca\/"},"modified":"2013-10-01T20:13:44","modified_gmt":"2013-10-01T20:13:44","slug":"sma-participa-en-encuentro-ambiental-en-tarapaca","status":"publish","type":"post","link":"https:\/\/portal.sma.gob.cl\/index.php\/sma-participa-en-encuentro-ambiental-en-tarapaca\/","title":{"rendered":"SMA participa en encuentro ambiental en Atacama"},"content":{"rendered":"<p>&nbsp;<img decoding=\"async\" class=\"size-auto size-full wp-image-15745\" src=\"https:\/\/portal.sma.gob.cl\/wp-content\/uploads\/2013\/10\/1.1-10x760.jpg\" alt=\"1.1-10x760\" width=\"760\" height=\"300\" srcset=\"https:\/\/portal.sma.gob.cl\/wp-content\/uploads\/2013\/10\/1.1-10x760-200x79.jpg 200w, https:\/\/portal.sma.gob.cl\/wp-content\/uploads\/2013\/10\/1.1-10x760-300x118.jpg 300w, https:\/\/portal.sma.gob.cl\/wp-content\/uploads\/2013\/10\/1.1-10x760-400x158.jpg 400w, https:\/\/portal.sma.gob.cl\/wp-content\/uploads\/2013\/10\/1.1-10x760-600x237.jpg 600w, https:\/\/portal.sma.gob.cl\/wp-content\/uploads\/2013\/10\/1.1-10x760.jpg 760w\" sizes=\"(max-width: 760px) 100vw, 760px\" \/><\/p>\n<p>  <!--more-->  <\/p>\n<p style=\"text-align: justify;\"><strong>Atacama, 01 de octubre de 2013.<\/strong> La Superintendencia del Medio Ambiente, representada por la jefa de la Macro Zona Norte, Mar\u00eda Isabel Reinoso, enfatiz\u00f3 la importancia de la funci\u00f3n contenida en la Ley Org\u00e1nica de la Superintendencia del Medio Ambiente, referida a la asistencia a los regulados, realizado en las dependencias de la Direcci\u00f3n Regional de Sernageomin de Atacama. En dicho contexto, explic\u00f3 y respondi\u00f3 diversas consultas acerca de los procedimientos de inspecci\u00f3n, ex\u00e1menes de la informaci\u00f3n, mediciones, an\u00e1lisis e informes de fiscalizaci\u00f3n.<\/p>\n<p style=\"text-align: justify;\">Funcionarios del SERNAGEOMIN, explicaron importantes puntos de la Ley de Cierre de Faenas Mineras, y el Servicio de Evaluaci\u00f3n Ambiental, representado en esta oportunidad por Olivia Pereira, Directora Regional de Atacama, entreg\u00f3 las principales directrices del nuevo Reglamento del SEIA.<\/p>\n<p style=\"text-align: justify;\">La actividad cont\u00f3 con la presencia de representantes de las empresas mineras y asociaciones empresariales de diversos sectores productivos.<\/p>\n","protected":false},"excerpt":{"rendered":"<p>&nbsp;<\/p>\n","protected":false},"author":3,"featured_media":15745,"comment_status":"open","ping_status":"open","sticky":false,"template":"","format":"standard","meta":{"footnotes":""},"categories":[94],"tags":[],"class_list":["post-15746","post","type-post","status-publish","format-standard","has-post-thumbnail","hentry","category-notas-noticias"],"_links":{"self":[{"href":"https:\/\/portal.sma.gob.cl\/index.php\/wp-json\/wp\/v2\/posts\/15746","targetHints":{"allow":["GET"]}}],"collection":[{"href":"https:\/\/portal.sma.gob.cl\/index.php\/wp-json\/wp\/v2\/posts"}],"about":[{"href":"https:\/\/portal.sma.gob.cl\/index.php\/wp-json\/wp\/v2\/types\/post"}],"author":[{"embeddable":true,"href":"https:\/\/portal.sma.gob.cl\/index.php\/wp-json\/wp\/v2\/users\/3"}],"replies":[{"embeddable":true,"href":"https:\/\/portal.sma.gob.cl\/index.php\/wp-json\/wp\/v2\/comments?post=15746"}],"version-history":[{"count":0,"href":"https:\/\/portal.sma.gob.cl\/index.php\/wp-json\/wp\/v2\/posts\/15746\/revisions"}],"wp:featuredmedia":[{"embeddable":true,"href":"https:\/\/portal.sma.gob.cl\/index.php\/wp-json\/wp\/v2\/media\/15745"}],"wp:attachment":[{"href":"https:\/\/portal.sma.gob.cl\/index.php\/wp-json\/wp\/v2\/media?parent=15746"}],"wp:term":[{"taxonomy":"category","embeddable":true,"href":"https:\/\/portal.sma.gob.cl\/index.php\/wp-json\/wp\/v2\/categories?post=15746"},{"taxonomy":"post_tag","embeddable":true,"href":"https:\/\/portal.sma.gob.cl\/index.php\/wp-json\/wp\/v2\/tags?post=15746"}],"curies":[{"name":"wp","href":"https:\/\/api.w.org\/{rel}","templated":true}]}}