{"id":15750,"date":"2013-10-03T17:57:27","date_gmt":"2013-10-03T17:57:27","guid":{"rendered":"https:\/\/portal.sma.gob.cl\/index.php\/2013\/10\/03\/sma-inaugura-oficina-macro-zonal-centro\/"},"modified":"2013-10-03T17:57:27","modified_gmt":"2013-10-03T17:57:27","slug":"sma-inaugura-oficina-macro-zonal-centro","status":"publish","type":"post","link":"https:\/\/portal.sma.gob.cl\/index.php\/sma-inaugura-oficina-macro-zonal-centro\/","title":{"rendered":"SMA inaugura Oficina Macro Zonal Centro"},"content":{"rendered":"<p><img decoding=\"async\" class=\"size-auto size-full wp-image-15749\" src=\"https:\/\/portal.sma.gob.cl\/wp-content\/uploads\/2013\/10\/2.2-10x760.jpg\" alt=\"2.2-10x760\" width=\"760\" height=\"300\" srcset=\"https:\/\/portal.sma.gob.cl\/wp-content\/uploads\/2013\/10\/2.2-10x760-200x79.jpg 200w, https:\/\/portal.sma.gob.cl\/wp-content\/uploads\/2013\/10\/2.2-10x760-300x118.jpg 300w, https:\/\/portal.sma.gob.cl\/wp-content\/uploads\/2013\/10\/2.2-10x760-400x158.jpg 400w, https:\/\/portal.sma.gob.cl\/wp-content\/uploads\/2013\/10\/2.2-10x760-600x237.jpg 600w, https:\/\/portal.sma.gob.cl\/wp-content\/uploads\/2013\/10\/2.2-10x760.jpg 760w\" sizes=\"(max-width: 760px) 100vw, 760px\" \/><\/p>\n<p><strong><span style=\"text-align: justify;\">El Superintendente, Juan Carlos Monckeberg, junto al jefe de la Macro Zona Centro, Cristi\u00e1n Jorquera, cortaron la cinta de las instalaciones ubicadas en Santiago.<\/span><\/strong><\/p>\n<p>  <!--more-->  <\/p>\n<p style=\"text-align: justify;\"><strong>Santiago, 03 de octubre.&nbsp;<\/strong>Como una forma de estar m\u00e1s cerca de la comunidad, la Superintendencia del Medio Ambiente (SMA) inaugur\u00f3 hoy su nueva Oficina Macro Zona Centro, la cual est\u00e1 a cargo del Ingeniero agr\u00f3nomo y Forestal de la Pontificia Universidad Cat\u00f3lica, Cristi\u00e1n Jorquera Rivera.<\/p>\n<p style=\"text-align: justify;\">El Superintendente del Medio Ambiente, Juan Carlos Monckeberg, cort\u00f3 la cinta de las nuevas instalaciones de la SMA en la capital, ubicada en calle Miraflores 178, piso 7, Santiago Centro. En la actividad tambi\u00e9n particip\u00f3 el jefe de la Divisi\u00f3n de Fiscalizaci\u00f3n, Kay Bergamini, entre otros funcionarios de la instituci\u00f3n.<\/p>\n<p style=\"text-align: justify;\">La Macro Zona Centro de la SMA abarca desde la Regi\u00f3n de Coquimbo hasta la Regi\u00f3n del Maule, descentralizando as\u00ed la fiscalizaci\u00f3n de proyectos y actividades en la zona centro del pa\u00eds, caracterizada por actividades agr\u00edcolas, ganaderas, mineras, energ\u00e9ticas y grandes industrias en general.<\/p>\n<p style=\"text-align: justify;\">\u201cPara nosotros, es fundamental contar con un equipo de trabajo altamente especializado en la zona centro del pa\u00eds. Esto nos permite descentralizar los procesos y tener un espacio para que la ciudadan\u00eda presente sus denuncias, y a la vez, para que los regulados puedan pedir orientaci\u00f3n para el cumplimiento de sus obligaciones ambientales\u201d, dijo el Superintendente Juan Carlos Monckeberg.<\/p>\n<p style=\"text-align: justify;\">La Superintendencia del Medio Ambiente comenz\u00f3 sus funciones el 28 de diciembre de 2012, cuando se activaron sus facultades de fiscalizaci\u00f3n y sanci\u00f3n, luego de la entrada en funcionamiento del Segundo Tribunal Ambiental de Santiago.&nbsp;<\/p>\n","protected":false},"excerpt":{"rendered":"<p>El Superintendente, Juan Carlos Monckeberg, junto al jefe de la Macro Zona Centro, Cristi\u00e1n Jorquera, cortaron la cinta de las instalaciones ubicadas en Santiago.<\/p>\n","protected":false},"author":3,"featured_media":15749,"comment_status":"open","ping_status":"open","sticky":false,"template":"","format":"standard","meta":{"footnotes":""},"categories":[90],"tags":[],"class_list":["post-15750","post","type-post","status-publish","format-standard","has-post-thumbnail","hentry","category-comunicados-noticias"],"_links":{"self":[{"href":"https:\/\/portal.sma.gob.cl\/index.php\/wp-json\/wp\/v2\/posts\/15750","targetHints":{"allow":["GET"]}}],"collection":[{"href":"https:\/\/portal.sma.gob.cl\/index.php\/wp-json\/wp\/v2\/posts"}],"about":[{"href":"https:\/\/portal.sma.gob.cl\/index.php\/wp-json\/wp\/v2\/types\/post"}],"author":[{"embeddable":true,"href":"https:\/\/portal.sma.gob.cl\/index.php\/wp-json\/wp\/v2\/users\/3"}],"replies":[{"embeddable":true,"href":"https:\/\/portal.sma.gob.cl\/index.php\/wp-json\/wp\/v2\/comments?post=15750"}],"version-history":[{"count":0,"href":"https:\/\/portal.sma.gob.cl\/index.php\/wp-json\/wp\/v2\/posts\/15750\/revisions"}],"wp:featuredmedia":[{"embeddable":true,"href":"https:\/\/portal.sma.gob.cl\/index.php\/wp-json\/wp\/v2\/media\/15749"}],"wp:attachment":[{"href":"https:\/\/portal.sma.gob.cl\/index.php\/wp-json\/wp\/v2\/media?parent=15750"}],"wp:term":[{"taxonomy":"category","embeddable":true,"href":"https:\/\/portal.sma.gob.cl\/index.php\/wp-json\/wp\/v2\/categories?post=15750"},{"taxonomy":"post_tag","embeddable":true,"href":"https:\/\/portal.sma.gob.cl\/index.php\/wp-json\/wp\/v2\/tags?post=15750"}],"curies":[{"name":"wp","href":"https:\/\/api.w.org\/{rel}","templated":true}]}}