{"id":15757,"date":"2013-10-17T20:11:51","date_gmt":"2013-10-17T20:11:51","guid":{"rendered":"https:\/\/portal.sma.gob.cl\/index.php\/2013\/10\/17\/sma-expone-en-seminario-ambiental-en-osorno\/"},"modified":"2013-10-17T20:11:51","modified_gmt":"2013-10-17T20:11:51","slug":"sma-expone-en-seminario-ambiental-en-osorno","status":"publish","type":"post","link":"https:\/\/portal.sma.gob.cl\/index.php\/sma-expone-en-seminario-ambiental-en-osorno\/","title":{"rendered":"SMA expone en seminario ambiental en Osorno"},"content":{"rendered":"<p style=\"text-align: justify;\"><strong><img decoding=\"async\" class=\"size-auto size-full wp-image-15756\" src=\"https:\/\/portal.sma.gob.cl\/wp-content\/uploads\/2013\/10\/17-10x760.jpg\" alt=\"17-10x760\" width=\"760\" height=\"300\" srcset=\"https:\/\/portal.sma.gob.cl\/wp-content\/uploads\/2013\/10\/17-10x760-200x79.jpg 200w, https:\/\/portal.sma.gob.cl\/wp-content\/uploads\/2013\/10\/17-10x760-300x118.jpg 300w, https:\/\/portal.sma.gob.cl\/wp-content\/uploads\/2013\/10\/17-10x760-400x158.jpg 400w, https:\/\/portal.sma.gob.cl\/wp-content\/uploads\/2013\/10\/17-10x760-600x237.jpg 600w, https:\/\/portal.sma.gob.cl\/wp-content\/uploads\/2013\/10\/17-10x760.jpg 760w\" sizes=\"(max-width: 760px) 100vw, 760px\" \/><\/strong><\/p>\n<p style=\"text-align: justify;\"><strong>M\u00e1s de 100 personas asistieron al encuentro \u201cNuevas normativas ambientales en Chile\u201d organizado por la Seremi del Medio Ambiente y el Comit\u00e9 Regional de Educaci\u00f3n Ambiental.<\/strong><\/p>\n<p>  <!--more-->  <\/p>\n<p style=\"text-align: justify;\"><strong style=\"line-height: 1.3em;\">Osorno, 16 de octubre.<\/strong> El jefe de la Macro Zona Sur de la Superintendencia del Medio Ambiente (SMA), Eduardo Rodr\u00edguez, present\u00f3 las facultades de este organismo en el seminario \u201cNuevas normativas ambientales en Chile\u201d, organizado por el Comit\u00e9 Regional de Educaci\u00f3n Ambiental (CREA) de la regi\u00f3n de Los Lagos, en alianza con la Seremi de Medio Ambiente de Los Lagos, en la Universidad Tecnol\u00f3gica de Chile (INACAP), con sede en Osorno.&nbsp;<\/p>\n<p>La iniciativa cont\u00f3 con la presencia de m\u00e1s de 100 personas y tambi\u00e9n con autoridades destacadas como el seremi del Medio Ambiente de la Regi\u00f3n de Los Lagos, Edgar Wilhelm; el Director Regional del Servicio de Evaluaci\u00f3n Ambiental de la misma regi\u00f3n, Alfredo Wendt; la Ministra Suplente del Tercer Tribunal Ambiental, Sibel Villalobos; y Alejandro Hern\u00e1ndez, de la Brigada de Delitos Contra el Medio Ambiente y Patrimonio Cultura de la Polic\u00eda de Investigaciones, entre otros. <\/p>\n<p>Cada uno de ellos, expuso desde la mirada de su instituci\u00f3n, las nuevas funciones que tienen dentro del marco de la nueva Institucionalidad Ambiental. Tambi\u00e9n, asistieron alumnos y miembros de las Fuerzas Armadas y otras organizaciones civiles. <\/p>\n<p>&#8220;Todos los espacios que puedan crear la ciudadan\u00eda son de un enorme valor, pues nos permite dar a conocer lo que estamos realizando por el medio ambiente. Desde una adecuada regulaci\u00f3n, pasando por una certera evaluaci\u00f3n de impactos ambientales, hasta una rigurosa, y exhaustiva fiscalizaci\u00f3n que es lo que le corresponde a la SMA. Adem\u00e1s hoy se hace presente un nuevo actor, de enorme relevancia \u2013 Los Tribunales Ambientales- algo muy anhelado por todos\u201d, se\u00f1al\u00f3 el jefe Macro Zona Sur, Eduardo Rodriguez.<\/p>\n","protected":false},"excerpt":{"rendered":"<p>M\u00e1s de 100 personas asistieron al encuentro \u201cNuevas normativas ambientales en Chile\u201d organizado por la Seremi del Medio Ambiente y el Comit\u00e9 Regional de Educaci\u00f3n Ambiental.<\/p>\n","protected":false},"author":3,"featured_media":15756,"comment_status":"open","ping_status":"open","sticky":false,"template":"","format":"standard","meta":{"footnotes":""},"categories":[94],"tags":[],"class_list":["post-15757","post","type-post","status-publish","format-standard","has-post-thumbnail","hentry","category-notas-noticias"],"_links":{"self":[{"href":"https:\/\/portal.sma.gob.cl\/index.php\/wp-json\/wp\/v2\/posts\/15757","targetHints":{"allow":["GET"]}}],"collection":[{"href":"https:\/\/portal.sma.gob.cl\/index.php\/wp-json\/wp\/v2\/posts"}],"about":[{"href":"https:\/\/portal.sma.gob.cl\/index.php\/wp-json\/wp\/v2\/types\/post"}],"author":[{"embeddable":true,"href":"https:\/\/portal.sma.gob.cl\/index.php\/wp-json\/wp\/v2\/users\/3"}],"replies":[{"embeddable":true,"href":"https:\/\/portal.sma.gob.cl\/index.php\/wp-json\/wp\/v2\/comments?post=15757"}],"version-history":[{"count":0,"href":"https:\/\/portal.sma.gob.cl\/index.php\/wp-json\/wp\/v2\/posts\/15757\/revisions"}],"wp:featuredmedia":[{"embeddable":true,"href":"https:\/\/portal.sma.gob.cl\/index.php\/wp-json\/wp\/v2\/media\/15756"}],"wp:attachment":[{"href":"https:\/\/portal.sma.gob.cl\/index.php\/wp-json\/wp\/v2\/media?parent=15757"}],"wp:term":[{"taxonomy":"category","embeddable":true,"href":"https:\/\/portal.sma.gob.cl\/index.php\/wp-json\/wp\/v2\/categories?post=15757"},{"taxonomy":"post_tag","embeddable":true,"href":"https:\/\/portal.sma.gob.cl\/index.php\/wp-json\/wp\/v2\/tags?post=15757"}],"curies":[{"name":"wp","href":"https:\/\/api.w.org\/{rel}","templated":true}]}}