{"id":15761,"date":"2013-10-30T19:04:22","date_gmt":"2013-10-30T19:04:22","guid":{"rendered":"https:\/\/portal.sma.gob.cl\/index.php\/2013\/10\/30\/sma-publica-informe-consolidado-sobre-periodo-gec-en-santiago\/"},"modified":"2013-10-30T19:04:22","modified_gmt":"2013-10-30T19:04:22","slug":"sma-publica-informe-consolidado-sobre-periodo-gec-en-santiago","status":"publish","type":"post","link":"https:\/\/portal.sma.gob.cl\/index.php\/sma-publica-informe-consolidado-sobre-periodo-gec-en-santiago\/","title":{"rendered":"SMA publica informe consolidado sobre periodo GEC en Santiago"},"content":{"rendered":"<p style=\"text-align: justify;\"><strong><img decoding=\"async\" class=\"size-auto size-full wp-image-15760\" src=\"https:\/\/portal.sma.gob.cl\/wp-content\/uploads\/2013\/10\/gec.jpg\" alt=\"\" width=\"760\" height=\"300\" srcset=\"https:\/\/portal.sma.gob.cl\/wp-content\/uploads\/2013\/10\/gec-200x79.jpg 200w, https:\/\/portal.sma.gob.cl\/wp-content\/uploads\/2013\/10\/gec-300x118.jpg 300w, https:\/\/portal.sma.gob.cl\/wp-content\/uploads\/2013\/10\/gec-400x158.jpg 400w, https:\/\/portal.sma.gob.cl\/wp-content\/uploads\/2013\/10\/gec-600x237.jpg 600w, https:\/\/portal.sma.gob.cl\/wp-content\/uploads\/2013\/10\/gec.jpg 760w\" sizes=\"(max-width: 760px) 100vw, 760px\" \/><\/strong><\/p>\n<p style=\"text-align: justify;\"><strong>La Superintendencia del Medio Ambiente (SMA) elabor\u00f3 un reporte que consolida todas las actividades asociadas al Primer Programa Integrado de Fiscalizaci\u00f3n de la Gesti\u00f3n de Episodios Cr\u00edticos (GEC) del Plan de Prevenci\u00f3n y Descontaminaci\u00f3n de la Regi\u00f3n Metropolitana.<\/strong><\/p>\n<p>  <!--more-->  <\/p>\n<p style=\"text-align: justify;\"><strong style=\"line-height: 1.3em;\">Santiago, 4 de noviembre de 2013.<\/strong> La Divisi\u00f3n de Fiscalizaci\u00f3n de la Superintendencia del Medio Ambiente (SMA) public\u00f3 hoy el Informe Consolidado del Primer Programa Integrado de Fiscalizaci\u00f3n de la Gesti\u00f3n de Episodios Cr\u00edticos (GEC) del Plan de Prevenci\u00f3n y Descontaminaci\u00f3n de la Regi\u00f3n Metropolitana.<\/p>\n<p>La publicaci\u00f3n de dicho Programa es uno de los cambios en la estrategia, coordinaci\u00f3n y seguimiento de las medidas de fiscalizaci\u00f3n del PPDA, uno de los instrumentos de gesti\u00f3n que la SMA debe fiscalizar a partir de 2013.<\/p>\n<p>Con la reforma a la Institucionalidad Ambiental, por primera vez se dispone de un documento que da visibilidad a los focos y prioridades de fiscalizaci\u00f3n, as\u00ed como a los recursos destinados a la Gesti\u00f3n de Episodios Cr\u00edticos (GEC) en la Regi\u00f3n Metropolitana, periodo que comienza el 01 de abril y termina el 31 de agosto de cada a\u00f1o.<\/p>\n<p>En t\u00e9rminos globales, las actividades del Programa fueron ejecutadas y reportadas por los organismos sectoriales encargados, y que corresponden a la Secretar\u00eda Regional Ministerial de Salud Regi\u00f3n Metropolitana (Seremi de Salud RM), la Corporaci\u00f3n Nacional Forestal Direcci\u00f3n Regi\u00f3n Metropolitana (CONAF RM) y la Seremi de Transportes RM. <\/p>\n<p>Para el periodo comprendido entre el 01de abril y el 31 de agosto, estos organismos sectoriales ejecutaron un total de 144.720 actividades de fiscalizaci\u00f3n.<\/p>\n<p>La Seremi de Transportes report\u00f3 un total de 95.674 infracciones mediante el Plan de Gesti\u00f3n de Tr\u00e1nsito, para lo cual utiliz\u00f3 su sistema de detecci\u00f3n por c\u00e1maras, en conjunto con fiscalizaciones de funcionarios en terreno. En cuanto a restricci\u00f3n vehicular se cursaron 8 infracciones, siendo 6 de ellas en episodios de alerta ambiental. Por incumplimiento al DS N\u00b018 asociado a transporte de carga en anillo interior de Am\u00e9rico Vespucio se realizaron controles, detectando 2.884 infracciones.<\/p>\n<p>La Seremi de Salud tiene medidas que se inician ante un episodio cr\u00edtico de calidad del aire en nivel de Premergencia y Emergencia. Durante el per\u00edodo GEC 2013 no se pronosticaron ninguno de estos episodios, por lo cual no correspond\u00eda la medida de paralizaci\u00f3n de fuentes fijas, una de las medidas que fiscaliza este organismo. Sin embargo, con ocasi\u00f3n de los episodios de alerta ambiental pronosticados, se inspeccionaron un total de 283 establecimientos industriales\/comerciales. En cuanto a domicilios particulares se reportaron 45.989 inspecciones, de las cuales 46 fueron resultaron en sanciones por no cumplir la medida de prohibici\u00f3n de uso de calefactores a le\u00f1a u otro dendroenerg\u00e9tico durante d\u00edas de episodio cr\u00edtico.<\/p>\n<p>En tanto, CONAF realiz\u00f3 165 fiscalizaciones ambientales por quemas agr\u00edcolas en la regi\u00f3n, equivalentes en extensi\u00f3n a un total de 24,03 hect\u00e1reas de superficie quemada. Dichas quemas se localizaron principalmente en las provincias de Maipo y Melipilla. Al respecto, el Servicio Agr\u00edcola y Ganadero ha gestionado 112 procedimientos sancionatorios.<\/p>\n<p>Adicionalmente, se considera en el presente informe los antecedentes de otra medida, que si bien no est\u00e1 contenida en el programa de fiscalizaci\u00f3n de la GEC, forma parte de la estrategia para el control de la contaminaci\u00f3n definida en el PPDA, y cuya coordinaci\u00f3n est\u00e1 a cargo de la Superintendencia de Electricidad y Combustible (SEC). Al respecto, la medida considera la fiscalizaci\u00f3n de calidad de los combustibles l\u00edquidos que se distribuyan o expendan en la Regi\u00f3n Metropolitana.&nbsp;<\/p>\n<p style=\"text-align: justify;\">En el periodo de gesti\u00f3n de episodios cr\u00edticos la SEC efectu\u00f3 154 inspecciones a instalaciones de venta y distribuci\u00f3n de combustibles l\u00edquidos, analizando un total de 647 estanques, que pueden ser de estaciones de servicio y\/o consumo propio. Del resultado de las inspecciones, se han iniciado 12 procesos sancionatorios.<\/p>\n<h2 style=\"text-align: justify;\">M\u00c1S INFORMACI\u00d3N EN&nbsp;<a class=\"doclink\" href=\"index.php?option=com_docman&amp;task=doc_download&amp;gid=176&amp;Itemid=280\"><img decoding=\"async\" class=\" size-full wp-image-15480\" src=\"https:\/\/portal.sma.gob.cl\/wp-content\/uploads\/2012\/07\/pdf.png\" alt=\"icon\" border=\"0\" width=\"16\" height=\"16\" \/>&nbsp;Informe consolidado GEC 2013<\/a><\/h2>\n","protected":false},"excerpt":{"rendered":"<p>La Superintendencia del Medio Ambiente (SMA) elabor\u00f3 un reporte que consolida todas las actividades asociadas al Primer Programa Integrado de Fiscalizaci\u00f3n de la Gesti\u00f3n de Episodios Cr\u00edticos (GEC) del Plan de Prevenci\u00f3n y Descontaminaci\u00f3n de la Regi\u00f3n Metropolitana.<\/p>\n","protected":false},"author":3,"featured_media":15760,"comment_status":"open","ping_status":"open","sticky":false,"template":"","format":"standard","meta":{"footnotes":""},"categories":[94],"tags":[],"class_list":["post-15761","post","type-post","status-publish","format-standard","has-post-thumbnail","hentry","category-notas-noticias"],"_links":{"self":[{"href":"https:\/\/portal.sma.gob.cl\/index.php\/wp-json\/wp\/v2\/posts\/15761","targetHints":{"allow":["GET"]}}],"collection":[{"href":"https:\/\/portal.sma.gob.cl\/index.php\/wp-json\/wp\/v2\/posts"}],"about":[{"href":"https:\/\/portal.sma.gob.cl\/index.php\/wp-json\/wp\/v2\/types\/post"}],"author":[{"embeddable":true,"href":"https:\/\/portal.sma.gob.cl\/index.php\/wp-json\/wp\/v2\/users\/3"}],"replies":[{"embeddable":true,"href":"https:\/\/portal.sma.gob.cl\/index.php\/wp-json\/wp\/v2\/comments?post=15761"}],"version-history":[{"count":0,"href":"https:\/\/portal.sma.gob.cl\/index.php\/wp-json\/wp\/v2\/posts\/15761\/revisions"}],"wp:featuredmedia":[{"embeddable":true,"href":"https:\/\/portal.sma.gob.cl\/index.php\/wp-json\/wp\/v2\/media\/15760"}],"wp:attachment":[{"href":"https:\/\/portal.sma.gob.cl\/index.php\/wp-json\/wp\/v2\/media?parent=15761"}],"wp:term":[{"taxonomy":"category","embeddable":true,"href":"https:\/\/portal.sma.gob.cl\/index.php\/wp-json\/wp\/v2\/categories?post=15761"},{"taxonomy":"post_tag","embeddable":true,"href":"https:\/\/portal.sma.gob.cl\/index.php\/wp-json\/wp\/v2\/tags?post=15761"}],"curies":[{"name":"wp","href":"https:\/\/api.w.org\/{rel}","templated":true}]}}