{"id":15768,"date":"2013-11-07T18:56:29","date_gmt":"2013-11-07T18:56:29","guid":{"rendered":"https:\/\/portal.sma.gob.cl\/index.php\/2013\/11\/07\/finaliza-primera-reunion-de-red-sudamericana-de-fiscalizacion-y-cumplimiento-ambiental\/"},"modified":"2013-11-07T18:56:29","modified_gmt":"2013-11-07T18:56:29","slug":"finaliza-primera-reunion-de-red-sudamericana-de-fiscalizacion-y-cumplimiento-ambiental","status":"publish","type":"post","link":"https:\/\/portal.sma.gob.cl\/index.php\/finaliza-primera-reunion-de-red-sudamericana-de-fiscalizacion-y-cumplimiento-ambiental\/","title":{"rendered":"Finaliza primera reuni\u00f3n de Red Sudamericana de Fiscalizaci\u00f3n y Cumplimiento Ambiental"},"content":{"rendered":"<p style=\"text-align: justify;\"><strong><img decoding=\"async\" class=\"size-auto size-full wp-image-15767\" src=\"https:\/\/portal.sma.gob.cl\/wp-content\/uploads\/2013\/11\/7-11x760.jpg\" alt=\"7-11x760\" width=\"760\" height=\"300\" srcset=\"https:\/\/portal.sma.gob.cl\/wp-content\/uploads\/2013\/11\/7-11x760-200x79.jpg 200w, https:\/\/portal.sma.gob.cl\/wp-content\/uploads\/2013\/11\/7-11x760-300x118.jpg 300w, https:\/\/portal.sma.gob.cl\/wp-content\/uploads\/2013\/11\/7-11x760-400x158.jpg 400w, https:\/\/portal.sma.gob.cl\/wp-content\/uploads\/2013\/11\/7-11x760-600x237.jpg 600w, https:\/\/portal.sma.gob.cl\/wp-content\/uploads\/2013\/11\/7-11x760.jpg 760w\" sizes=\"(max-width: 760px) 100vw, 760px\" \/><\/strong><\/p>\n<p style=\"text-align: justify;\"><strong>El encuentro, llevado a cabo entre el 5 y 6 de noviembre en las dependencias de la Cepal en Santiago, concluy\u00f3 con la firma del documento que da nacimiento a dicha Red. <\/strong><\/p>\n<p>  <!--more-->  <\/p>\n<p style=\"text-align: justify;\"><strong style=\"line-height: 1.3em;\">Santiago, 6 de noviembre de 2013.<\/strong> A las seis de la tarde concluy\u00f3 la segunda jornada de trabajo de la primera reuni\u00f3n de creaci\u00f3n de la Red Sudamericana de Fiscalizaci\u00f3n y Cumplimiento Ambiental, liderada por la Superintendencia del Medio Ambiente (SMA), en conjunto con la Agencia Ambiental de Estados Unidos (EPA).<\/p>\n<p>La reuni\u00f3n cont\u00f3 con la participaci\u00f3n de Autoridad Nacional de Licencias Ambientales de Colombia (ANLA), el Ministerio del Ambiente de Ecuador y el Organismo de Evaluaci\u00f3n y Fiscalizaci\u00f3n Ambiental de Per\u00fa (OEFA), La Superintendencia del Medio Ambiente de Chile (SMA). Asimismo, el evento cont\u00f3 con la colaboraci\u00f3n y participaci\u00f3n de INECE (Red Internacional de Fiscalizaci\u00f3n y Cumplimiento Ambiental), USEPA (Agencia de Protecci\u00f3n Ambiental de los Estados Unidos), la OEA (Organizaci\u00f3n de Estados Americanos), la Oficina Regional del Medio Ambiente de la Embajada de Estados Unidos en Lima, Per\u00fa, las Embajadas de Canad\u00e1 y Estados Unidos en Santiago de Chile, la Red Latinoamericana de Ministerio Publico Ambiental, el Ministerio de Relaciones Exteriores de Chile y la CEPAL. <\/p>\n<p>Con la creaci\u00f3n de la Red se busca aumentar la cooperaci\u00f3n en materias de fiscalizaci\u00f3n y cumplimiento ambiental, tales como mejores pr\u00e1cticas en fiscalizaci\u00f3n, proyecto de capacitaci\u00f3n y entrenamiento conjunto, incentivos para el cumplimiento ambiental y mecanismos para fiscalizar proyectos transfronterizos, entre otros. Para lograr lo anterior se constituyeron mesas de trabajo con representantes de las diferentes instituciones fiscalizadoras ambientales de Per\u00fa, Colombia, Ecuador y Chile. <\/p>\n<p>Entre las principales conclusiones de la jornada, est\u00e1n que la Secretar\u00eda pro tempore quedar\u00e1 en la Superintendencia del Medio Ambiente de Chile que la pr\u00f3xima reuni\u00f3n se realizar\u00e1 en Per\u00fa al final del a\u00f1o 2014 y la subsiguiente en Colombia.<\/p>\n<h3 style=\"text-align: justify;\">M\u00e1s informaci\u00f3n en:&nbsp;<\/h3>\n<p style=\"text-align: justify;\">Espa\u00f1ol:&nbsp;<\/p>\n<p><a href=\"http:\/\/inece.org\/2013\/11\/06\/red-sudamericana-inicio\/\">http:\/\/inece.org\/2013\/11\/06\/red-sudamericana-inicio\/<\/a><\/p>\n<p>Ingl\u00e9s<\/p>\n<p><a href=\"http:\/\/inece.org\/regions\/americas\/south-america\/\">http:\/\/inece.org\/regions\/americas\/south-america\/<\/a>&nbsp;<\/p>\n","protected":false},"excerpt":{"rendered":"<p>El encuentro, llevado a cabo entre el 5 y 6 de noviembre en las dependencias de la Cepal en Santiago, concluy\u00f3 con la firma del documento que da nacimiento a dicha Red.<\/p>\n","protected":false},"author":3,"featured_media":15767,"comment_status":"open","ping_status":"open","sticky":false,"template":"","format":"standard","meta":{"footnotes":""},"categories":[90],"tags":[],"class_list":["post-15768","post","type-post","status-publish","format-standard","has-post-thumbnail","hentry","category-comunicados-noticias"],"_links":{"self":[{"href":"https:\/\/portal.sma.gob.cl\/index.php\/wp-json\/wp\/v2\/posts\/15768","targetHints":{"allow":["GET"]}}],"collection":[{"href":"https:\/\/portal.sma.gob.cl\/index.php\/wp-json\/wp\/v2\/posts"}],"about":[{"href":"https:\/\/portal.sma.gob.cl\/index.php\/wp-json\/wp\/v2\/types\/post"}],"author":[{"embeddable":true,"href":"https:\/\/portal.sma.gob.cl\/index.php\/wp-json\/wp\/v2\/users\/3"}],"replies":[{"embeddable":true,"href":"https:\/\/portal.sma.gob.cl\/index.php\/wp-json\/wp\/v2\/comments?post=15768"}],"version-history":[{"count":0,"href":"https:\/\/portal.sma.gob.cl\/index.php\/wp-json\/wp\/v2\/posts\/15768\/revisions"}],"wp:featuredmedia":[{"embeddable":true,"href":"https:\/\/portal.sma.gob.cl\/index.php\/wp-json\/wp\/v2\/media\/15767"}],"wp:attachment":[{"href":"https:\/\/portal.sma.gob.cl\/index.php\/wp-json\/wp\/v2\/media?parent=15768"}],"wp:term":[{"taxonomy":"category","embeddable":true,"href":"https:\/\/portal.sma.gob.cl\/index.php\/wp-json\/wp\/v2\/categories?post=15768"},{"taxonomy":"post_tag","embeddable":true,"href":"https:\/\/portal.sma.gob.cl\/index.php\/wp-json\/wp\/v2\/tags?post=15768"}],"curies":[{"name":"wp","href":"https:\/\/api.w.org\/{rel}","templated":true}]}}