{"id":15774,"date":"2013-11-11T20:39:14","date_gmt":"2013-11-11T20:39:14","guid":{"rendered":"https:\/\/portal.sma.gob.cl\/index.php\/2013\/11\/11\/sma-expone-en-expocorma-2013\/"},"modified":"2013-11-11T20:39:14","modified_gmt":"2013-11-11T20:39:14","slug":"sma-expone-en-expocorma-2013","status":"publish","type":"post","link":"https:\/\/portal.sma.gob.cl\/index.php\/sma-expone-en-expocorma-2013\/","title":{"rendered":"SMA expone en EXPOCORMA 2013"},"content":{"rendered":"<p style=\"text-align: justify;\"><strong><img decoding=\"async\" class=\"size-auto size-full wp-image-15773\" src=\"https:\/\/portal.sma.gob.cl\/wp-content\/uploads\/2013\/11\/12-11x760.jpg\" alt=\"12-11x760\" width=\"760\" height=\"300\" srcset=\"https:\/\/portal.sma.gob.cl\/wp-content\/uploads\/2013\/11\/12-11x760-200x79.jpg 200w, https:\/\/portal.sma.gob.cl\/wp-content\/uploads\/2013\/11\/12-11x760-300x118.jpg 300w, https:\/\/portal.sma.gob.cl\/wp-content\/uploads\/2013\/11\/12-11x760-400x158.jpg 400w, https:\/\/portal.sma.gob.cl\/wp-content\/uploads\/2013\/11\/12-11x760-600x237.jpg 600w, https:\/\/portal.sma.gob.cl\/wp-content\/uploads\/2013\/11\/12-11x760.jpg 760w\" sizes=\"(max-width: 760px) 100vw, 760px\" \/><\/strong><\/p>\n<p style=\"text-align: justify;\"><strong>En la instancia el jefe de la Macro Zona Sur explic\u00f3 las principales normativas ambientales de la Superintendencia. <\/strong><\/p>\n<p>  <!--more-->  <\/p>\n<p style=\"text-align: justify;\"><strong style=\"line-height: 1.3em;\">Valdivia, 07 de noviembre de 2013.<\/strong> El Jefe de la Macro Zona Sur de la Superintendencia del Medio Ambiente, Eduardo Rodr\u00edguez, expuso sobre &#8220;El Rol de la Superintendencia en los conflictos ambientales y su funcionamiento&#8221;, en el marco de EXPOCORMA 2013, feria forestal que se realiz\u00f3 en la Regi\u00f3n del Biob\u00edo.&nbsp;<\/p>\n<p>El objetivo principal de la D\u00e9cima Versi\u00f3n del Simposio de Celulosa y Papel, que la Corporaci\u00f3n Chilena de la Madera, CORMA, realiz\u00f3 el jueves 7 de noviembre, es entregar una visi\u00f3n sobre la perspectiva nacional e internacional del mercado de la celulosa y sus componentes ambientales, ya que se esperan nuevas inversiones y ampliaciones de plantas, tanto en Chile como en el extranjero, que cambiar\u00e1n los vol\u00famenes disponibles.<\/p>\n<p>El Presidente del departamento de Celulosa y Papel de CORMA, Edison Dur\u00e1n, se\u00f1al\u00f3 que \u201cfueron 6 los expositores que dieron a conocer temas sobre la relaci\u00f3n del rubro con el entorno, las nuevas tecnolog\u00edas, las \u00faltimas tendencias y la visi\u00f3n global de este mercado\u201d.<\/p>\n<p>Del mismo modo, indic\u00f3 que la actividad cont\u00f3 con la presencia y participaci\u00f3n de distintas personalidades del mundo acad\u00e9mico y ambiental. <br \/>El simposio estuvo dirigido a l\u00edderes de medio ambiente y seguridad, gerentes, ejecutivos y profesionales de la industria de celulosa y papel, empresarios de servicios de mantenci\u00f3n industrial, proveedores y fabricantes de equipos e insumos, as\u00ed como acad\u00e9micos e investigadores.<\/p>\n","protected":false},"excerpt":{"rendered":"<p>En la instancia el jefe de la Macro Zona Sur explic\u00f3 las principales normativas ambientales de la Superintendencia.<\/p>\n","protected":false},"author":3,"featured_media":15773,"comment_status":"open","ping_status":"open","sticky":false,"template":"","format":"standard","meta":{"footnotes":""},"categories":[94],"tags":[],"class_list":["post-15774","post","type-post","status-publish","format-standard","has-post-thumbnail","hentry","category-notas-noticias"],"_links":{"self":[{"href":"https:\/\/portal.sma.gob.cl\/index.php\/wp-json\/wp\/v2\/posts\/15774","targetHints":{"allow":["GET"]}}],"collection":[{"href":"https:\/\/portal.sma.gob.cl\/index.php\/wp-json\/wp\/v2\/posts"}],"about":[{"href":"https:\/\/portal.sma.gob.cl\/index.php\/wp-json\/wp\/v2\/types\/post"}],"author":[{"embeddable":true,"href":"https:\/\/portal.sma.gob.cl\/index.php\/wp-json\/wp\/v2\/users\/3"}],"replies":[{"embeddable":true,"href":"https:\/\/portal.sma.gob.cl\/index.php\/wp-json\/wp\/v2\/comments?post=15774"}],"version-history":[{"count":0,"href":"https:\/\/portal.sma.gob.cl\/index.php\/wp-json\/wp\/v2\/posts\/15774\/revisions"}],"wp:featuredmedia":[{"embeddable":true,"href":"https:\/\/portal.sma.gob.cl\/index.php\/wp-json\/wp\/v2\/media\/15773"}],"wp:attachment":[{"href":"https:\/\/portal.sma.gob.cl\/index.php\/wp-json\/wp\/v2\/media?parent=15774"}],"wp:term":[{"taxonomy":"category","embeddable":true,"href":"https:\/\/portal.sma.gob.cl\/index.php\/wp-json\/wp\/v2\/categories?post=15774"},{"taxonomy":"post_tag","embeddable":true,"href":"https:\/\/portal.sma.gob.cl\/index.php\/wp-json\/wp\/v2\/tags?post=15774"}],"curies":[{"name":"wp","href":"https:\/\/api.w.org\/{rel}","templated":true}]}}