{"id":15776,"date":"2013-11-13T14:13:29","date_gmt":"2013-11-13T14:13:29","guid":{"rendered":"https:\/\/portal.sma.gob.cl\/index.php\/2013\/11\/13\/sma-se-reune-en-paris-con-la-agencia-espacial-europea\/"},"modified":"2013-11-13T14:13:29","modified_gmt":"2013-11-13T14:13:29","slug":"sma-se-reune-en-paris-con-la-agencia-espacial-europea","status":"publish","type":"post","link":"https:\/\/portal.sma.gob.cl\/index.php\/sma-se-reune-en-paris-con-la-agencia-espacial-europea\/","title":{"rendered":"SMA se re\u00fane en Par\u00eds con la Agencia Espacial Europea"},"content":{"rendered":"<p style=\"text-align: justify;\"><strong><img decoding=\"async\" class=\"size-auto size-full wp-image-15775\" src=\"https:\/\/portal.sma.gob.cl\/wp-content\/uploads\/2013\/11\/13-11x760.jpg\" alt=\"13-11x760\" width=\"760\" height=\"300\" srcset=\"https:\/\/portal.sma.gob.cl\/wp-content\/uploads\/2013\/11\/13-11x760-200x79.jpg 200w, https:\/\/portal.sma.gob.cl\/wp-content\/uploads\/2013\/11\/13-11x760-300x118.jpg 300w, https:\/\/portal.sma.gob.cl\/wp-content\/uploads\/2013\/11\/13-11x760-400x158.jpg 400w, https:\/\/portal.sma.gob.cl\/wp-content\/uploads\/2013\/11\/13-11x760-600x237.jpg 600w, https:\/\/portal.sma.gob.cl\/wp-content\/uploads\/2013\/11\/13-11x760.jpg 760w\" sizes=\"(max-width: 760px) 100vw, 760px\" \/><\/strong><\/p>\n<p style=\"text-align: justify;\"><strong>El Superintendente del Medio Ambiente Juan Carlos Monckeberg junto a una delegaci\u00f3n de funcionarios de la Superintendencia se reunieron con altos directivos de la Agencia Espacial Europea (ESA) para avanzar en mecanismos de cooperaci\u00f3n en el \u00e1mbito de la fiscalizaci\u00f3n y sanci\u00f3n ambiental. <\/strong><\/p>\n<p>  <!--more-->  <\/p>\n<p style=\"text-align: justify;\"><strong>Par\u00eds, 12 de noviembre<\/strong>. El Superintendente del Medio Ambiente Juan Carlos Monckeberg, acompa\u00f1ado por una delegaci\u00f3n compuesta por el Jefe de la Divisi\u00f3n de Fiscalizaci\u00f3n Kay Bergamini, el Jefe de la Unidad de Sanciones, Crist\u00f3bal Osorio y el Encargado de Biodiversidad de la Divisi\u00f3n de Fiscalizaci\u00f3n, Cristi\u00e1n P\u00e9rez, con el apoyo de la Embajada de Chile en Francia, se reunieron con directivos de la Agencia Espacial Europea (ESA) en sus oficinas centrales en Par\u00eds para avanzar en mecanismos de cooperaci\u00f3n en el \u00e1mbito de la fiscalizaci\u00f3n y sanci\u00f3n ambiental, de forma de potenciar las pr\u00e1cticas de inspecci\u00f3n ambiental remota mediante el uso de tecnolog\u00eda espacial y GPS.<\/p>\n<p style=\"text-align: justify;\">Juan Carlos Monckeberg present\u00f3 las diferentes \u00e1reas de trabajo de la Superintendencia, con un fuerte \u00e9nfasis en los casos concretos en que la tecnolog\u00eda satelital ha sido aplicada en la inspecci\u00f3n ambiental de proyectos mineros, el\u00e9ctricos, acu\u00edcolas y de extracci\u00f3n de \u00e1ridos, entre otros. Adicionalmente, explic\u00f3 el Programa de Monitoreo Satelital que est\u00e1 desarrollando actualmente la SMA con el objetivo de maximizar sus recursos para la fiscalizaci\u00f3n de proyectos ubicados en zonas de dif\u00edcil acceso o de alto valor ambiental, como asimismo, obtener medios de prueba fiables de infracciones ambientales.<\/p>\n<p style=\"text-align: justify;\">En este sentido, el Superintendente del Medio Ambiente se\u00f1al\u00f3: \u201cLa SMA se ha puesto como meta utilizar las mejores tecnolog\u00edas disponibles, y para esto la instituci\u00f3n est\u00e1 generando redes y alianzas estrat\u00e9gicas con las instituciones y organismos l\u00edderes a nivel mundial&#8221;.<\/p>\n<p style=\"text-align: justify;\">Cabe destacar que la ESA es una organizaci\u00f3n compuesta por m\u00e1s de 20 pa\u00edses y el a\u00f1o 2014 cumple 50 a\u00f1os de experiencia en tem\u00e1ticas espaciales. En la actualidad opera m\u00e1s de 70 sat\u00e9lites, cuyos programas de observaci\u00f3n de la tierra y de navegaci\u00f3n lo hacen ser uno de los principales proveedores de informaci\u00f3n de la SMA.<\/p>\n","protected":false},"excerpt":{"rendered":"<p>El Superintendente del Medio Ambiente Juan Carlos Monckeberg junto a una delegaci\u00f3n de funcionarios de la Superintendencia se reunieron con altos directivos de la Agencia Espacial Europea (ESA) para avanzar en mecanismos de cooperaci\u00f3n en el \u00e1mbito de la fiscalizaci\u00f3n y sanci\u00f3n ambiental.<\/p>\n","protected":false},"author":3,"featured_media":15775,"comment_status":"open","ping_status":"open","sticky":false,"template":"","format":"standard","meta":{"footnotes":""},"categories":[90],"tags":[],"class_list":["post-15776","post","type-post","status-publish","format-standard","has-post-thumbnail","hentry","category-comunicados-noticias"],"_links":{"self":[{"href":"https:\/\/portal.sma.gob.cl\/index.php\/wp-json\/wp\/v2\/posts\/15776","targetHints":{"allow":["GET"]}}],"collection":[{"href":"https:\/\/portal.sma.gob.cl\/index.php\/wp-json\/wp\/v2\/posts"}],"about":[{"href":"https:\/\/portal.sma.gob.cl\/index.php\/wp-json\/wp\/v2\/types\/post"}],"author":[{"embeddable":true,"href":"https:\/\/portal.sma.gob.cl\/index.php\/wp-json\/wp\/v2\/users\/3"}],"replies":[{"embeddable":true,"href":"https:\/\/portal.sma.gob.cl\/index.php\/wp-json\/wp\/v2\/comments?post=15776"}],"version-history":[{"count":0,"href":"https:\/\/portal.sma.gob.cl\/index.php\/wp-json\/wp\/v2\/posts\/15776\/revisions"}],"wp:featuredmedia":[{"embeddable":true,"href":"https:\/\/portal.sma.gob.cl\/index.php\/wp-json\/wp\/v2\/media\/15775"}],"wp:attachment":[{"href":"https:\/\/portal.sma.gob.cl\/index.php\/wp-json\/wp\/v2\/media?parent=15776"}],"wp:term":[{"taxonomy":"category","embeddable":true,"href":"https:\/\/portal.sma.gob.cl\/index.php\/wp-json\/wp\/v2\/categories?post=15776"},{"taxonomy":"post_tag","embeddable":true,"href":"https:\/\/portal.sma.gob.cl\/index.php\/wp-json\/wp\/v2\/tags?post=15776"}],"curies":[{"name":"wp","href":"https:\/\/api.w.org\/{rel}","templated":true}]}}