{"id":15778,"date":"2013-11-13T14:23:53","date_gmt":"2013-11-13T14:23:53","guid":{"rendered":"https:\/\/portal.sma.gob.cl\/index.php\/2013\/11\/13\/sma-participa-de-iaia-2014-liderando-dos-sesiones-de-ponencias\/"},"modified":"2013-11-13T14:23:53","modified_gmt":"2013-11-13T14:23:53","slug":"sma-participa-de-iaia-2014-liderando-dos-sesiones-de-ponencias","status":"publish","type":"post","link":"https:\/\/portal.sma.gob.cl\/index.php\/sma-participa-de-iaia-2014-liderando-dos-sesiones-de-ponencias\/","title":{"rendered":"SMA participa de IAIA 2014 liderando dos sesiones de ponencias"},"content":{"rendered":"<p style=\"text-align: justify;\"><strong><img decoding=\"async\" class=\"size-auto size-full wp-image-15777\" src=\"https:\/\/portal.sma.gob.cl\/wp-content\/uploads\/2013\/11\/13.a-11x760.jpg\" alt=\"13.a-11x760\" width=\"760\" height=\"300\" srcset=\"https:\/\/portal.sma.gob.cl\/wp-content\/uploads\/2013\/11\/13.a-11x760-200x79.jpg 200w, https:\/\/portal.sma.gob.cl\/wp-content\/uploads\/2013\/11\/13.a-11x760-300x118.jpg 300w, https:\/\/portal.sma.gob.cl\/wp-content\/uploads\/2013\/11\/13.a-11x760-400x158.jpg 400w, https:\/\/portal.sma.gob.cl\/wp-content\/uploads\/2013\/11\/13.a-11x760-600x237.jpg 600w, https:\/\/portal.sma.gob.cl\/wp-content\/uploads\/2013\/11\/13.a-11x760.jpg 760w\" sizes=\"(max-width: 760px) 100vw, 760px\" \/><\/strong><\/p>\n<p style=\"text-align: justify;\"><strong>La Superintendencia del Medio Ambiente (SMA) dirigir\u00e1 dos sesiones tem\u00e1ticas relativas a ejecuci\u00f3n y cumplimiento ambiental en el evento que se desarrollar\u00e1 entre el 6 y 11 de abril en Vi\u00f1a del Mar.<\/strong><\/p>\n<p>  <!--more-->  <\/p>\n<p style=\"text-align: justify;\"><strong>Santiago, 13 de noviembre de 2013.<\/strong> El <a href=\"http:\/\/www.sea.gob.cl\/noticias\/sea-organiza-importante-conferencia-internacional-de-impacto-ambiental-%E2%80%9Ciaia-2014%E2%80%9D\">Servicio de Evaluaci\u00f3n Ambiental (SEA)<\/a>, como organizador de la pr\u00f3xima Conferencia Anual de la <em><strong>International Association for Impact Assessment<\/strong><\/em> que se realizar\u00e1 entre el 6 y 11 de abril de 2014 en Vi\u00f1a del Mar, ha otorgado a la SMA la posibilidad de liderar dos sesiones tem\u00e1ticas relativas a Ejecuci\u00f3n y Cumplimiento de Regulaci\u00f3n Ambiental.<\/p>\n<p style=\"text-align: justify;\">Las sesiones dirigidas por la SMA corresponden a \u201c<em><strong>Enforcement of environmental regulation and compliance promotion<\/strong><\/em>\u201d orientada al an\u00e1lisis de los diferentes modelos sancionatorios y de promoci\u00f3n del cumplimiento e \u201c<em><strong>Inspection, Monitoring &amp; Follow up:Practices, Procedures &amp; New Technologies<\/strong><\/em>\u201d dirigido a la presentaci\u00f3n de los diferentes sistemas de inspecci\u00f3n y seguimiento ambiental, con \u00e9nfasis en procedimientos y uso de tecnolog\u00edas.<\/p>\n<p>Invitamos a los interesados en estas tem\u00e1ticas ambientales, desde distintos \u00e1mbitos, a postular sus ponencias a las sesiones se\u00f1aladas antes del pr\u00f3ximo 6 de diciembre de 2013. Para mayores detalles, recomendamos visitar el sitio oficial de la conferencia en <a href=\"http:\/\/iaia.org\/conferences\/iaia14\/.\" target=\"_self\">http:\/\/iaia.org\/conferences\/iaia14\/<\/a><\/p>\n<p style=\"text-align: justify;\">Para m\u00e1s informaci\u00f3n, visitar:&nbsp;<a href=\"http:\/\/www.sea.gob.cl\/noticias\/sea-organiza-importante-conferencia-internacional-de-impacto-ambiental-%E2%80%9Ciaia-2014%E2%80%9D\">http:\/\/www.sea.gob.cl\/noticias\/sea-organiza-importante-conferencia-internacional-de-impacto-ambiental-%E2%80%9Ciaia-2014%E2%80%9D#<\/a>&nbsp;<\/p>\n","protected":false},"excerpt":{"rendered":"<p>La Superintendencia del Medio Ambiente (SMA) dirigir\u00e1 dos sesiones tem\u00e1ticas relativas a ejecuci\u00f3n y cumplimiento ambiental en el evento que se desarrollar\u00e1 entre el 6 y 11 de abril en Vi\u00f1a del Mar.<\/p>\n","protected":false},"author":3,"featured_media":15777,"comment_status":"open","ping_status":"open","sticky":false,"template":"","format":"standard","meta":{"footnotes":""},"categories":[94],"tags":[],"class_list":["post-15778","post","type-post","status-publish","format-standard","has-post-thumbnail","hentry","category-notas-noticias"],"_links":{"self":[{"href":"https:\/\/portal.sma.gob.cl\/index.php\/wp-json\/wp\/v2\/posts\/15778","targetHints":{"allow":["GET"]}}],"collection":[{"href":"https:\/\/portal.sma.gob.cl\/index.php\/wp-json\/wp\/v2\/posts"}],"about":[{"href":"https:\/\/portal.sma.gob.cl\/index.php\/wp-json\/wp\/v2\/types\/post"}],"author":[{"embeddable":true,"href":"https:\/\/portal.sma.gob.cl\/index.php\/wp-json\/wp\/v2\/users\/3"}],"replies":[{"embeddable":true,"href":"https:\/\/portal.sma.gob.cl\/index.php\/wp-json\/wp\/v2\/comments?post=15778"}],"version-history":[{"count":0,"href":"https:\/\/portal.sma.gob.cl\/index.php\/wp-json\/wp\/v2\/posts\/15778\/revisions"}],"wp:featuredmedia":[{"embeddable":true,"href":"https:\/\/portal.sma.gob.cl\/index.php\/wp-json\/wp\/v2\/media\/15777"}],"wp:attachment":[{"href":"https:\/\/portal.sma.gob.cl\/index.php\/wp-json\/wp\/v2\/media?parent=15778"}],"wp:term":[{"taxonomy":"category","embeddable":true,"href":"https:\/\/portal.sma.gob.cl\/index.php\/wp-json\/wp\/v2\/categories?post=15778"},{"taxonomy":"post_tag","embeddable":true,"href":"https:\/\/portal.sma.gob.cl\/index.php\/wp-json\/wp\/v2\/tags?post=15778"}],"curies":[{"name":"wp","href":"https:\/\/api.w.org\/{rel}","templated":true}]}}