{"id":15780,"date":"2013-11-14T21:22:32","date_gmt":"2013-11-14T21:22:32","guid":{"rendered":"https:\/\/portal.sma.gob.cl\/index.php\/2013\/11\/14\/sma-participa-en-conferencia-en-belgica\/"},"modified":"2013-11-14T21:22:32","modified_gmt":"2013-11-14T21:22:32","slug":"sma-participa-en-conferencia-en-belgica","status":"publish","type":"post","link":"https:\/\/portal.sma.gob.cl\/index.php\/sma-participa-en-conferencia-en-belgica\/","title":{"rendered":"SMA participa en conferencia en B\u00e9lgica"},"content":{"rendered":"<p><img decoding=\"async\" class=\"size-auto size-full wp-image-15779\" src=\"https:\/\/portal.sma.gob.cl\/wp-content\/uploads\/2013\/11\/18-11x760.jpg\" alt=\"18-11x760\" width=\"760\" height=\"300\" srcset=\"https:\/\/portal.sma.gob.cl\/wp-content\/uploads\/2013\/11\/18-11x760-200x79.jpg 200w, https:\/\/portal.sma.gob.cl\/wp-content\/uploads\/2013\/11\/18-11x760-300x118.jpg 300w, https:\/\/portal.sma.gob.cl\/wp-content\/uploads\/2013\/11\/18-11x760-400x158.jpg 400w, https:\/\/portal.sma.gob.cl\/wp-content\/uploads\/2013\/11\/18-11x760-600x237.jpg 600w, https:\/\/portal.sma.gob.cl\/wp-content\/uploads\/2013\/11\/18-11x760.jpg 760w\" sizes=\"(max-width: 760px) 100vw, 760px\" \/><\/p>\n<p><strong>El Superintendente del Medio Ambiente, Juan Carlos Monckeberg, junto a una delegaci\u00f3n de funcionarios de la Superintendencia asistieron a la conferencia internacional sobre redes de fiscalizaci\u00f3n ambiental, organizada por la International Network for Environmental Compliance and Enforcement (INECE) y por la Flemish High Council of Environmental Enforcement (VHRM).<\/strong><\/p>\n<p>  <!--more-->  <\/p>\n<p style=\"text-align: justify;\"><strong>Bruselas, 14 de noviembre.<\/strong> El Superintendente del Medio Ambiente Juan Carlos Monckeberg, el Jefe de la Divisi\u00f3n de Fiscalizaci\u00f3n Kay Bergamini, el Jefe de la Unidad de Sanciones, Crist\u00f3bal Osorio y el Encargado de Biodiversidad y de Asuntos Internacionales Cristi\u00e1n P\u00e9rez, expusieron sobre los logros y desaf\u00edos de la Instituci\u00f3n, frente a m\u00e1s de 100 representantes de distintas organizaciones de fiscalizaci\u00f3n y cumplimiento ambiental de los 5 continentes.<\/p>\n<p>En la oportunidad la SMA present\u00f3 el paper \u201cEnvironmental Enforcement Networking Efforts in Chile: Lessons Learnt and Challenges Ahead\u201d el cual tuvo una buena acogida por los expertos asistentes. Dentro de los principales temas de inter\u00e9s de los participantes estuvo la gran cantidad de actividades desarrolladas en distintos niveles, ya sea con otros servicios del Estado, la comunidad regulada, la Sociedad Civil y otras organizaciones a nivel internacional.<\/p>\n<p style=\"text-align: justify;\">Junto a lo anterior, se expuso acerca de la recientemente creada Red Sudamericana de Fiscalizaci\u00f3n y Cumplimiento Ambiental, cuyo proceso de conformaci\u00f3n fue liderado por la SMA. Esta red es parte integral de otras redes desarrolladas en el mundo al alero de INECE. Este hecho fue destacado por los organizadores de la conferencia.<\/p>\n<p style=\"text-align: justify;\">La oportunidad sirvi\u00f3 adem\u00e1s para profundizar los lazos, conexiones y generaci\u00f3n de confianzas con otras organizaciones dedicadas a la fiscalizaci\u00f3n y cumplimiento ambiental del mundo. La delegaci\u00f3n de la SMA fue el \u00fanico representante de un pa\u00eds Latinoamericano en la conferencia, que cont\u00f3 con expertos ambientales y representantes gubernamentales de Estados Unidos, China, B\u00e9lgica, Nigeria, Kenia, entre otros.<\/p>\n<p style=\"text-align: justify;\"><span style=\"line-height: 1.3em;\">Cabe destacar que INECE es una red de trabajo global que desarrolla, promueve e implementa pr\u00e1cticas innovadores para mejorar el cumplimiento ambiental y sus sanciones, y est\u00e1 conformada por m\u00e1s de 4.000 miembros de organizaciones internacionales, agencias nacionales y organizaciones no gubernamentales. Los principales objetivos de INECE son desarrollar redes de cooperaci\u00f3n para el cumplimiento ambiental y mejorar la capacidad de los pa\u00edses de implementar medidas que busquen el cumplimiento de la normativa ambiental.&nbsp;<\/span><\/p>\n<p style=\"text-align: justify;\">Para obtener m\u00e1s informaci\u00f3n sobre la conferencia visitar:<br \/><a href=\"http:\/\/inece.org\/2013\/11\/13\/networks_conference_aelert\/\">http:\/\/inece.org\/2013\/11\/13\/networks_conference_aelert\/<\/a><\/p>\n","protected":false},"excerpt":{"rendered":"<p>El Superintendente del Medio Ambiente, Juan Carlos Monckeberg, junto a una delegaci\u00f3n de funcionarios de la Superintendencia asistieron a la conferencia internacional sobre redes de fiscalizaci\u00f3n ambiental, organizada por la International Network for Environmental Compliance and Enforcement (INECE) y por la Flemish High Council of Environmental Enforcement (VHRM).<\/p>\n","protected":false},"author":3,"featured_media":15779,"comment_status":"open","ping_status":"open","sticky":false,"template":"","format":"standard","meta":{"footnotes":""},"categories":[94],"tags":[],"class_list":["post-15780","post","type-post","status-publish","format-standard","has-post-thumbnail","hentry","category-notas-noticias"],"_links":{"self":[{"href":"https:\/\/portal.sma.gob.cl\/index.php\/wp-json\/wp\/v2\/posts\/15780","targetHints":{"allow":["GET"]}}],"collection":[{"href":"https:\/\/portal.sma.gob.cl\/index.php\/wp-json\/wp\/v2\/posts"}],"about":[{"href":"https:\/\/portal.sma.gob.cl\/index.php\/wp-json\/wp\/v2\/types\/post"}],"author":[{"embeddable":true,"href":"https:\/\/portal.sma.gob.cl\/index.php\/wp-json\/wp\/v2\/users\/3"}],"replies":[{"embeddable":true,"href":"https:\/\/portal.sma.gob.cl\/index.php\/wp-json\/wp\/v2\/comments?post=15780"}],"version-history":[{"count":0,"href":"https:\/\/portal.sma.gob.cl\/index.php\/wp-json\/wp\/v2\/posts\/15780\/revisions"}],"wp:featuredmedia":[{"embeddable":true,"href":"https:\/\/portal.sma.gob.cl\/index.php\/wp-json\/wp\/v2\/media\/15779"}],"wp:attachment":[{"href":"https:\/\/portal.sma.gob.cl\/index.php\/wp-json\/wp\/v2\/media?parent=15780"}],"wp:term":[{"taxonomy":"category","embeddable":true,"href":"https:\/\/portal.sma.gob.cl\/index.php\/wp-json\/wp\/v2\/categories?post=15780"},{"taxonomy":"post_tag","embeddable":true,"href":"https:\/\/portal.sma.gob.cl\/index.php\/wp-json\/wp\/v2\/tags?post=15780"}],"curies":[{"name":"wp","href":"https:\/\/api.w.org\/{rel}","templated":true}]}}